{"id":185421,"date":"2019-07-23T12:16:49","date_gmt":"2019-07-23T09:16:49","guid":{"rendered":"http:\/\/www.tvturk.com\/index.php\/medya-sektorundeki-sorunlarin-cozumu-icin-erzurumdan-cagri\/"},"modified":"2019-07-23T12:16:49","modified_gmt":"2019-07-23T09:16:49","slug":"medya-sektorundeki-sorunlarin-cozumu-icin-erzurumdan-cagri","status":"publish","type":"post","link":"http:\/\/www.tvturk.com\/index.php\/medya-sektorundeki-sorunlarin-cozumu-icin-erzurumdan-cagri\/","title":{"rendered":"Medya sekt\u00f6r\u00fcndeki sorunlar\u0131n \u00e7\u00f6z\u00fcm\u00fc i\u00e7in Erzurum\u2019dan \u00e7a\u011fr\u0131"},"content":{"rendered":"<p>T\u00fcrkiye Gazeteciler Konfederasyonu Y\u00f6netim Kurulu, T\u00fcrkiye\u2019nin par\u00e7alanmas\u0131na ve i\u015fgaline kar\u015f\u0131 direnmenin ilk a\u015famalar\u0131ndan birisi olan Erzurum Kongresi\u2019nin 100. Y\u0131ld\u00f6n\u00fcm\u00fc olan 23 Temmuz Sal\u0131 g\u00fcn\u00fc, Genel Ba\u015fkan Nuri Kolayl\u0131 ba\u015fkanl\u0131\u011f\u0131nda Erzurum\u2019da topland\u0131.<\/p>\n<p>Erzurum Kongresi\u2019nin 100. y\u0131ld\u00f6n\u00fcm\u00fcn\u00fcn yan\u0131 s\u0131ra, gazetecilerin 24 Temmuz 1908 tarihinde ger\u00e7ekle\u015ftirdi\u011fi onurlu direni\u015f sonucu sans\u00fcr\u00fcn kald\u0131r\u0131l\u0131\u015f\u0131n\u0131n da y\u0131ld\u00f6n\u00fcm\u00fcne rastlayan TGK Y\u00f6netim Kurulu toplant\u0131s\u0131nda, bas\u0131n\u0131n demokrasi ile fikir ve d\u00fc\u015f\u00fcnce \u00f6zg\u00fcrl\u00fc\u011f\u00fcne olan katk\u0131s\u0131na dikkat \u00e7ekildi.<\/p>\n<p>TGK Y\u00f6netim Kurulu toplant\u0131s\u0131n\u0131n ard\u0131ndan a\u00e7\u0131klama yapan TGK Genel Ba\u015fkan\u0131 Nuri Kolayl\u0131, Anadolu\u2019da milli m\u00fccadele birli\u011finin kurulmas\u0131n\u0131n Amasya Genelgesi\u2019nde sonraki ikinci ad\u0131m\u0131n\u0131n, 100 y\u0131l \u00f6nce, 23 Temmuz 1919\u2019da Erzurum Kongresi ile at\u0131ld\u0131\u011f\u0131n\u0131 vurgulad\u0131.<\/p>\n<p>Manda ve himayenin reddedilerek ilk kez ulusal ba\u011f\u0131ms\u0131zl\u0131\u011f\u0131n ko\u015fulsuz olarak ger\u00e7ekle\u015ftirilmesine Erzurum Kongresi\u2019nde karar verildi\u011fini hat\u0131rlatan TGK Genel Ba\u015fkan\u0131 Kolayl\u0131, \u201cBu tarihi g\u00fcnde Erzurum\u2019da olmaktan, T\u00fcrkiye genelindeki yakla\u015f\u0131k 20 bin bas\u0131n \u00e7al\u0131\u015fan\u0131n\u0131n temsilcileri olarak b\u00fcy\u00fck mutluluk ve onur duyuyoruz\u201d dedi.<\/p>\n<p>Erzurum Kongresi\u2019nin, T\u00fcrkiye\u2019nin par\u00e7alanmas\u0131na ve i\u015fgaline kar\u015f\u0131 direnmenin ilk \u00f6rneklerinden oldu\u011funu da dile getiren Kolayl\u0131, \u201cAradan ge\u00e7en 100 y\u0131l\u0131n ard\u0131ndan, ba\u015fta Mustafa Kemal Atat\u00fcrk olmak \u00fczere kongreye kat\u0131lan ve bug\u00fcnlere gelmemizi sa\u011flayan t\u00fcm kat\u0131l\u0131mc\u0131lar\u0131 sayg\u0131, rahmet ve \u00f6zlemle an\u0131yoruz\u201d diye konu\u015ftu.<\/p>\n<p>A\u00e7\u0131klamas\u0131nda, bas\u0131n\u0131n ve bas\u0131n \u00f6zg\u00fcrl\u00fc\u011f\u00fcn\u00fcn \u00f6nemine dikkat \u00e7eken T\u00fcrkiye Gazeteciler Konfederasyonu Genel Ba\u015fkan\u0131 Nuri Kolayl\u0131, bas\u0131n sekt\u00f6r\u00fcnde y\u0131llard\u0131r dile getirilen mesleki d\u00fczenlemelerin zaman ge\u00e7irilmeden ger\u00e7ekle\u015fmesini istedi.<\/p>\n<p>T\u00fcrkiye genelinde 8 gazeteciler federasyonu, 90 gazeteciler cemiyeti ile bas\u0131n derne\u011fi ve bu derneklere \u00fcye yakla\u015f\u0131k 20 bin medya \u00e7al\u0131\u015fan\u0131n\u0131 tek \u00e7at\u0131 alt\u0131nda toplayan T\u00fcrkiye Gazeteciler Konfederasyonu\u2019nun mesleki sorunlar\u0131n \u00e7\u00f6z\u00fcm\u00fc i\u00e7in \u00e7al\u0131\u015ft\u0131\u011f\u0131n\u0131 ifade eden Kolayl\u0131, bas\u0131n\u0131n sorunlar\u0131n\u0131n demokratik hukuk sistemi i\u00e7inde \u00e7\u00f6z\u00fclece\u011fine dikkat \u00e7ekerek, a\u00e7\u0131klamas\u0131nda \u015fu g\u00f6r\u00fc\u015flere yer verdi:<\/p>\n<p>\u201cBilindi\u011fi gibi 24 Temmuz, sans\u00fcre kar\u015f\u0131 1908\u2019deki b\u00fcy\u00fck direni\u015fin y\u0131ld\u00f6n\u00fcm\u00fcd\u00fcr. Mesle\u011fimizin onurunun korundu\u011fu bu tarihi g\u00fcn\u00fcn y\u0131ld\u00f6n\u00fcm\u00fcnde \u00f6ncelikli beklentimiz, bas\u0131n sekt\u00f6r\u00fcnde y\u0131llard\u0131r dile getirdi\u011fimiz mesleki d\u00fczenlemelerin zaman ge\u00e7irilmeden ger\u00e7ekle\u015fmesidir. \u00dclkemizde medya sekt\u00f6r\u00fcne genel olarak bakt\u0131\u011f\u0131m\u0131zda, bas\u0131n \u00f6zg\u00fcrl\u00fc\u011f\u00fcnden \u00e7al\u0131\u015fma ko\u015fullar\u0131na, mesleki standartlardan elektronik habercili\u011fe kadar bir dizi sorun acil \u00e7\u00f6z\u00fcm beklemektedir. T\u00fcrk bas\u0131n\u0131 \u00f6ncelikle, gazetecilik mesle\u011fini ve bu mesle\u011fi kimlerin yapabilece\u011fini d\u00fczenleyen \u2018Gazetecilik Meslek Yasas\u0131\u2019na ihtiya\u00e7 duymaktad\u0131r. \u00c7a\u011fr\u0131m\u0131z; siyaset\u00e7ilerin, b\u00fcrokratlar\u0131n, hukuk\u00e7ular\u0131n ve T\u00fcrkiye Gazeteciler Konfederasyonu ile di\u011fer meslek kurulu\u015flar\u0131n\u0131n temsilcilerinin kat\u0131l\u0131m\u0131yla \u00e7al\u0131\u015fma gruplar\u0131n\u0131n olu\u015fturulmas\u0131, kanun teklifi haz\u0131rlanmas\u0131 ve Gazetecilik Meslek Yasas\u0131\u2019n\u0131n \u00fclkemize kazand\u0131r\u0131lmas\u0131d\u0131r. T\u00fcrk Ceza Kanunu\u2019nda ve baz\u0131 kanun ile y\u00f6netmeliklerde yer alan bas\u0131n \u00f6zg\u00fcrl\u00fc\u011f\u00fcn\u00fc k\u0131s\u0131tlay\u0131c\u0131 maddeler mutlaka g\u00fcn\u00fcm\u00fcz ko\u015fullar\u0131 g\u00f6z \u00f6n\u00fcne al\u0131narak de\u011fi\u015fmelidir. Bas\u0131n\u0131m\u0131za kendini me\u015fru bir \u015fekilde ifade edebilme ve haber yapabilme hakk\u0131n\u0131n evrensel \u00f6l\u00e7\u00fclerde tan\u0131narak ifade ve bas\u0131n \u00f6zg\u00fcrl\u00fc\u011f\u00fcn\u00fcn sorun olmaktan \u00e7\u0131kmas\u0131 i\u00e7in darbe d\u00f6nemlerinden kalan maddelerde d\u00fczenlemelerin yap\u0131lmas\u0131 ka\u00e7\u0131n\u0131lmazd\u0131r. G\u00fcn\u00fcm\u00fczde, teknolojinin h\u0131zla geli\u015fimi ve internet a\u011f\u0131n\u0131n hemen hemen her noktaya ula\u015fmas\u0131 ile birlikte, internet habercili\u011fi de b\u00fcy\u00fck bir geli\u015fim g\u00f6stermi\u015ftir. Sekt\u00f6rde istihdam sa\u011flayan, ger\u00e7ek anlamda habercilik yapan ve kurumsalla\u015fan internet haber siteleri kaynak bulunarak desteklenmelidir. Bu kurumlarda habercilik yapan meslekta\u015flar\u0131m\u0131z da yeni d\u00fczenleme yap\u0131larak gazeteci say\u0131lmal\u0131d\u0131r.\u00d6te yandan, T\u00fcrkiye genelinde yerel, b\u00f6lgesel ve yayg\u0131n yay\u0131n yapan televizyon kanallar\u0131n\u0131n ortak s\u0131k\u0131nt\u0131s\u0131 T\u00fcrksat\u2019a ve RT\u00dcK\u2019e \u00f6denen \u00fccretler gibi di\u011fer yay\u0131n mecralar\u0131nda olmayan \u00fccretlendirmeler nedeniyle girdi maliyetlerinin artmas\u0131d\u0131r. \u00d6zellikle yerel ve b\u00f6lgesel yay\u0131n yapan televizyon kanallar\u0131 b\u00fcy\u00fck bir bor\u00e7 y\u00fck\u00fc alt\u0131nda kalm\u0131\u015ft\u0131r. Bu y\u00fck azalt\u0131lmal\u0131 ve kanallar ekonomik olarak desteklenmelidir. RT\u00dcK Yasas\u0131 da, g\u00fcn\u00fcm\u00fcz ko\u015fullar\u0131na g\u00f6re yeniden ele al\u0131nmal\u0131d\u0131r.T\u00fcrkiye Gazeteciler Konfederasyonu olarak, gazetelerin Bas\u0131n \u0130lan Kurumu gelirlerinde i\u00e7in 1 Temmuz 2019 tarihinde y\u00fcr\u00fcrl\u00fc\u011fe giren \u2019\u2019vergi borcu yoktur\u2019\u2019 yaz\u0131s\u0131n\u0131n yer ald\u0131\u011f\u0131 madde de\u011fi\u015fikli\u011fi ile icra iflas ilanlar\u0131na ili\u015fkin d\u00fczenlemenin tekrar g\u00f6zden ge\u00e7irilmesini ve bu sorunlar\u0131n g\u00fcndemden kalkmas\u0131n\u0131 bekliyoruz. Bas\u0131n Yay\u0131n Enformasyon Genel M\u00fcd\u00fcrl\u00fc\u011f\u00fcn\u00fcn kapat\u0131larak g\u00f6revleri Cumhurba\u015fkanl\u0131\u011f\u0131 b\u00fcnyesinde olu\u015fturulan \u0130leti\u015fim Ba\u015fkanl\u0131\u011f\u0131\u2019na devredilmesiyle bas\u0131n kartlar\u0131 konusunda belirsizlik ya\u015fanmaktad\u0131r. Gazetecilerin erken emeklilik hakk\u0131ndan yararlanabilmeleri i\u00e7in gerekli olan bas\u0131n kart\u0131n\u0131 alabilmeleri, \u0130leti\u015fim Ba\u015fkanl\u0131\u011f\u0131nca yakla\u015f\u0131k bir y\u0131ld\u0131r bas\u0131n kart\u0131 komisyonu toplanmad\u0131\u011f\u0131ndan gecikmektedir. Beklentimiz, Bas\u0131n Kart\u0131 Komisyonundaki belirsizli\u011fin ortadan kald\u0131r\u0131larak derhal toplant\u0131ya \u00e7a\u011fr\u0131lmas\u0131 ve meslekta\u015flar\u0131m\u0131z\u0131n daha fazla ma\u011fdur olmalar\u0131n\u0131n \u00f6n\u00fcne ge\u00e7ilmesidir. Bas\u0131n Kartlar\u0131 Komisyonu\u2019nun yap\u0131s\u0131n\u0131 de\u011fi\u015ftiren yeni y\u00f6netmelik, bas\u0131n kart\u0131 konusunda olumsuz bir ad\u0131md\u0131r. Komisyon, meslek temsilcilerinin yer ald\u0131\u011f\u0131 bir yap\u0131ya kavu\u015fturulmal\u0131d\u0131r. Ayr\u0131ca bas\u0131n kartlar\u0131n\u0131n de\u011fi\u015fim s\u00fcrecinde, turkuaz ve pembe olarak de\u011fi\u015ftirilen rengin yeniden sar\u0131ya d\u00f6nd\u00fcr\u00fclmesi beklentimizdir. Son olarak, metrodan otob\u00fcse, vapurdan metrob\u00fcse kadar t\u00fcm ula\u015f\u0131m ara\u00e7lar\u0131nda ge\u00e7erli olmas\u0131 planlanan T\u00fcrkiye Kart kapsam\u0131na Bas\u0131n Kartlar\u0131n\u0131n de eklenmesini istiyoruz. Her y\u0131l 24 Temmuz\u2019da vurgulad\u0131\u011f\u0131m\u0131z gibi sans\u00fcr, gazetecilerin 24 Temmuz 1908 tarihinde ger\u00e7ekle\u015ftirdi\u011fi onurlu direni\u015f sonucu kalkm\u0131\u015f, ancak aradan ge\u00e7en s\u00fcre\u00e7te yap\u0131lan \u00e7e\u015fitli yasal d\u00fczenleme ve bask\u0131larla yeniden g\u00fcndeme gelmi\u015fti. Yukar\u0131da \u00f6zetlemeye \u00e7al\u0131\u015ft\u0131\u011f\u0131m\u0131z d\u00fczenlemelerin ger\u00e7ekle\u015fmesi, sans\u00fcr\u00fcn de ger\u00e7ek anlamda kalkmas\u0131n\u0131n \u00f6n\u00fcn\u00fc a\u00e7acak ve b\u00f6ylece 24 Temmuz\u2019lar dayan\u0131\u015fma g\u00fcn\u00fc olarak de\u011fil, bayram olarak kutlanacakt\u0131r. Unutulmamal\u0131d\u0131r ki; \u00f6zg\u00fcr ve tarafs\u0131z bas\u0131n hepimizin g\u00fcvencesidir.\u201d<\/p>\n<p>TGK Genel Ba\u015fkan Vekili ve Do\u011fu Anadolu Gazeteciler Federasyonu Genel Ba\u015fkan\u0131 Feridun Faz\u0131l \u00d6zsoy\u2019un ev sahipli\u011finde yap\u0131lan T\u00fcrkiye Gazeteciler Konfederasyonu Y\u00f6netim Kurulu Toplant\u0131s\u0131na, Genel Ba\u015fkan Nuri Kolayl\u0131\u2019n\u0131n yan\u0131 s\u0131ra Genel Ba\u015fkan Yard\u0131mc\u0131lar\u0131 Sefa \u00d6zdemir, Adem Alemdar, Erdo\u011fan Eri\u015fen, Genel Sayman Mehmet \u00c7elik, Genel Sekreter Ergun Ata Genel Koordinat\u00f6r Sinan Tun\u00e7, Y\u00f6netim Kurulu \u00dcyeleri Mehmet Ergun, Mehmet Emin Turp\u00e7u, Murat Atay, Ali Cihangir, Ali Er ve Ayhan Polat kat\u0131ld\u0131.<\/p>\n","protected":false},"excerpt":{"rendered":"<p>T\u00dcRK\u0130YE GAZETEC\u0130LER KONFEDERASYONU Y\u00d6NET\u0130M KURULU, T\u00dcRK\u0130YE\u2019N\u0130N PAR\u00c7ALANMASINA VE \u0130\u015eGAL\u0130NE KAR\u015eI D\u0130RENMEN\u0130N \u0130LK A\u015eAMALARINDAN B\u0130R\u0130S\u0130 OLAN ERZURUM KONGRES\u0130\u2019N\u0130N 100. YILD\u00d6N\u00dcM\u00dc OLAN 23 TEMMUZ SALI G\u00dcN\u00dc, GENEL BA\u015eKAN NUR\u0130 KOLAYLI BA\u015eKANLI\u011eINDA ERZURUM\u2019DA TOPLANDI.<\/p>\n","protected":false},"author":1,"featured_media":185422,"comment_status":"closed","ping_status":"open","sticky":false,"template":"","format":"standard","meta":{"jetpack_post_was_ever_published":false,"_jetpack_newsletter_access":"","_jetpack_dont_email_post_to_subs":false,"_jetpack_newsletter_tier_id":0,"_jetpack_memberships_contains_paywalled_content":false,"_jetpack_memberships_contains_paid_content":false,"footnotes":"","jetpack_publicize_message":"","jetpack_publicize_feature_enabled":true,"jetpack_social_post_already_shared":true,"jetpack_social_options":{"image_generator_settings":{"template":"highway","default_image_id":0,"font":"","enabled":false},"version":2}},"categories":[1],"tags":[2877,1054,2878,29029,44,5066,30150],"class_list":["post-185421","post","type-post","status-publish","format-standard","has-post-thumbnail","hentry","category-genel","tag-sorunlarin","tag-cagri","tag-cozumu","tag-erzurumdan","tag-icin","tag-medya","tag-sektorundeki"],"jetpack_publicize_connections":[],"jetpack_featured_media_url":"https:\/\/i0.wp.com\/www.tvturk.com\/wp-content\/uploads\/2019\/07\/medya-sektorundeki-sorunlarin-cozumu-icin-erzurumdan-cagri_14004c9.jpg?fit=1000%2C750","jetpack_sharing_enabled":true,"jetpack_shortlink":"https:\/\/wp.me\/paKIfm-MeF","_links":{"self":[{"href":"http:\/\/www.tvturk.com\/index.php\/wp-json\/wp\/v2\/posts\/185421","targetHints":{"allow":["GET"]}}],"collection":[{"href":"http:\/\/www.tvturk.com\/index.php\/wp-json\/wp\/v2\/posts"}],"about":[{"href":"http:\/\/www.tvturk.com\/index.php\/wp-json\/wp\/v2\/types\/post"}],"author":[{"embeddable":true,"href":"http:\/\/www.tvturk.com\/index.php\/wp-json\/wp\/v2\/users\/1"}],"replies":[{"embeddable":true,"href":"http:\/\/www.tvturk.com\/index.php\/wp-json\/wp\/v2\/comments?post=185421"}],"version-history":[{"count":0,"href":"http:\/\/www.tvturk.com\/index.php\/wp-json\/wp\/v2\/posts\/185421\/revisions"}],"wp:featuredmedia":[{"embeddable":true,"href":"http:\/\/www.tvturk.com\/index.php\/wp-json\/wp\/v2\/media\/185422"}],"wp:attachment":[{"href":"http:\/\/www.tvturk.com\/index.php\/wp-json\/wp\/v2\/media?parent=185421"}],"wp:term":[{"taxonomy":"category","embeddable":true,"href":"http:\/\/www.tvturk.com\/index.php\/wp-json\/wp\/v2\/categories?post=185421"},{"taxonomy":"post_tag","embeddable":true,"href":"http:\/\/www.tvturk.com\/index.php\/wp-json\/wp\/v2\/tags?post=185421"}],"curies":[{"name":"wp","href":"https:\/\/api.w.org\/{rel}","templated":true}]}}