{"id":185443,"date":"2019-07-23T12:32:00","date_gmt":"2019-07-23T09:32:00","guid":{"rendered":"http:\/\/www.tvturk.com\/index.php\/kibris-baris-harekatinda-gorev-almisti-kaderine-terk-edilen-o-gemi-turizme-hizmet-edecek\/"},"modified":"2019-07-23T12:32:00","modified_gmt":"2019-07-23T09:32:00","slug":"kibris-baris-harekatinda-gorev-almisti-kaderine-terk-edilen-o-gemi-turizme-hizmet-edecek","status":"publish","type":"post","link":"http:\/\/www.tvturk.com\/index.php\/kibris-baris-harekatinda-gorev-almisti-kaderine-terk-edilen-o-gemi-turizme-hizmet-edecek\/","title":{"rendered":"K\u0131br\u0131s Bar\u0131\u015f Harekat\u0131\u2019nda g\u00f6rev alm\u0131\u015ft\u0131, kaderine terk edilen o gemi turizme hizmet edecek"},"content":{"rendered":"<p>Deniz Kuvvetleri Komutanl\u0131\u011f\u0131\u2019nda 46 y\u0131l hizmet eden ve K\u0131br\u0131s Bar\u0131\u015f Harekat\u0131nda da g\u00f6rev alan \u00e7\u0131karma gemisinin, Elaz\u0131\u011f\u2019da 6 y\u0131l \u00f6nce kaderine terk edildi\u011fi yerden al\u0131narak hem turizme hem de il\u00e7edeki 50 kad\u0131na istihdam sa\u011flamas\u0131 i\u00e7in proje ba\u015flat\u0131ld\u0131.<\/p>\n<p>Deniz Kuvvetleri Komutanl\u0131\u011f\u0131 taraf\u0131ndan 1965 y\u0131l\u0131nda Ta\u015fk\u0131zak Tersanesinde \u00fcretilen,  \u015eehit Hasan Halit K\u00fc\u00e7\u00fck ismi verilen M\u00fcnfesih  \u00c7- 309 \u00e7\u0131karma gemisi,  2001 y\u0131l\u0131nda k\u00f6pr\u00fc yap\u0131lmadan \u00f6nce Elaz\u0131\u011f- A\u011f\u0131n aras\u0131 ula\u015f\u0131m\u0131 sa\u011flamak i\u00e7in il\u00e7eye hibe edildi. O d\u00f6nem  bir firmaya kiraya verilen gemi, 2014 y\u0131l\u0131nda ise Keban il\u00e7esinin bir k\u00f6y\u00fcnde  kaderine terk edildi. \u0130\u00e7erisinde mutfak b\u00f6l\u00fcm\u00fcnden yatak hanesine kadar yeri olan ve at\u0131l durumda bulunan gemi b\u00f6lgede sular\u0131n y\u00fckselmesiyle A\u011f\u0131n Kaymakam\u0131 Fatih C\u0131d\u0131ro\u011flu ve Belediye Ba\u015fkan\u0131 Ali Uslu\u2019nun giri\u015fimleri ile il\u00e7enin  k\u0131y\u0131s\u0131na \u00e7ekildi.  K\u00f6kl\u00fc tarihe sahip olan geminin turizme kazand\u0131r\u0131lmas\u0131 i\u00e7in \u2018F\u0131rat\u2019\u0131n Sakl\u0131 Cenneti A\u011f\u0131n\u2019da Kerevit Yolculu\u011fu\u2019  projesi haz\u0131rland\u0131.  Proje kapsam\u0131nda  geminin onar\u0131l\u0131p, restoran olarak yeniden i\u015fler hale gelmesiyle 50 ki\u015fiye istihdam sa\u011flamas\u0131 hedefleniyor.<\/p>\n<p>6 y\u0131ld\u0131r at\u0131l \u015fekilde duruyordu<\/p>\n<p>Geminin 2001 y\u0131l\u0131nda Deniz Kuvvetleri Komutanl\u0131\u011f\u0131 taraf\u0131ndan A\u011f\u0131n Belediyesi\u2019ne hibe edildi\u011fini belirten A\u011f\u0131n Belediye Ba\u015fkan\u0131 Ali Uslu, \u201cO s\u00fcre\u00e7te bir de kendi feribotumuz vard\u0131. K\u00f6pr\u00fcm\u00fcz yap\u0131lmad\u0131\u011f\u0131 i\u00e7in kullan\u0131l\u0131yordu.  Bu ikinci bir gemi oldu\u011fu i\u00e7in d\u00f6nemin belediye ba\u015fkan\u0131 bir firmaya kiraya vermi\u015fti. 2014 y\u0131l\u0131ndan beri at\u0131l bir \u015fekilde Keban\u2019a ba\u011fl\u0131 bir k\u00f6y\u00fcn k\u0131y\u0131s\u0131nda yat\u0131yordu. Biz ilk g\u00f6revimiz buydu, su y\u00fckselince k\u0131y\u0131m\u0131za \u00e7ektik.  Geminin tarihi bir yap\u0131s\u0131 var. 2001 y\u0131l\u0131nda bize geldi ama bunun \u00f6ncesinde K\u0131br\u0131s Bar\u0131\u015f Harekat\u0131na kat\u0131lan bir gemi. Alt taraf\u0131nda askerlerin yatakhanesi ve mutfa\u011f\u0131 var. Bu geminin bu hale gelmesindeki sorumlularla ilgili de adli s\u00fcreci ba\u015flatt\u0131k\u201d dedi.<\/p>\n<p>&#8220;Projemizi haz\u0131rlad\u0131k, deste\u011fi bekliyoruz&#8221;<\/p>\n<p>Hibe deste\u011fi alarak gemiyi turizme kazand\u0131rmaya \u00e7al\u0131\u015ft\u0131klar\u0131n\u0131 aktaran Ba\u015fkan Uslu, \u201cProjenin ad\u0131n\u0131 da \u2018F\u0131rat\u2019\u0131n Sakl\u0131 Cenneti A\u011f\u0131n\u2019da Kerevit Yolculu\u011fu\u2019 diye koyduk. Giri\u015fimcilerimizle projelerimizi haz\u0131rlad\u0131k. 1 ayl\u0131k s\u00fcre\u00e7 kat ettik. \u015euanda deste\u011fi  bekliyoruz. Yasal s\u00fcrecimizi g\u00f6r\u00fcp, hasar tespitini yapt\u0131r\u0131p gemimizi  il\u00e7e turizmine katk\u0131 sa\u011flayacak \u015fekilde halk\u0131m\u0131z\u0131n ve d\u0131\u015far\u0131dan gelen turistin hizmetine sunaca\u011f\u0131z\u201d diye konu\u015ftu.<\/p>\n<p>&#8220;Hem turizme hemde il\u00e7edeki kad\u0131nlara katk\u0131s\u0131 olacak&#8221;<\/p>\n<p>Geminin motorlar\u0131n\u0131n  dahi s\u00f6k\u00fcld\u00fc\u011f\u00fcn\u00fc aktaran Uslu, \u201cT\u00fcm elektrik ve mekanik k\u0131sm\u0131nda da ar\u0131zalar var. Y\u00fczer lokanta olarak kullanaca\u011f\u0131z. Bunda 4 tane motor var. Keban Baraj G\u00f6l\u00fcnde gezme de\u011fil. Bir k\u0131y\u0131ya ba\u011flay\u0131p sadece k\u0131y\u0131da a\u011f\u0131nla ilgili su \u00fcr\u00fcnler, bal\u0131k, kerevit ve buna benzer \u00fcr\u00fcnler servis edece\u011fiz. Hem turizm katk\u0131da bulunaca\u011f\u0131z hem de A\u011f\u0131n\u2019daki kad\u0131nlara da i\u015f imkan\u0131 sunacak.  El \u00fcr\u00fcnleri ve y\u00f6resel \u00fcr\u00fcnleri insanlara takdim edecek. \u0130\u015fe d\u00f6n\u00fc\u015febilecek ve istihdam sa\u011flayacak bir proje.  Yakla\u015f\u0131k 50 ki\u015fiye yak\u0131nda bir istihdam sa\u011flamaya \u00e7al\u0131\u015faca\u011f\u0131z\u201d ifadelerini kulland\u0131.<\/p>\n","protected":false},"excerpt":{"rendered":"<p>46 YIL DONANMAYA H\u0130ZMET EDEN VE  KIBRIS BARI\u015e HAREKATINA KATILAN \u00c7IKARMA  GEM\u0130S\u0130, \u015e\u0130MD\u0130 TUR\u0130ZME H\u0130ZMET ED\u0130P 50 K\u0130\u015e\u0130YE \u0130ST\u0130HDAM SA\u011eLAYACAK<\/p>\n","protected":false},"author":1,"featured_media":185444,"comment_status":"closed","ping_status":"open","sticky":false,"template":"","format":"standard","meta":{"jetpack_post_was_ever_published":false,"_jetpack_newsletter_access":"","_jetpack_dont_email_post_to_subs":false,"_jetpack_newsletter_tier_id":0,"_jetpack_memberships_contains_paywalled_content":false,"_jetpack_memberships_contains_paid_content":false,"footnotes":"","jetpack_publicize_message":"","jetpack_publicize_feature_enabled":true,"jetpack_social_post_already_shared":true,"jetpack_social_options":{"image_generator_settings":{"template":"highway","default_image_id":0,"font":"","enabled":false},"version":2}},"categories":[1],"tags":[45999,4256,4253,3670,15788,333,38606,122,30912,7566,9869,4148],"class_list":["post-185443","post","type-post","status-publish","format-standard","has-post-thumbnail","hentry","category-genel","tag-almisti","tag-baris","tag-edecek","tag-edilen","tag-gemi","tag-gorev","tag-harekatinda","tag-hizmet","tag-kaderine","tag-kibris","tag-terk","tag-turizme"],"jetpack_publicize_connections":[],"jetpack_featured_media_url":"https:\/\/i0.wp.com\/www.tvturk.com\/wp-content\/uploads\/2019\/07\/kibris-baris-harekatinda-gorev-almisti-kaderine-terk-edilen-o-gemi-turizme-hizmet-edecek_e53cf02.jpg?fit=1000%2C562","jetpack_sharing_enabled":true,"jetpack_shortlink":"https:\/\/wp.me\/paKIfm-Mf1","_links":{"self":[{"href":"http:\/\/www.tvturk.com\/index.php\/wp-json\/wp\/v2\/posts\/185443","targetHints":{"allow":["GET"]}}],"collection":[{"href":"http:\/\/www.tvturk.com\/index.php\/wp-json\/wp\/v2\/posts"}],"about":[{"href":"http:\/\/www.tvturk.com\/index.php\/wp-json\/wp\/v2\/types\/post"}],"author":[{"embeddable":true,"href":"http:\/\/www.tvturk.com\/index.php\/wp-json\/wp\/v2\/users\/1"}],"replies":[{"embeddable":true,"href":"http:\/\/www.tvturk.com\/index.php\/wp-json\/wp\/v2\/comments?post=185443"}],"version-history":[{"count":0,"href":"http:\/\/www.tvturk.com\/index.php\/wp-json\/wp\/v2\/posts\/185443\/revisions"}],"wp:featuredmedia":[{"embeddable":true,"href":"http:\/\/www.tvturk.com\/index.php\/wp-json\/wp\/v2\/media\/185444"}],"wp:attachment":[{"href":"http:\/\/www.tvturk.com\/index.php\/wp-json\/wp\/v2\/media?parent=185443"}],"wp:term":[{"taxonomy":"category","embeddable":true,"href":"http:\/\/www.tvturk.com\/index.php\/wp-json\/wp\/v2\/categories?post=185443"},{"taxonomy":"post_tag","embeddable":true,"href":"http:\/\/www.tvturk.com\/index.php\/wp-json\/wp\/v2\/tags?post=185443"}],"curies":[{"name":"wp","href":"https:\/\/api.w.org\/{rel}","templated":true}]}}