{"id":185465,"date":"2019-07-23T12:47:31","date_gmt":"2019-07-23T09:47:31","guid":{"rendered":"http:\/\/www.tvturk.com\/index.php\/yenicede-okul-mudurleri-sezonu-degerlendirdi\/"},"modified":"2019-07-23T12:47:31","modified_gmt":"2019-07-23T09:47:31","slug":"yenicede-okul-mudurleri-sezonu-degerlendirdi","status":"publish","type":"post","link":"http:\/\/www.tvturk.com\/index.php\/yenicede-okul-mudurleri-sezonu-degerlendirdi\/","title":{"rendered":"Yenice\u2019de okul m\u00fcd\u00fcrleri sezonu de\u011ferlendirdi"},"content":{"rendered":"<p>\u00c7anakkale\u2019nin Yenice il\u00e7esinde okul m\u00fcd\u00fcrleri 2018-2019 sezonunu de\u011ferlendirmek ve yeni y\u0131lda al\u0131nacak tedbirleri g\u00f6r\u00fc\u015fmek i\u00e7in topland\u0131.<\/p>\n<p>Yenice \u0130l\u00e7e Milli E\u011fitim M\u00fcd\u00fcrl\u00fc\u011f\u00fc 2018-2019 E\u011fitim \u00d6\u011fretim y\u0131l\u0131 sene sonu m\u00fcd\u00fcrler kurulu toplant\u0131s\u0131, \u0130l\u00e7e Milli E\u011fitim M\u00fcd\u00fcr\u00fc \u0130smail Baykal\u2019\u0131n ba\u015fkanl\u0131\u011f\u0131nda Kaymakaml\u0131k Konferans Salonu\u2019nda yap\u0131ld\u0131. \u0130l\u00e7e Milli E\u011fitim M\u00fcd\u00fcr\u00fc  \u0130smail Baykal\u2019\u0131n 2018-2019 E\u011fitim \u00d6\u011fretim Y\u0131l\u0131 genel de\u011ferlendirmesi ile ba\u015flayan toplant\u0131da;y\u0131l planlamas\u0131, ta\u015f\u0131mal\u0131 e\u011fitimin durumu, il\u00e7edeki  t\u00fcm okul ve kurumlar\u0131n bak\u0131m, onar\u0131m ve donat\u0131m durumlar\u0131 g\u00f6r\u00fc\u015f\u00fcld\u00fc.<\/p>\n<p>Yenice il\u00e7esindeki okullar\u0131n ba\u015far\u0131 durumu, yap\u0131lacak sosyal ve k\u00fclt\u00fcrel etkinlikler ile \u00f6rnek te\u015fkil edecek farkl\u0131 faaliyetler yapanlar\u0131n motivasyonu da de\u011ferlendirildi. Okul m\u00fcd\u00fcrleri, 2019-2020 d\u00f6neminde daha kaliteli ve akademik ba\u015far\u0131n\u0131n artaca\u011f\u0131 bir sezon ya\u015fanmas\u0131 temennisinde bulundular.<\/p>\n","protected":false},"excerpt":{"rendered":"<p>YEN\u0130CE&#8217;DE OKUL M\u00dcD\u00dcRLER\u0130 TOPLANTI YAPTI<\/p>\n","protected":false},"author":1,"featured_media":185466,"comment_status":"closed","ping_status":"open","sticky":false,"template":"","format":"standard","meta":{"jetpack_post_was_ever_published":false,"_jetpack_newsletter_access":"","_jetpack_dont_email_post_to_subs":false,"_jetpack_newsletter_tier_id":0,"_jetpack_memberships_contains_paywalled_content":false,"_jetpack_memberships_contains_paid_content":false,"footnotes":"","jetpack_publicize_message":"","jetpack_publicize_feature_enabled":true,"jetpack_social_post_already_shared":true,"jetpack_social_options":{"image_generator_settings":{"template":"highway","default_image_id":0,"font":"","enabled":false},"version":2}},"categories":[1],"tags":[3221,2469,120,6296,13874],"class_list":["post-185465","post","type-post","status-publish","format-standard","has-post-thumbnail","hentry","category-genel","tag-degerlendirdi","tag-mudurleri","tag-okul","tag-sezonu","tag-yenicede"],"jetpack_publicize_connections":[],"jetpack_featured_media_url":"https:\/\/i0.wp.com\/www.tvturk.com\/wp-content\/uploads\/2019\/07\/yenicede-okul-mudurleri-sezonu-degerlendirdi_9b05249.jpg?fit=1000%2C717","jetpack_sharing_enabled":true,"jetpack_shortlink":"https:\/\/wp.me\/paKIfm-Mfn","_links":{"self":[{"href":"http:\/\/www.tvturk.com\/index.php\/wp-json\/wp\/v2\/posts\/185465","targetHints":{"allow":["GET"]}}],"collection":[{"href":"http:\/\/www.tvturk.com\/index.php\/wp-json\/wp\/v2\/posts"}],"about":[{"href":"http:\/\/www.tvturk.com\/index.php\/wp-json\/wp\/v2\/types\/post"}],"author":[{"embeddable":true,"href":"http:\/\/www.tvturk.com\/index.php\/wp-json\/wp\/v2\/users\/1"}],"replies":[{"embeddable":true,"href":"http:\/\/www.tvturk.com\/index.php\/wp-json\/wp\/v2\/comments?post=185465"}],"version-history":[{"count":0,"href":"http:\/\/www.tvturk.com\/index.php\/wp-json\/wp\/v2\/posts\/185465\/revisions"}],"wp:featuredmedia":[{"embeddable":true,"href":"http:\/\/www.tvturk.com\/index.php\/wp-json\/wp\/v2\/media\/185466"}],"wp:attachment":[{"href":"http:\/\/www.tvturk.com\/index.php\/wp-json\/wp\/v2\/media?parent=185465"}],"wp:term":[{"taxonomy":"category","embeddable":true,"href":"http:\/\/www.tvturk.com\/index.php\/wp-json\/wp\/v2\/categories?post=185465"},{"taxonomy":"post_tag","embeddable":true,"href":"http:\/\/www.tvturk.com\/index.php\/wp-json\/wp\/v2\/tags?post=185465"}],"curies":[{"name":"wp","href":"https:\/\/api.w.org\/{rel}","templated":true}]}}