{"id":185471,"date":"2019-07-23T13:01:38","date_gmt":"2019-07-23T10:01:38","guid":{"rendered":"http:\/\/www.tvturk.com\/index.php\/disisleri-bakani-cavusoglu-urdunde\/"},"modified":"2019-07-23T13:01:38","modified_gmt":"2019-07-23T10:01:38","slug":"disisleri-bakani-cavusoglu-urdunde","status":"publish","type":"post","link":"http:\/\/www.tvturk.com\/index.php\/disisleri-bakani-cavusoglu-urdunde\/","title":{"rendered":"D\u0131\u015fi\u015fleri Bakan\u0131 \u00c7avu\u015fo\u011flu \u00dcrd\u00fcn\u2019de"},"content":{"rendered":"<p>D\u0131\u015fi\u015fleri Bakan\u0131 Mevl\u00fct \u00c7avu\u015fo\u011flu, \u00dcrd\u00fcn D\u0131\u015fi\u015fleri Bakan\u0131 Ayman Safadi\u2019yle g\u00f6r\u00fc\u015fmek \u00fczere Amman\u2019a geldi.<\/p>\n<p>D\u0131\u015fi\u015fleri Bakan\u0131 Mevl\u00fct \u00c7avu\u015fo\u011flu, \u00dcrd\u00fcn D\u0131\u015fi\u015fleri Bakan\u0131 Ayman Safadi\u2019nin daveti \u00fczerine ba\u015fkent Amman\u2019a geldi. Ziyaret kapsam\u0131nda ger\u00e7ekle\u015ftirilecek g\u00f6r\u00fc\u015fmelerde, ikili ili\u015fkilerin ele al\u0131nmas\u0131 ve b\u00f6lgesel konularda g\u00f6r\u00fc\u015f al\u0131\u015fveri\u015finde bulunulmas\u0131 bekleniyor.<\/p>\n","protected":false},"excerpt":{"rendered":"<p>DI\u015e\u0130\u015eLER\u0130 BAKANI MEVL\u00dcT \u00c7AVU\u015eO\u011eLU, \u00dcRD\u00dcN DI\u015e\u0130\u015eLER\u0130 BAKANI AYMAN SAFAD\u0130\u2019YLE G\u00d6R\u00dc\u015eMEK \u00dcZERE AMMAN\u2019A GELD\u0130.<\/p>\n","protected":false},"author":1,"featured_media":185472,"comment_status":"closed","ping_status":"open","sticky":false,"template":"","format":"standard","meta":{"jetpack_post_was_ever_published":false,"_jetpack_newsletter_access":"","_jetpack_dont_email_post_to_subs":false,"_jetpack_newsletter_tier_id":0,"_jetpack_memberships_contains_paywalled_content":false,"_jetpack_memberships_contains_paid_content":false,"footnotes":"","jetpack_publicize_message":"","jetpack_publicize_feature_enabled":true,"jetpack_social_post_already_shared":true,"jetpack_social_options":{"image_generator_settings":{"template":"highway","default_image_id":0,"font":"","enabled":false},"version":2}},"categories":[10],"tags":[933,1499,1498,12961],"class_list":["post-185471","post","type-post","status-publish","format-standard","has-post-thumbnail","hentry","category-dunya","tag-bakani","tag-cavusoglu","tag-disisleri","tag-urdunde"],"jetpack_publicize_connections":[],"jetpack_featured_media_url":"https:\/\/i0.wp.com\/www.tvturk.com\/wp-content\/uploads\/2019\/07\/disisleri-bakani-cavusoglu-urdunde_97005c6.jpg?fit=1000%2C862","jetpack_sharing_enabled":true,"jetpack_shortlink":"https:\/\/wp.me\/paKIfm-Mft","_links":{"self":[{"href":"http:\/\/www.tvturk.com\/index.php\/wp-json\/wp\/v2\/posts\/185471","targetHints":{"allow":["GET"]}}],"collection":[{"href":"http:\/\/www.tvturk.com\/index.php\/wp-json\/wp\/v2\/posts"}],"about":[{"href":"http:\/\/www.tvturk.com\/index.php\/wp-json\/wp\/v2\/types\/post"}],"author":[{"embeddable":true,"href":"http:\/\/www.tvturk.com\/index.php\/wp-json\/wp\/v2\/users\/1"}],"replies":[{"embeddable":true,"href":"http:\/\/www.tvturk.com\/index.php\/wp-json\/wp\/v2\/comments?post=185471"}],"version-history":[{"count":0,"href":"http:\/\/www.tvturk.com\/index.php\/wp-json\/wp\/v2\/posts\/185471\/revisions"}],"wp:featuredmedia":[{"embeddable":true,"href":"http:\/\/www.tvturk.com\/index.php\/wp-json\/wp\/v2\/media\/185472"}],"wp:attachment":[{"href":"http:\/\/www.tvturk.com\/index.php\/wp-json\/wp\/v2\/media?parent=185471"}],"wp:term":[{"taxonomy":"category","embeddable":true,"href":"http:\/\/www.tvturk.com\/index.php\/wp-json\/wp\/v2\/categories?post=185471"},{"taxonomy":"post_tag","embeddable":true,"href":"http:\/\/www.tvturk.com\/index.php\/wp-json\/wp\/v2\/tags?post=185471"}],"curies":[{"name":"wp","href":"https:\/\/api.w.org\/{rel}","templated":true}]}}