{"id":185533,"date":"2019-07-23T15:01:27","date_gmt":"2019-07-23T12:01:27","guid":{"rendered":"http:\/\/www.tvturk.com\/index.php\/almanyada-camilere-yapilan-bomba-ihbarlarina-bir-yenisi-daha-eklendi\/"},"modified":"2019-07-23T15:01:27","modified_gmt":"2019-07-23T12:01:27","slug":"almanyada-camilere-yapilan-bomba-ihbarlarina-bir-yenisi-daha-eklendi","status":"publish","type":"post","link":"http:\/\/www.tvturk.com\/index.php\/almanyada-camilere-yapilan-bomba-ihbarlarina-bir-yenisi-daha-eklendi\/","title":{"rendered":"Almanya\u2019da camilere yap\u0131lan bomba ihbarlar\u0131na bir yenisi daha eklendi"},"content":{"rendered":"<p>Almanya\u2019n\u0131n Villingen-Schwenningen kentinde Diyanet \u0130\u015fleri T\u00fcrk \u0130slam Birli\u011fine (D\u0130T\u0130B) ba\u011fl\u0131 Selahaddin-i Eyyubi Camisi\u2019ne bomba ihbar\u0131 yap\u0131ld\u0131.<\/p>\n<p>&#8220;Combat18&#8221; adl\u0131 neo-Nazi ter\u00f6r \u00f6rg\u00fct\u00fc imzas\u0131yla g\u00f6nderilen elektronik postada 2 kilogram a\u011f\u0131rl\u0131\u011f\u0131ndaki el yap\u0131m\u0131 bomban\u0131n saat 15.45\u2019te patlat\u0131laca\u011f\u0131 ifade edildi. Almanya\u2019da son iki haftada camilere y\u00f6nelik yap\u0131lan bomba ihbarlar\u0131 cami cemaatlerini de endi\u015felendiriyor. E-mail yoluyla al\u0131nan bomba tehdidi cami yetkilileri taraf\u0131ndan polise bildirildi.<\/p>\n","protected":false},"excerpt":{"rendered":"<p>ALMANYA&#8217;NIN V\u0130LL\u0130NGEN-SCHWENN\u0130NGEN KENT\u0130NDE D\u0130YANET \u0130\u015eLER\u0130 T\u00dcRK \u0130SLAM B\u0130RL\u0130\u011e\u0130NE (D\u0130T\u0130B) BA\u011eLI SELAHADD\u0130N-\u0130 EYYUB\u0130 CAM\u0130S\u0130&#8217;NE BOMBA \u0130HBARI YAPILDI.<\/p>\n","protected":false},"author":1,"featured_media":185534,"comment_status":"closed","ping_status":"open","sticky":false,"template":"","format":"standard","meta":{"jetpack_post_was_ever_published":false,"_jetpack_newsletter_access":"","_jetpack_dont_email_post_to_subs":false,"_jetpack_newsletter_tier_id":0,"_jetpack_memberships_contains_paywalled_content":false,"_jetpack_memberships_contains_paid_content":false,"footnotes":"","jetpack_publicize_message":"","jetpack_publicize_feature_enabled":true,"jetpack_social_post_already_shared":true,"jetpack_social_options":{"image_generator_settings":{"template":"highway","default_image_id":0,"font":"","enabled":false},"version":2}},"categories":[10],"tags":[6637,125,4024,121,1018,19950,46027,530,19949],"class_list":["post-185533","post","type-post","status-publish","format-standard","has-post-thumbnail","hentry","category-dunya","tag-almanyada","tag-bir","tag-bomba","tag-camilere","tag-daha","tag-eklendi","tag-ihbarlarina","tag-yapilan","tag-yenisi"],"jetpack_publicize_connections":[],"jetpack_featured_media_url":"https:\/\/i0.wp.com\/www.tvturk.com\/wp-content\/uploads\/2019\/07\/almanyada-camilere-yapilan-bomba-ihbarlarina-bir-yenisi-daha-eklendi_0cee5b0.jpg?fit=750%2C1000","jetpack_sharing_enabled":true,"jetpack_shortlink":"https:\/\/wp.me\/paKIfm-Mgt","_links":{"self":[{"href":"http:\/\/www.tvturk.com\/index.php\/wp-json\/wp\/v2\/posts\/185533","targetHints":{"allow":["GET"]}}],"collection":[{"href":"http:\/\/www.tvturk.com\/index.php\/wp-json\/wp\/v2\/posts"}],"about":[{"href":"http:\/\/www.tvturk.com\/index.php\/wp-json\/wp\/v2\/types\/post"}],"author":[{"embeddable":true,"href":"http:\/\/www.tvturk.com\/index.php\/wp-json\/wp\/v2\/users\/1"}],"replies":[{"embeddable":true,"href":"http:\/\/www.tvturk.com\/index.php\/wp-json\/wp\/v2\/comments?post=185533"}],"version-history":[{"count":0,"href":"http:\/\/www.tvturk.com\/index.php\/wp-json\/wp\/v2\/posts\/185533\/revisions"}],"wp:featuredmedia":[{"embeddable":true,"href":"http:\/\/www.tvturk.com\/index.php\/wp-json\/wp\/v2\/media\/185534"}],"wp:attachment":[{"href":"http:\/\/www.tvturk.com\/index.php\/wp-json\/wp\/v2\/media?parent=185533"}],"wp:term":[{"taxonomy":"category","embeddable":true,"href":"http:\/\/www.tvturk.com\/index.php\/wp-json\/wp\/v2\/categories?post=185533"},{"taxonomy":"post_tag","embeddable":true,"href":"http:\/\/www.tvturk.com\/index.php\/wp-json\/wp\/v2\/tags?post=185533"}],"curies":[{"name":"wp","href":"https:\/\/api.w.org\/{rel}","templated":true}]}}