{"id":185545,"date":"2019-07-23T15:16:35","date_gmt":"2019-07-23T12:16:35","guid":{"rendered":"http:\/\/www.tvturk.com\/index.php\/adanada-termometreler-41-dereceyi-gosterdi\/"},"modified":"2019-07-23T15:16:35","modified_gmt":"2019-07-23T12:16:35","slug":"adanada-termometreler-41-dereceyi-gosterdi","status":"publish","type":"post","link":"http:\/\/www.tvturk.com\/index.php\/adanada-termometreler-41-dereceyi-gosterdi\/","title":{"rendered":"Adana\u2019da termometreler 41 dereceyi g\u00f6sterdi"},"content":{"rendered":"<p>Termometrelerin 41 dereceyi g\u00f6sterdi\u011fi Adana\u2019da son zamanlarda sulama kanallar\u0131nda artan bo\u011fulma vakalar\u0131na ald\u0131rmayan gen\u00e7lerin tehlikeli serinleme y\u00f6ntemi y\u00fcrekleri a\u011f\u0131zlara getirdi.<\/p>\n<p>Meteoroloji Genel M\u00fcd\u00fcrl\u00fc\u011f\u00fc\u2019n\u00fcn verilerine g\u00f6re hava s\u0131cakl\u0131\u011f\u0131n\u0131n 34 derece olarak \u00f6l\u00e7\u00fclen Adana\u2019da termometreler 41 dereceyi g\u00f6sterdi. Mevsim normallerinin \u00fczerinde seyretmeye devam eden s\u0131cakl\u0131klar vatanda\u015flar\u0131 olumsuz etkiledi.<\/p>\n<p>Ya\u015fl\u0131lar mecbur kalmad\u0131k\u00e7a d\u0131\u015far\u0131 \u00e7\u0131kmazken, Adanal\u0131lar nispeten serin olan parklardaki g\u00f6lgelik alanlara s\u0131\u011f\u0131nd\u0131. S\u0131cakl\u0131klardan nasibini alan hayvanlar da s\u00fcs havuzlar\u0131nda serinledi. \u00d6te yandan son g\u00fcnlerde artan bo\u011fulma vak\u0131alar\u0131na ald\u0131rmayan Adanal\u0131 gen\u00e7ler, sulama kanallar\u0131nda y\u00fczmeye devam etti.<\/p>\n<p>Serinlemek i\u00e7in merkez Seyhan il\u00e7esi K\u0131y\u0131boyu Caddesi \u00fczerinde bulunan DS\u0130\u2019ye ait sulama kanal\u0131na giren gen\u00e7lerin serinleme y\u00f6ntemi ise y\u00fcrekleri a\u011f\u0131zlara getirdi. Kentte hava s\u0131cakl\u0131klar\u0131n\u0131n \u00e7ok y\u00fcksek oldu\u011funu belirten Mete Demirer isimli gen\u00e7, \u201cHavuza verece\u011fimiz paraya i\u00e7ecek al\u0131p, sulama kanal\u0131na geliyoruz. Adana\u2019n\u0131n s\u0131ca\u011f\u0131nda en iyisi bu. Herkes tehlikeli oldu\u011funu s\u00f6yl\u00fcyor ama o kendilerine ba\u011fl\u0131. Bir\u00e7ok arkada\u015f\u0131m\u0131z burada bo\u011fuldu ama kader bu. Ben korkmuyorum. K\u00fc\u00e7\u00fckl\u00fc\u011f\u00fcmden beri burada y\u00fcz\u00fcyorum. Adana yan\u0131yor\u201d diye konu\u015ftu.<\/p>\n<p>\u015eemsiyesiyle g\u00fcne\u015ften korunmaya \u00e7al\u0131\u015fan emekli Hatice Yurtyapan ise \u201cAdana asl\u0131nda d\u00f6rt mevsimin ya\u015fand\u0131\u011f\u0131 \u00e7ok g\u00fczel bir memleket ama son iki \u00fc\u00e7 ay\u0131 \u015fehird\u0131\u015f\u0131nda ge\u00e7irmek gerekiyor. Klimam da yok. \u00d6\u011fleden sonra d\u0131\u015far\u0131 \u00e7\u0131kmaya \u00f6zen g\u00f6steriyoruz\u201d dedi.<\/p>\n","protected":false},"excerpt":{"rendered":"<p>TERMOMETRELER\u0130N 41 DERECEY\u0130 G\u00d6STERD\u0130\u011e\u0130 ADANA\u2019DA SON ZAMANLARDA SULAMA KANALLARINDA ARTAN BO\u011eULMA VAKALARINA ALDIRMAYAN GEN\u00c7LER\u0130N TEHL\u0130KEL\u0130 SER\u0130NLEME Y\u00d6NTEM\u0130 Y\u00dcREKLER\u0130 A\u011eIZLARA GET\u0130RD\u0130.<\/p>\n","protected":false},"author":1,"featured_media":185546,"comment_status":"closed","ping_status":"open","sticky":false,"template":"","format":"standard","meta":{"jetpack_post_was_ever_published":false,"_jetpack_newsletter_access":"","_jetpack_dont_email_post_to_subs":false,"_jetpack_newsletter_tier_id":0,"_jetpack_memberships_contains_paywalled_content":false,"_jetpack_memberships_contains_paid_content":false,"footnotes":"","jetpack_publicize_message":"","jetpack_publicize_feature_enabled":true,"jetpack_social_post_already_shared":true,"jetpack_social_options":{"image_generator_settings":{"template":"highway","default_image_id":0,"font":"","enabled":false},"version":2}},"categories":[1],"tags":[2887,243,4279,17389],"class_list":["post-185545","post","type-post","status-publish","format-standard","has-post-thumbnail","hentry","category-genel","tag-adanada","tag-dereceyi","tag-gosterdi","tag-termometreler"],"jetpack_publicize_connections":[],"jetpack_featured_media_url":"https:\/\/i0.wp.com\/www.tvturk.com\/wp-content\/uploads\/2019\/07\/adanada-termometreler-41-dereceyi-gosterdi_1f47118.jpg?fit=1000%2C620","jetpack_sharing_enabled":true,"jetpack_shortlink":"https:\/\/wp.me\/paKIfm-MgF","_links":{"self":[{"href":"http:\/\/www.tvturk.com\/index.php\/wp-json\/wp\/v2\/posts\/185545","targetHints":{"allow":["GET"]}}],"collection":[{"href":"http:\/\/www.tvturk.com\/index.php\/wp-json\/wp\/v2\/posts"}],"about":[{"href":"http:\/\/www.tvturk.com\/index.php\/wp-json\/wp\/v2\/types\/post"}],"author":[{"embeddable":true,"href":"http:\/\/www.tvturk.com\/index.php\/wp-json\/wp\/v2\/users\/1"}],"replies":[{"embeddable":true,"href":"http:\/\/www.tvturk.com\/index.php\/wp-json\/wp\/v2\/comments?post=185545"}],"version-history":[{"count":0,"href":"http:\/\/www.tvturk.com\/index.php\/wp-json\/wp\/v2\/posts\/185545\/revisions"}],"wp:featuredmedia":[{"embeddable":true,"href":"http:\/\/www.tvturk.com\/index.php\/wp-json\/wp\/v2\/media\/185546"}],"wp:attachment":[{"href":"http:\/\/www.tvturk.com\/index.php\/wp-json\/wp\/v2\/media?parent=185545"}],"wp:term":[{"taxonomy":"category","embeddable":true,"href":"http:\/\/www.tvturk.com\/index.php\/wp-json\/wp\/v2\/categories?post=185545"},{"taxonomy":"post_tag","embeddable":true,"href":"http:\/\/www.tvturk.com\/index.php\/wp-json\/wp\/v2\/tags?post=185545"}],"curies":[{"name":"wp","href":"https:\/\/api.w.org\/{rel}","templated":true}]}}