{"id":185571,"date":"2019-07-23T16:01:53","date_gmt":"2019-07-23T13:01:53","guid":{"rendered":"http:\/\/www.tvturk.com\/index.php\/bin-500-yillik-anit-agac-zeytin-verdi\/"},"modified":"2019-07-23T16:11:43","modified_gmt":"2019-07-23T13:11:43","slug":"bin-500-yillik-anit-agac-zeytin-verdi","status":"publish","type":"post","link":"http:\/\/www.tvturk.com\/index.php\/bin-500-yillik-anit-agac-zeytin-verdi\/","title":{"rendered":"B\u0130N 500 YILLIK &#8220;ANIT A\u011eA\u00c7&#8221; ZEYT\u0130N VERD\u0130."},"content":{"rendered":"<p>Mersin\u2019in merkez il\u00e7e Mezitli&#8217;de Demokrasi Meydan\u0131\u2019na dikilen 6 metre 48 santim \u00e7ap\u0131ndaki bin 500 y\u0131ll\u0131k zeytin a\u011fac\u0131, y\u00fczy\u0131llara meydan okuyor. A\u011fa\u00e7 yeniden zeytin vermeye ba\u015flad\u0131.<\/p>\n<p>Mezitli Belediyesi Park ve Bah\u00e7eler M\u00fcd\u00fcrl\u00fc\u011f\u00fc taraf\u0131ndan Menderes Mahallesi\u2019ndeki Demokrasi Meydan\u0131\u2019na dikilen zeytin a\u011fac\u0131n\u0131, 2017 y\u0131l\u0131nda Tabiat Varl\u0131klar\u0131 Koruma Kurulu \u2018an\u0131t a\u011fa\u00e7\u2019 olarak tescillemi\u015f ve kay\u0131t alt\u0131na alm\u0131\u015ft\u0131. Belediye yetkilileri taraf\u0131ndan \u00f6zenle bak\u0131lan ve b\u00f6lge sakinlerinin de be\u011fenisini kazanan a\u011fa\u00e7 zeytin vermeye ba\u015flad\u0131.<\/p>\n<p>Etraf\u0131 \u00e7itle \u00f6r\u00fclen ve yap\u0131lan \u00e7evre d\u00fczenlemesiyle e\u015fsiz bir g\u00f6r\u00fcn\u00fcm kazanan a\u011fac\u0131n g\u00f6vde b\u00fcy\u00fckl\u00fc\u011f\u00fc b\u00fcy\u00fck ilgi g\u00f6r\u00fcyor. \u0130l\u00e7enin en i\u015flek b\u00f6lgesine konulan devasa b\u00fcy\u00fckl\u00fckteki g\u00f6vdeye sahip olan a\u011fac\u0131 yak\u0131ndan inceleyerek, foto\u011fraf \u00e7eken vatanda\u015flar, b\u00f6ylesi duyarl\u0131 bir \u00e7al\u0131\u015fma ortaya \u00e7\u0131kartt\u0131klar\u0131 i\u00e7in Mezitli Belediye Ba\u015fkan\u0131 Ne\u015fet Tarhan\u2019a ve eme\u011fi ge\u00e7enlere te\u015fekk\u00fcrlerini dile getirdiler.<\/p>\n<p>Mezitli Belediye Ba\u015fkan\u0131 Ne\u015fet Tarhan, an\u0131t zeytin a\u011fac\u0131na ili\u015fkin yapt\u0131\u011f\u0131 a\u00e7\u0131klamada, zeytin a\u011fa\u00e7lar\u0131n\u0131 koruyarak, gelecek nesillere aktar\u0131lmas\u0131 ve \u015fehrin estetik g\u00f6r\u00fcn\u00fcm\u00fcn\u00fc sa\u011flamak amac\u0131yla as\u0131rl\u0131k a\u011fac\u0131 Mezitli\u2019de yeniden toprakla bulu\u015fturduklar\u0131n\u0131 an\u0131msatt\u0131. Park ve Bah\u00e7eler M\u00fcd\u00fcrl\u00fc\u011f\u00fc ekipleri taraf\u0131ndan son derece \u00f6zenle bak\u0131larak a\u011fac\u0131n yeniden ya\u015fama d\u00f6nd\u00fc\u011f\u00fcn\u00fcn alt\u0131n\u0131 \u00e7izen Ba\u015fkan Tarhan, \u201cZeytin a\u011fac\u0131 adaletin, sa\u011fl\u0131\u011f\u0131n, bilgeli\u011fin, bar\u0131\u015f\u0131n ve yeniden do\u011fu\u015funun simgesidir. Farkl\u0131 bir\u00e7ok k\u00fclt\u00fcrde kutsal kabul edilen as\u0131rl\u0131k zeytin a\u011fac\u0131n\u0131, Park ve Bah\u00e7eler M\u00fcd\u00fcrl\u00fc\u011f\u00fc\u2019ne ba\u011fl\u0131 ekiplerimiz yeniden toprakla bulu\u015fturdu. Adaleti, bar\u0131\u015f\u0131 ve sa\u011fl\u0131\u011f\u0131 Mezitli\u2019de yeniden ye\u015ferttik. Yap\u0131lan incelemelerin sonlanmas\u0131yla bin 500 y\u0131ll\u0131k bir ge\u00e7mi\u015fe sahip oldu\u011fu d\u00fc\u015f\u00fcn\u00fclen zeytin a\u011fac\u0131m\u0131z, Mezitli\u2019nin en ya\u015fl\u0131 zeytin a\u011fac\u0131 olma \u00f6zelli\u011fine sahip. \u00dczerinde zeytinleri de g\u00f6rm\u00fc\u015f olmam\u0131z bizim i\u00e7in de b\u00fcy\u00fck mutluluk kayna\u011f\u0131. \u00d6n\u00fcm\u00fczdeki g\u00fcnlerde a\u011fac\u0131m\u0131z\u0131n yan\u0131 ba\u015f\u0131na 2. Sanat Dura\u011f\u0131m\u0131z\u0131 da olu\u015fturaca\u011f\u0131z. O zaman daha \u00e7ok insan bu b\u00f6lgeye gelecek\u201d ifadelerini kulland\u0131.<\/p>\n","protected":false},"excerpt":{"rendered":"<p>MERS\u0130N\u2019\u0130N MERKEZ \u0130L\u00c7E MEZ\u0130TL\u0130 BELED\u0130YES\u0130 TARAFINDAN DEMOKRAS\u0130 MEYDANI\u2019NA D\u0130K\u0130LEN 6 METRE 48 SANT\u0130M \u00c7APINDAK\u0130 B\u0130N 500 YILLIK ZEYT\u0130N A\u011eACI, Y\u00dcZYILLARA MEYDAN OKUYOR. TAB\u0130AT VARLIKLARI KORUMA KURULU\u2019NUN \u2018ANIT A\u011eA\u00c7\u2019 OLARAK TESC\u0130LLED\u0130\u011e\u0130 A\u011eA\u00c7, ZEYT\u0130N VERMEYE BA\u015eLADI.<\/p>\n","protected":false},"author":2,"featured_media":185572,"comment_status":"closed","ping_status":"open","sticky":false,"template":"","format":"standard","meta":{"jetpack_post_was_ever_published":false,"_jetpack_newsletter_access":"","_jetpack_dont_email_post_to_subs":false,"_jetpack_newsletter_tier_id":0,"_jetpack_memberships_contains_paywalled_content":false,"_jetpack_memberships_contains_paid_content":false,"footnotes":"","jetpack_publicize_message":"","jetpack_publicize_feature_enabled":true,"jetpack_social_post_already_shared":true,"jetpack_social_options":{"image_generator_settings":{"template":"highway","default_image_id":0,"font":"","enabled":false},"version":2}},"categories":[1],"tags":[565,1991,22466,213,386,710,6031],"class_list":["post-185571","post","type-post","status-publish","format-standard","has-post-thumbnail","hentry","category-genel","tag-565","tag-agac","tag-anit","tag-bin","tag-verdi","tag-yillik","tag-zeytin"],"jetpack_publicize_connections":[],"jetpack_featured_media_url":"https:\/\/i0.wp.com\/www.tvturk.com\/wp-content\/uploads\/2019\/07\/bin-500-yillik-anit-agac-zeytin-verdi_0cee7e1.jpg?fit=1000%2C666","jetpack_sharing_enabled":true,"jetpack_shortlink":"https:\/\/wp.me\/paKIfm-Mh5","_links":{"self":[{"href":"http:\/\/www.tvturk.com\/index.php\/wp-json\/wp\/v2\/posts\/185571","targetHints":{"allow":["GET"]}}],"collection":[{"href":"http:\/\/www.tvturk.com\/index.php\/wp-json\/wp\/v2\/posts"}],"about":[{"href":"http:\/\/www.tvturk.com\/index.php\/wp-json\/wp\/v2\/types\/post"}],"author":[{"embeddable":true,"href":"http:\/\/www.tvturk.com\/index.php\/wp-json\/wp\/v2\/users\/2"}],"replies":[{"embeddable":true,"href":"http:\/\/www.tvturk.com\/index.php\/wp-json\/wp\/v2\/comments?post=185571"}],"version-history":[{"count":1,"href":"http:\/\/www.tvturk.com\/index.php\/wp-json\/wp\/v2\/posts\/185571\/revisions"}],"predecessor-version":[{"id":185584,"href":"http:\/\/www.tvturk.com\/index.php\/wp-json\/wp\/v2\/posts\/185571\/revisions\/185584"}],"wp:featuredmedia":[{"embeddable":true,"href":"http:\/\/www.tvturk.com\/index.php\/wp-json\/wp\/v2\/media\/185572"}],"wp:attachment":[{"href":"http:\/\/www.tvturk.com\/index.php\/wp-json\/wp\/v2\/media?parent=185571"}],"wp:term":[{"taxonomy":"category","embeddable":true,"href":"http:\/\/www.tvturk.com\/index.php\/wp-json\/wp\/v2\/categories?post=185571"},{"taxonomy":"post_tag","embeddable":true,"href":"http:\/\/www.tvturk.com\/index.php\/wp-json\/wp\/v2\/tags?post=185571"}],"curies":[{"name":"wp","href":"https:\/\/api.w.org\/{rel}","templated":true}]}}