{"id":185589,"date":"2019-07-23T16:16:35","date_gmt":"2019-07-23T13:16:35","guid":{"rendered":"http:\/\/www.tvturk.com\/index.php\/bakan-kurum-duzcede-sel-bolgesini-ziyaret-etti\/"},"modified":"2019-07-23T16:16:35","modified_gmt":"2019-07-23T13:16:35","slug":"bakan-kurum-duzcede-sel-bolgesini-ziyaret-etti","status":"publish","type":"post","link":"http:\/\/www.tvturk.com\/index.php\/bakan-kurum-duzcede-sel-bolgesini-ziyaret-etti\/","title":{"rendered":"Bakan Kurum, D\u00fczce\u2019de sel b\u00f6lgesini ziyaret etti"},"content":{"rendered":"<p>\u00c7evre ve \u015eehircilik Bakan\u0131 Murat Kurum, D\u00fczce\u2019de selden etkilenen U\u011furlu k\u00f6y\u00fcne gelerek incelemelerde bulundu.<\/p>\n<p>\u00c7evre ve \u015eehircilik Bakan\u0131 Murat Kurum, incelemelerde bulunmak \u00fczere sel felaketinin meydana geldi\u011fi D\u00fczce\u2019ye geldi. D\u00fczce merkezinde bulunan AFAD M\u00fcd\u00fcrl\u00fc\u011f\u00fcne gelen Bakan Kurum, D\u00fczce Valisi Z\u00fclkif Da\u011fl\u0131 ve di\u011fer yetkililerden brifing ald\u0131. Kurum daha sonra, selden en \u00e7ok etkilenen yerlerden birisi olan Ak\u00e7akoca il\u00e7esine ba\u011fl\u0131 U\u011furlu k\u00f6y\u00fcn\u00fc ziyaret etti. Kurum, burada incelemelerde bulunarak vatanda\u015flar\u0131 dinledi.<\/p>\n","protected":false},"excerpt":{"rendered":"<p>\u00c7EVRE VE \u015eEH\u0130RC\u0130L\u0130K BAKANI MURAT KURUM, D\u00dcZCE\u2019DE SELDEN ETK\u0130LENEN U\u011eURLU K\u00d6Y\u00dcNE GELEREK \u0130NCELEMELERDE BULUNDU.<\/p>\n","protected":false},"author":1,"featured_media":185590,"comment_status":"closed","ping_status":"open","sticky":false,"template":"","format":"standard","meta":{"jetpack_post_was_ever_published":false,"_jetpack_newsletter_access":"","_jetpack_dont_email_post_to_subs":false,"_jetpack_newsletter_tier_id":0,"_jetpack_memberships_contains_paywalled_content":false,"_jetpack_memberships_contains_paid_content":false,"footnotes":"","jetpack_publicize_message":"","jetpack_publicize_feature_enabled":true,"jetpack_social_post_already_shared":true,"jetpack_social_options":{"image_generator_settings":{"template":"highway","default_image_id":0,"font":"","enabled":false},"version":2}},"categories":[1],"tags":[695,742,209,6824,207,2582,150],"class_list":["post-185589","post","type-post","status-publish","format-standard","has-post-thumbnail","hentry","category-genel","tag-sel","tag-bakan","tag-bolgesini","tag-duzcede","tag-etti","tag-kurum","tag-ziyaret"],"jetpack_publicize_connections":[],"jetpack_featured_media_url":"https:\/\/i0.wp.com\/www.tvturk.com\/wp-content\/uploads\/2019\/07\/bakan-kurum-duzcede-sel-bolgesini-ziyaret-etti_938fc48.jpg?fit=1000%2C666","jetpack_sharing_enabled":true,"jetpack_shortlink":"https:\/\/wp.me\/paKIfm-Mhn","_links":{"self":[{"href":"http:\/\/www.tvturk.com\/index.php\/wp-json\/wp\/v2\/posts\/185589","targetHints":{"allow":["GET"]}}],"collection":[{"href":"http:\/\/www.tvturk.com\/index.php\/wp-json\/wp\/v2\/posts"}],"about":[{"href":"http:\/\/www.tvturk.com\/index.php\/wp-json\/wp\/v2\/types\/post"}],"author":[{"embeddable":true,"href":"http:\/\/www.tvturk.com\/index.php\/wp-json\/wp\/v2\/users\/1"}],"replies":[{"embeddable":true,"href":"http:\/\/www.tvturk.com\/index.php\/wp-json\/wp\/v2\/comments?post=185589"}],"version-history":[{"count":0,"href":"http:\/\/www.tvturk.com\/index.php\/wp-json\/wp\/v2\/posts\/185589\/revisions"}],"wp:featuredmedia":[{"embeddable":true,"href":"http:\/\/www.tvturk.com\/index.php\/wp-json\/wp\/v2\/media\/185590"}],"wp:attachment":[{"href":"http:\/\/www.tvturk.com\/index.php\/wp-json\/wp\/v2\/media?parent=185589"}],"wp:term":[{"taxonomy":"category","embeddable":true,"href":"http:\/\/www.tvturk.com\/index.php\/wp-json\/wp\/v2\/categories?post=185589"},{"taxonomy":"post_tag","embeddable":true,"href":"http:\/\/www.tvturk.com\/index.php\/wp-json\/wp\/v2\/tags?post=185589"}],"curies":[{"name":"wp","href":"https:\/\/api.w.org\/{rel}","templated":true}]}}