{"id":185615,"date":"2019-07-23T17:16:13","date_gmt":"2019-07-23T14:16:13","guid":{"rendered":"http:\/\/www.tvturk.com\/index.php\/dunya-liderleri-ve-diplomatlardan-johnsona-tebrik\/"},"modified":"2019-07-23T17:16:13","modified_gmt":"2019-07-23T14:16:13","slug":"dunya-liderleri-ve-diplomatlardan-johnsona-tebrik","status":"publish","type":"post","link":"http:\/\/www.tvturk.com\/index.php\/dunya-liderleri-ve-diplomatlardan-johnsona-tebrik\/","title":{"rendered":"D\u00fcnya liderleri ve diplomatlardan Johnson\u2019a tebrik"},"content":{"rendered":"<p>D\u00fcnya liderleri ve diplomatlar \u0130ngiltere Ba\u015fbakan\u0131 se\u00e7ilen Boris Johnson\u2019\u0131 tebrik etti.<\/p>\n<p>\u0130ngiltere\u2019de Boris Johnson, bug\u00fcn iktidardaki Muhafazakar Parti\u2019nin lideri se\u00e7ildi. Johnson yar\u0131n h\u00fck\u00fcmeti kurmakla g\u00f6revlendirilecek ve \u00fclkenin yeni ba\u015fbakan\u0131 olacak. Johnson\u2019a ilk tebrik ABD Ba\u015fkan\u0131 Donald Trump\u2019tan geldi. Trump, Twitter\u2019dan yapt\u0131\u011f\u0131 payla\u015f\u0131mda, \u201c\u0130ngiltere\u2019nin yeni Ba\u015fbakan\u0131 se\u00e7ilen Boris Johnson\u2019\u0131 tebrik ediyorum. Muhte\u015fem olacak\u201d ifadelerine yer verdi.<\/p>\n<p>Avrupa Birli\u011fi (AB) Komisyonu Ba\u015fkanl\u0131\u011f\u0131na se\u00e7ilen Ursula von der Leyen ile bug\u00fcn Elysee Saray\u0131\u2019nda bir araya gelen Fransa Cumhurba\u015fkan\u0131 Emmanuel Macron, sadece AB meseleleriyle ilgili de\u011fil, \u0130ran ve uluslararas\u0131 g\u00fcvenlik alanlar\u0131nda da Johnson ile \u201cM\u00fcmk\u00fcn oldu\u011funca h\u0131zl\u0131 bir \u015fekilde\u201d \u00e7al\u0131\u015fmak istedi\u011fini s\u00f6yledi. Ursula von der Leyen ise \u201c\u00d6ncelikle, Ba\u015fbakan olarak se\u00e7ildi\u011fi i\u00e7in Boris Johnson\u2019\u0131 tebrik ediyorum. Onunla iyi bir i\u015f ili\u015fkisi kurmay\u0131 d\u00f6rt g\u00f6zle bekliyorum\u201d s\u00f6zleriyle Johnson\u2019\u0131 tebrik etti.<\/p>\n<p>\u0130ran D\u0131\u015fi\u015fleri Bakan\u0131 Muhammed Cevad Zarif Twitter\u2019dan yapt\u0131\u011f\u0131 payla\u015f\u0131mda &#8220;Eski mevkida\u015f\u0131m\u0131 tebrik ediyorum&#8221; ifadelerine yer verdi. \u0130rlanda D\u0131\u015fi\u015fleri Bakan\u0131 Simon Coveney de yeni Ba\u015fbakan Johnson\u2019\u0131 tebrik etti. Simon, \u0130rlanda\u2019n\u0131n Brexit k\u00f6rd\u00fc\u011f\u00fcm\u00fcn\u00fc \u00e7\u00f6zmek i\u00e7in Boris Johnson ile yap\u0131c\u0131 bir \u015fekilde \u00e7al\u0131\u015faca\u011f\u0131n\u0131 belirterek, &#8220;Muhafazakar Parti\u2019nin lideri se\u00e7ilen Boris Johnson\u2019\u0131 tebrik ediyorum\u201d dedi.<\/p>\n","protected":false},"excerpt":{"rendered":"<p>D\u00dcNYA L\u0130DERLER\u0130 VE D\u0130PLOMATLAR \u0130NG\u0130LTERE BA\u015eBAKANI SE\u00c7\u0130LEN BOR\u0130S JOHNSON\u2019I TEBR\u0130K ETT\u0130.<\/p>\n","protected":false},"author":1,"featured_media":185616,"comment_status":"closed","ping_status":"open","sticky":false,"template":"","format":"standard","meta":{"jetpack_post_was_ever_published":false,"_jetpack_newsletter_access":"","_jetpack_dont_email_post_to_subs":false,"_jetpack_newsletter_tier_id":0,"_jetpack_memberships_contains_paywalled_content":false,"_jetpack_memberships_contains_paid_content":false,"footnotes":"","jetpack_publicize_message":"","jetpack_publicize_feature_enabled":true,"jetpack_social_post_already_shared":true,"jetpack_social_options":{"image_generator_settings":{"template":"highway","default_image_id":0,"font":"","enabled":false},"version":2}},"categories":[10],"tags":[349,42565,46049,7010,2272],"class_list":["post-185615","post","type-post","status-publish","format-standard","has-post-thumbnail","hentry","category-dunya","tag-dunya","tag-diplomatlardan","tag-johnsona","tag-liderleri","tag-tebrik"],"jetpack_publicize_connections":[],"jetpack_featured_media_url":"https:\/\/i0.wp.com\/www.tvturk.com\/wp-content\/uploads\/2019\/07\/dunya-liderleri-ve-diplomatlardan-johnsona-tebrik_a56554f.jpg?fit=1000%2C703","jetpack_sharing_enabled":true,"jetpack_shortlink":"https:\/\/wp.me\/paKIfm-MhN","_links":{"self":[{"href":"http:\/\/www.tvturk.com\/index.php\/wp-json\/wp\/v2\/posts\/185615","targetHints":{"allow":["GET"]}}],"collection":[{"href":"http:\/\/www.tvturk.com\/index.php\/wp-json\/wp\/v2\/posts"}],"about":[{"href":"http:\/\/www.tvturk.com\/index.php\/wp-json\/wp\/v2\/types\/post"}],"author":[{"embeddable":true,"href":"http:\/\/www.tvturk.com\/index.php\/wp-json\/wp\/v2\/users\/1"}],"replies":[{"embeddable":true,"href":"http:\/\/www.tvturk.com\/index.php\/wp-json\/wp\/v2\/comments?post=185615"}],"version-history":[{"count":0,"href":"http:\/\/www.tvturk.com\/index.php\/wp-json\/wp\/v2\/posts\/185615\/revisions"}],"wp:featuredmedia":[{"embeddable":true,"href":"http:\/\/www.tvturk.com\/index.php\/wp-json\/wp\/v2\/media\/185616"}],"wp:attachment":[{"href":"http:\/\/www.tvturk.com\/index.php\/wp-json\/wp\/v2\/media?parent=185615"}],"wp:term":[{"taxonomy":"category","embeddable":true,"href":"http:\/\/www.tvturk.com\/index.php\/wp-json\/wp\/v2\/categories?post=185615"},{"taxonomy":"post_tag","embeddable":true,"href":"http:\/\/www.tvturk.com\/index.php\/wp-json\/wp\/v2\/tags?post=185615"}],"curies":[{"name":"wp","href":"https:\/\/api.w.org\/{rel}","templated":true}]}}