{"id":185625,"date":"2019-07-23T17:17:28","date_gmt":"2019-07-23T14:17:28","guid":{"rendered":"http:\/\/www.tvturk.com\/index.php\/fenerbahce-yeni-sezon-hazirliklarini-surdurdu-4\/"},"modified":"2019-07-23T17:17:28","modified_gmt":"2019-07-23T14:17:28","slug":"fenerbahce-yeni-sezon-hazirliklarini-surdurdu-4","status":"publish","type":"post","link":"http:\/\/www.tvturk.com\/index.php\/fenerbahce-yeni-sezon-hazirliklarini-surdurdu-4\/","title":{"rendered":"Fenerbah\u00e7e yeni sezon haz\u0131rl\u0131klar\u0131n\u0131 s\u00fcrd\u00fcrd\u00fc"},"content":{"rendered":"<p>Yeni sezon haz\u0131rl\u0131klar\u0131n\u0131n yurt d\u0131\u015f\u0131 etab\u0131 i\u00e7in Avusturya\u2019da bulunan Fenerbah\u00e7e, bug\u00fcn yapt\u0131\u011f\u0131 antrenmanla \u00e7al\u0131\u015fmalar\u0131n\u0131 s\u00fcrd\u00fcrd\u00fc.<\/p>\n<p>Teknik Direkt\u00f6r Ersun Yanal y\u00f6netiminde ger\u00e7ekle\u015ftirilen antrenman\u0131 VfL Wolfsburg ma\u00e7\u0131nda forma giyen futbolcular rejenerasyon \u00e7al\u0131\u015fmalar\u0131 ile tamamlarken, di\u011fer oyuncular ise ko\u015fu, \u0131s\u0131nma ve koordinasyon hareketleriyle idmana ba\u015flad\u0131. Pas \u00e7al\u0131\u015fmalar\u0131yla devam eden antrenman, h\u00fccum ve defans oyunlar\u0131yla sona erdi.<\/p>\n<p>Sar\u0131-lacivertliler, yeni sezon haz\u0131rl\u0131klar\u0131na ak\u015fam saatlerinde yapaca\u011f\u0131 antrenmanla devam edecek.<\/p>\n","protected":false},"excerpt":{"rendered":"<p>YEN\u0130 SEZON HAZIRLIKLARININ YURT DI\u015eI ETABI \u0130\u00c7\u0130N AVUSTURYA\u2019DA BULUNAN FENERBAH\u00c7E, BUG\u00dcN YAPTI\u011eI ANTRENMANLA \u00c7ALI\u015eMALARINI S\u00dcRD\u00dcRD\u00dc.<\/p>\n","protected":false},"author":1,"featured_media":185626,"comment_status":"closed","ping_status":"open","sticky":false,"template":"","format":"standard","meta":{"jetpack_post_was_ever_published":false,"_jetpack_newsletter_access":"","_jetpack_dont_email_post_to_subs":false,"_jetpack_newsletter_tier_id":0,"_jetpack_memberships_contains_paywalled_content":false,"_jetpack_memberships_contains_paid_content":false,"footnotes":"","jetpack_publicize_message":"","jetpack_publicize_feature_enabled":true,"jetpack_social_post_already_shared":true,"jetpack_social_options":{"image_generator_settings":{"template":"highway","default_image_id":0,"font":"","enabled":false},"version":2}},"categories":[657],"tags":[2626,2628,4954,2629,87],"class_list":["post-185625","post","type-post","status-publish","format-standard","has-post-thumbnail","hentry","category-spor","tag-fenerbahce","tag-hazirliklarini","tag-sezon","tag-surdurdu","tag-yeni"],"jetpack_publicize_connections":[],"jetpack_featured_media_url":"https:\/\/i0.wp.com\/www.tvturk.com\/wp-content\/uploads\/2019\/07\/fenerbahce-yeni-sezon-hazirliklarini-surdurdu_b069659.jpg?fit=1000%2C686","jetpack_sharing_enabled":true,"jetpack_shortlink":"https:\/\/wp.me\/paKIfm-MhX","_links":{"self":[{"href":"http:\/\/www.tvturk.com\/index.php\/wp-json\/wp\/v2\/posts\/185625","targetHints":{"allow":["GET"]}}],"collection":[{"href":"http:\/\/www.tvturk.com\/index.php\/wp-json\/wp\/v2\/posts"}],"about":[{"href":"http:\/\/www.tvturk.com\/index.php\/wp-json\/wp\/v2\/types\/post"}],"author":[{"embeddable":true,"href":"http:\/\/www.tvturk.com\/index.php\/wp-json\/wp\/v2\/users\/1"}],"replies":[{"embeddable":true,"href":"http:\/\/www.tvturk.com\/index.php\/wp-json\/wp\/v2\/comments?post=185625"}],"version-history":[{"count":0,"href":"http:\/\/www.tvturk.com\/index.php\/wp-json\/wp\/v2\/posts\/185625\/revisions"}],"wp:featuredmedia":[{"embeddable":true,"href":"http:\/\/www.tvturk.com\/index.php\/wp-json\/wp\/v2\/media\/185626"}],"wp:attachment":[{"href":"http:\/\/www.tvturk.com\/index.php\/wp-json\/wp\/v2\/media?parent=185625"}],"wp:term":[{"taxonomy":"category","embeddable":true,"href":"http:\/\/www.tvturk.com\/index.php\/wp-json\/wp\/v2\/categories?post=185625"},{"taxonomy":"post_tag","embeddable":true,"href":"http:\/\/www.tvturk.com\/index.php\/wp-json\/wp\/v2\/tags?post=185625"}],"curies":[{"name":"wp","href":"https:\/\/api.w.org\/{rel}","templated":true}]}}