{"id":185631,"date":"2019-07-23T17:31:29","date_gmt":"2019-07-23T14:31:29","guid":{"rendered":"http:\/\/www.tvturk.com\/index.php\/kosovada-irkciliga-karsi-protesto\/"},"modified":"2019-07-23T17:31:29","modified_gmt":"2019-07-23T14:31:29","slug":"kosovada-irkciliga-karsi-protesto","status":"publish","type":"post","link":"http:\/\/www.tvturk.com\/index.php\/kosovada-irkciliga-karsi-protesto\/","title":{"rendered":"Kosova\u2019da \u0131rk\u00e7\u0131l\u0131\u011fa kar\u015f\u0131 protesto"},"content":{"rendered":"<p>Kosova\u2019da 9 ya\u015f\u0131nda bir Roman \u00e7ocu\u011fun \u00f6ld\u00fcr\u00fclmesinin ard\u0131ndan ba\u015fkent Pri\u015ftine\u2019de \u0131rk\u00e7\u0131l\u0131\u011fa kar\u015f\u0131 protesto d\u00fczenlendi.<\/p>\n<p>Kosova\u2019da 9 ya\u015f\u0131ndaki bir Roman \u00e7ocu\u011fun cinayete kurban gitmesi, ba\u015fkent Pri\u015ftine\u2019de \u0131rk\u00e7\u0131l\u0131\u011fa kar\u015f\u0131 protesto d\u00fczenlenmesine neden oldu. \u201cKurumsal cinayetlere kar\u015f\u0131\u201d yaz\u0131l\u0131 pankart ta\u015f\u0131yan g\u00f6stericiler protesto y\u00fcr\u00fcy\u00fc\u015f\u00fc d\u00fczenleyerek, 9 ya\u015f\u0131ndaki \u00e7ocu\u011fun \u00f6ld\u00fcr\u00fclmesinin devlet taraf\u0131ndan \u00f6nlenememesini k\u0131nand\u0131. Kosova Ovas\u0131 belediyesinde ya\u015fanan olayda tecav\u00fcze u\u011frayan \u00e7ocuk daha sonra katil taraf\u0131ndan \u00f6ld\u00fcr\u00fcld\u00fc. Y\u00fczlerce vatanda\u015f\u0131n kat\u0131ld\u0131\u011f\u0131 protesto g\u00f6sterisinde, \u00e7ocu\u011fun polisin vurdumduymazl\u0131\u011f\u0131 y\u00fcz\u00fcnden cinayete kurban gitti\u011fi, olayda savc\u0131l\u0131\u011f\u0131n  da su\u00e7lu oldu\u011fu savunuldu. Protesto g\u00f6sterisinde yap\u0131lan konu\u015fmalarda, i\u015flenen cinayetin \u00f6nlenmesi i\u00e7in tedbir almayan savc\u0131n\u0131n g\u00f6revden al\u0131nmas\u0131 talep edildi. \u00d6ld\u00fcr\u00fclen \u00e7ocu\u011funun ailesinin, \u00e7ocu\u011fa cinsel taciz yap\u0131ld\u0131\u011f\u0131 y\u00f6n\u00fcnde polise 4 defa ihbarda bulunmas\u0131na ra\u011fmen polis taraf\u0131ndan \u00f6nlem al\u0131nmamas\u0131n\u0131n \u0131rk\u00e7\u0131l\u0131\u011fa i\u015faret etti\u011fini belirten konu\u015fmac\u0131lar, yetkililerden sorumluluk talep edeceklerini ifade etti.<\/p>\n<p>Yakla\u015f\u0131k 1 saat s\u00fcren protestonun ard\u0131ndan g\u00f6stericiler da\u011f\u0131ld\u0131.<\/p>\n","protected":false},"excerpt":{"rendered":"<p>KOSOVA\u2019DA 9 YA\u015eINDA B\u0130R ROMAN \u00c7OCU\u011eUN \u00d6LD\u00dcR\u00dcLMES\u0130N\u0130N ARDINDAN BA\u015eKENT PR\u0130\u015eT\u0130NE\u2019DE IRK\u00c7ILI\u011eA KAR\u015eI PROTESTO D\u00dcZENLEND\u0130.<\/p>\n","protected":false},"author":1,"featured_media":185632,"comment_status":"closed","ping_status":"open","sticky":false,"template":"","format":"standard","meta":{"jetpack_post_was_ever_published":false,"_jetpack_newsletter_access":"","_jetpack_dont_email_post_to_subs":false,"_jetpack_newsletter_tier_id":0,"_jetpack_memberships_contains_paywalled_content":false,"_jetpack_memberships_contains_paid_content":false,"footnotes":"","jetpack_publicize_message":"","jetpack_publicize_feature_enabled":true,"jetpack_social_post_already_shared":true,"jetpack_social_options":{"image_generator_settings":{"template":"highway","default_image_id":0,"font":"","enabled":false},"version":2}},"categories":[10],"tags":[27617,2541,5348,831],"class_list":["post-185631","post","type-post","status-publish","format-standard","has-post-thumbnail","hentry","category-dunya","tag-irkciliga","tag-karsi","tag-kosovada","tag-protesto"],"jetpack_publicize_connections":[],"jetpack_featured_media_url":"https:\/\/i0.wp.com\/www.tvturk.com\/wp-content\/uploads\/2019\/07\/kosovada-irkciliga-karsi-protesto_ce7dc83.jpg?fit=1000%2C778","jetpack_sharing_enabled":true,"jetpack_shortlink":"https:\/\/wp.me\/paKIfm-Mi3","_links":{"self":[{"href":"http:\/\/www.tvturk.com\/index.php\/wp-json\/wp\/v2\/posts\/185631","targetHints":{"allow":["GET"]}}],"collection":[{"href":"http:\/\/www.tvturk.com\/index.php\/wp-json\/wp\/v2\/posts"}],"about":[{"href":"http:\/\/www.tvturk.com\/index.php\/wp-json\/wp\/v2\/types\/post"}],"author":[{"embeddable":true,"href":"http:\/\/www.tvturk.com\/index.php\/wp-json\/wp\/v2\/users\/1"}],"replies":[{"embeddable":true,"href":"http:\/\/www.tvturk.com\/index.php\/wp-json\/wp\/v2\/comments?post=185631"}],"version-history":[{"count":0,"href":"http:\/\/www.tvturk.com\/index.php\/wp-json\/wp\/v2\/posts\/185631\/revisions"}],"wp:featuredmedia":[{"embeddable":true,"href":"http:\/\/www.tvturk.com\/index.php\/wp-json\/wp\/v2\/media\/185632"}],"wp:attachment":[{"href":"http:\/\/www.tvturk.com\/index.php\/wp-json\/wp\/v2\/media?parent=185631"}],"wp:term":[{"taxonomy":"category","embeddable":true,"href":"http:\/\/www.tvturk.com\/index.php\/wp-json\/wp\/v2\/categories?post=185631"},{"taxonomy":"post_tag","embeddable":true,"href":"http:\/\/www.tvturk.com\/index.php\/wp-json\/wp\/v2\/tags?post=185631"}],"curies":[{"name":"wp","href":"https:\/\/api.w.org\/{rel}","templated":true}]}}