{"id":185639,"date":"2019-07-23T18:02:31","date_gmt":"2019-07-23T15:02:31","guid":{"rendered":"http:\/\/www.tvturk.com\/index.php\/irfan-buz-ilk-hedefimiz-tff-1-lige-cikmak\/"},"modified":"2019-07-23T18:02:31","modified_gmt":"2019-07-23T15:02:31","slug":"irfan-buz-ilk-hedefimiz-tff-1-lige-cikmak","status":"publish","type":"post","link":"http:\/\/www.tvturk.com\/index.php\/irfan-buz-ilk-hedefimiz-tff-1-lige-cikmak\/","title":{"rendered":"\u0130rfan Buz: \u201c\u0130lk hedefimiz TFF 1. Lig\u2019e \u00e7\u0131kmak&#8221;"},"content":{"rendered":"<p>TFF 2. Lig tak\u0131mlar\u0131ndan Samsunspor\u2019un Teknik Direkt\u00f6r\u00fc \u0130rfan Buz, ilk hedeflerinin TFF 1. Lig\u2019e \u00e7\u0131kmak oldu\u011funu s\u00f6yledi.<\/p>\n<p>1\u2019inci etap \u00e7al\u0131\u015fmalar\u0131n\u0131 Bolu\u2019da yapt\u0131\u011f\u0131 kampta s\u00fcrd\u00fcren Samsunspor\u2019da Teknik Direkt\u00f6r \u0130rfan Buz, kamp, transferler ve hedefler hakk\u0131nda a\u00e7\u0131klamalarda bulundu. Samsunspor\u2019un potansiyelinden ve ideallerinden bahseden Buz, ilk olarak 1. Lig\u2019e \u00e7\u0131kmak istediklerini a\u00e7\u0131klad\u0131.<\/p>\n<p>\u201c1\u2019inci hedefimiz, TFF 1. Lig\u2019e \u00e7\u0131kmak\u201d<\/p>\n<p>Hedeflerinin net oldu\u011funu belirten Buz, \u201cHedefleri net olan bir camiaya geldik. Proje olarak burada 3 sene imzalad\u0131k. Hedeflerimiz net. \u00d6zellikle bu sene \u00e7ok zor olan bu ligden \u00e7\u0131kmak. Ondan sonra \u00f6n\u00fcm\u00fczdeki y\u0131lda iyi bir yap\u0131lanmayla birlikte hedef olarak devam etmek. Samsunspor, g\u00fczel bir camia, \u00e7ok k\u00f6kl\u00fc bir camia. Taraftar\u0131yla, stad\u0131yla, \u015fehriyle birlikte \u00e7ok \u00f6nemli bir kul\u00fcp. \u0130n\u015fallah \u00f6n\u00fcm\u00fczdeki y\u0131llarda S\u00fcper Lig\u2019de olaca\u011f\u0131m\u0131z\u0131 d\u00fc\u015f\u00fcn\u00fcyoruz. Ba\u015fkan\u0131m\u0131z \u0130smail Uyan\u0131k, \u00e7ok \u00f6nemli bir ba\u015fkan ve \u00e7ok tecr\u00fcbeli. Samsunspor \u015firketle\u015fti. Y\u0131ld\u0131r\u0131m Holding\u2019in ba\u015f\u0131nda Y\u00fcksel Y\u0131ld\u0131r\u0131m. \u00c7ok de\u011ferli insanlar bir araya geldi. Birinci hedefimiz \u00e7ok zor olan bu ligden \u00e7\u0131k\u0131p TFF 1. Lig\u2019de devam etmektir. Ondan sonraki hedefleri orada devam ettirece\u011fiz\u201d dedi.<\/p>\n<p>\u201cBu ligde hi\u00e7 \u00e7al\u0131\u015fmad\u0131m\u201d<\/p>\n<p>Samsunspor projesine inand\u0131\u011f\u0131n\u0131 ve bu ligde \u00e7al\u0131\u015fmay\u0131 kabul etti\u011fini ifade eden \u0130rfan Buz, \u201cNokta transferler yapmak istedik. Son olarak Gazi\u015fehir Gaziantepspor\u2019dan Yal\u00e7\u0131n K\u0131l\u0131n\u00e7\u2019\u0131 ald\u0131k. Transferlerimiz \u00e7ok de\u011ferli. Bu ligde oynad\u0131\u011f\u0131n\u0131zda homojenik bir yap\u0131ya sahip olman\u0131z gerekiyor. Ligi de bilmeniz gerekiyor. Asl\u0131nda ben bu ligde hi\u00e7 \u00e7al\u0131\u015fmad\u0131m. Benim i\u00e7inde daha farkl\u0131. Ama ciddi bir proje oldu\u011fu i\u00e7in cesaretle bunun \u00fczerine gitmek istedim. Ger\u00e7ekten beni heyecanland\u0131rd\u0131 ve \u00e7ok da mutluyum. Bu ligde \u00f6nemli olan do\u011fru, homojenik bir yap\u0131ya sahip olman\u0131z gerekiyor. \u00c7\u00fcnk\u00fc fiziki \u015fartlar, \u00f6zellikle deplasmana \u00e7\u0131kt\u0131\u011f\u0131n\u0131z zaman \u00e7ok \u00e7ok farkl\u0131 oluyor. Ondan dolay\u0131 do\u011fru ve \u00f6nemli transferler yapt\u0131\u011f\u0131m\u0131z\u0131 d\u00fc\u015f\u00fcn\u00fcyoruz. Bu ligden ve \u00fcst ligden futbolcularla birlikte, kendi de\u011ferli olan futbolcular\u0131m\u0131z\u0131 \u00f6n\u00fcm\u00fczdeki d\u00f6nem herkes g\u00f6recek. Samsunspor\u2019un kendisine ait sahip oldu\u011fu de\u011ferli futbolcular\u0131 da herkes g\u00f6recek. Bizim i\u00e7in \u00f6nemli olan bu sene buradan \u00e7\u0131kmak. Bunu da ba\u015faraca\u011f\u0131m\u0131za kesinlikle inan\u0131yorum. \u00c7ok de\u011ferli insanlar bir araya geldi. Genel Menajerimiz Mustafa Aztopal, Teknik Menajerimiz Y\u00fccel Uyar ile birlikte di\u011fer arkada\u015flar\u0131m\u0131z da \u00e7ok iyi \u00e7al\u0131\u015f\u0131yor. Hedeflerimize ula\u015faca\u011f\u0131m\u0131za kesinlikle inan\u0131yorum\u201d diye konu\u015ftu.<\/p>\n<p>Son olarak Bolu kamp\u0131n\u0131 de\u011ferlendiren Buz, \u015funlar\u0131 s\u00f6yledi:<\/p>\n<p>\u201cParametrelere bakt\u0131\u011f\u0131n\u0131zda Samsun\u2019un her \u015feyi var. Stadyumu g\u00fczel, taraftar\u0131 g\u00fczel. B\u00fcy\u00fck bir taraftara sahip k\u00f6kl\u00fc bir kul\u00fcp. \u00c7ok iyi \u00e7al\u0131\u015f\u0131yoruz. Ortam\u0131m\u0131z\u0131 g\u00fczel. Samsun\u2019da bir adaptasyon s\u00fcrecini ge\u00e7irdik ve Bolu\u2019ya geldik. Sonradan yine Samsun\u2019da, oradan da Erzurum\u2019a ge\u00e7ece\u011fiz. Erzurum\u2019dan sonra da Allah nasip ederse eyl\u00fclde lige ba\u015flay\u0131p ilk ma\u00e7\u0131m\u0131z\u0131 ald\u0131ktan sonra yolumuza devam etmek istiyoruz.\u201d<\/p>\n","protected":false},"excerpt":{"rendered":"<p>TFF 2. L\u0130G TAKIMLARINDAN SAMSUNSPOR\u2019UN TEKN\u0130K D\u0130REKT\u00d6R\u00dc \u0130RFAN BUZ, \u0130LK HEDEFLER\u0130N\u0130N TFF 1. L\u0130G\u2019E \u00c7IKMAK OLDU\u011eUNU S\u00d6YLED\u0130.<\/p>\n","protected":false},"author":1,"featured_media":185640,"comment_status":"closed","ping_status":"open","sticky":false,"template":"","format":"standard","meta":{"jetpack_post_was_ever_published":false,"_jetpack_newsletter_access":"","_jetpack_dont_email_post_to_subs":false,"_jetpack_newsletter_tier_id":0,"_jetpack_memberships_contains_paywalled_content":false,"_jetpack_memberships_contains_paid_content":false,"footnotes":"","jetpack_publicize_message":"","jetpack_publicize_feature_enabled":true,"jetpack_social_post_already_shared":true,"jetpack_social_options":{"image_generator_settings":{"template":"highway","default_image_id":0,"font":"","enabled":false},"version":2}},"categories":[657],"tags":[5159,1037,3381,37,12653,4364,4477],"class_list":["post-185639","post","type-post","status-publish","format-standard","has-post-thumbnail","hentry","category-spor","tag-hedefimiz","tag-buz","tag-cikmak","tag-ilk","tag-irfan","tag-lige","tag-tff"],"jetpack_publicize_connections":[],"jetpack_featured_media_url":"https:\/\/i0.wp.com\/www.tvturk.com\/wp-content\/uploads\/2019\/07\/irfan-buz-ilk-hedefimiz-tff-1-lige-cikmak_20e7b5e.jpg?fit=1000%2C824","jetpack_sharing_enabled":true,"jetpack_shortlink":"https:\/\/wp.me\/paKIfm-Mib","_links":{"self":[{"href":"http:\/\/www.tvturk.com\/index.php\/wp-json\/wp\/v2\/posts\/185639","targetHints":{"allow":["GET"]}}],"collection":[{"href":"http:\/\/www.tvturk.com\/index.php\/wp-json\/wp\/v2\/posts"}],"about":[{"href":"http:\/\/www.tvturk.com\/index.php\/wp-json\/wp\/v2\/types\/post"}],"author":[{"embeddable":true,"href":"http:\/\/www.tvturk.com\/index.php\/wp-json\/wp\/v2\/users\/1"}],"replies":[{"embeddable":true,"href":"http:\/\/www.tvturk.com\/index.php\/wp-json\/wp\/v2\/comments?post=185639"}],"version-history":[{"count":0,"href":"http:\/\/www.tvturk.com\/index.php\/wp-json\/wp\/v2\/posts\/185639\/revisions"}],"wp:featuredmedia":[{"embeddable":true,"href":"http:\/\/www.tvturk.com\/index.php\/wp-json\/wp\/v2\/media\/185640"}],"wp:attachment":[{"href":"http:\/\/www.tvturk.com\/index.php\/wp-json\/wp\/v2\/media?parent=185639"}],"wp:term":[{"taxonomy":"category","embeddable":true,"href":"http:\/\/www.tvturk.com\/index.php\/wp-json\/wp\/v2\/categories?post=185639"},{"taxonomy":"post_tag","embeddable":true,"href":"http:\/\/www.tvturk.com\/index.php\/wp-json\/wp\/v2\/tags?post=185639"}],"curies":[{"name":"wp","href":"https:\/\/api.w.org\/{rel}","templated":true}]}}