{"id":185647,"date":"2019-07-23T18:31:42","date_gmt":"2019-07-23T15:31:42","guid":{"rendered":"http:\/\/www.tvturk.com\/index.php\/kula-leblebisine-cografi-isaret-belgesi\/"},"modified":"2019-07-23T18:31:42","modified_gmt":"2019-07-23T15:31:42","slug":"kula-leblebisine-cografi-isaret-belgesi","status":"publish","type":"post","link":"http:\/\/www.tvturk.com\/index.php\/kula-leblebisine-cografi-isaret-belgesi\/","title":{"rendered":"Kula leblebisine co\u011frafi i\u015faret belgesi"},"content":{"rendered":"<p>Kula\u2019n\u0131n me\u015fhur lezzetlerinden biri olan ve ge\u00e7mi\u015fi bir as\u0131rdan fazla s\u00fcreye dayanan Kula leblebisi, Salihli Ticaret ve Sanayi Odas\u0131n\u0131n (STSO) giri\u015fimleriyle Co\u011frafi \u0130\u015faret Belgesi almaya hak kazand\u0131.<\/p>\n<p>Kula\u2019n\u0131n tarihi ve turistik yap\u0131s\u0131n\u0131n tan\u0131t\u0131lmas\u0131 ve Kula\u2019ya has \u00f6gelerin markala\u015ft\u0131r\u0131lmas\u0131 i\u00e7in \u00e7al\u0131\u015fmalara ba\u015flayan Salihli Ticaret ve Sanayi Odas\u0131 (STSO), Kula leblebisinin d\u00fcnya markas\u0131 haline gelebilmesi i\u00e7in y\u00fcr\u00fctt\u00fc\u011f\u00fc \u00e7al\u0131\u015fmalarda ba\u015far\u0131ya ula\u015ft\u0131. Kula leblebisine co\u011frafi i\u015faret belgesinin al\u0131nabilmesi i\u00e7in STSO Marka Dan\u0131\u015fman\u0131 Ay\u015fe Kahya\u2019n\u0131n y\u00fcr\u00fctt\u00fc\u011f\u00fc ve Kulal\u0131 leblebi \u00fcreticilerinin destekledi\u011fi proje ba\u015far\u0131yla sonu\u00e7 verdi. Uzun u\u011fra\u015flar sonucunda markala\u015ft\u0131r\u0131lmas\u0131 kabul g\u00f6r\u00fclen co\u011frafi i\u015faret tescil belgesi ile Kula leblebisi markala\u015fma yolunda ilk ad\u0131m\u0131 at\u0131lm\u0131\u015f oldu.<\/p>\n<p>Yap\u0131lan \u00e7al\u0131\u015fmalar\u0131n ard\u0131ndan co\u011frafi i\u015faret tescil belgesi al\u0131nan Kula leblebisinin tan\u0131t\u0131m\u0131n\u0131n art\u0131r\u0131lmas\u0131 i\u00e7in Kula\u2019da toplant\u0131 d\u00fczenleyen Salihli Ticaret ve Sanayi Odas\u0131, leblebi \u00fcreticileri ile bir araya geldi. Kula Kaymakam\u0131 Kemal Duru\u2019nun da kat\u0131ld\u0131\u011f\u0131 toplant\u0131da, Kula leblebisinin d\u00fcnya markas\u0131 haline getirilmesi i\u00e7in g\u00f6r\u00fc\u015fmeler yap\u0131ld\u0131.<\/p>\n<p>Toplant\u0131n\u0131n a\u00e7\u0131l\u0131\u015f konu\u015fmas\u0131n\u0131 yapan Kula Kaymakam\u0131 Kemal Duru, tarihi ve turistik bir yap\u0131ya sahip olan Kula\u2019ya has leblebinin d\u00fcnya geneline yayg\u0131nla\u015ft\u0131r\u0131lmas\u0131 i\u00e7in yap\u0131lan bu \u00e7al\u0131\u015fmalar\u0131 yak\u0131ndan takip etti\u011fini vurgulad\u0131. Co\u011frafi i\u015faret tescil belgesi al\u0131nan Kula leblebisinin tan\u0131t\u0131m\u0131 i\u00e7in \u00e7al\u0131\u015fmalar\u0131na devam ettiklerini de ifade eden Kaymakam Duru, STSO\u2019nun gayretli \u00e7al\u0131\u015fmalar\u0131ndan \u00f6t\u00fcr\u00fc te\u015fekk\u00fcr etti. Kula\u2019daki leblebi imalat\u0131n\u0131n yan\u0131 s\u0131ra b\u00f6lgede seyahat eden vatanda\u015flar\u0131n s\u0131k kulland\u0131\u011f\u0131 \u0130zmir-Ankara D300 karayolu \u00fczerine sat\u0131\u015f yerleri a\u00e7\u0131lmas\u0131 i\u00e7in sivil toplum kurulu\u015f ba\u015fkanlar\u0131 ile isti\u015fareler yapacaklar\u0131n\u0131 ifade eden Kaymakam Duru, Kula leblebisine al\u0131nan co\u011frafi i\u015faret tescil belgesinin Kula\u2019ya ve Kulal\u0131lara hay\u0131rl\u0131 olmas\u0131n\u0131 temenni etti.<\/p>\n<p>Salihli Ticaret ve Sanayi Odas\u0131 Y\u00f6netim Kurulu Ba\u015fkan\u0131 \u0130brahim Y\u00fcksel ise, STSO Marka Dan\u0131\u015fman\u0131 Ay\u015fe Kahya\u2019n\u0131n y\u00fcr\u00fctt\u00fc\u011f\u00fc co\u011frafi i\u015faret belgesi al\u0131nma s\u00fcrecinden bahsetti. Uzun u\u011fra\u015flar sonucu Kula\u2019ya bu belgenin kazand\u0131r\u0131lmas\u0131n\u0131n mutlulu\u011funu ya\u015fad\u0131\u011f\u0131n\u0131 ifade eden ba\u015fkan Y\u00fcksel, Kula leblebisinin tan\u0131t\u0131m\u0131 i\u00e7in de ayr\u0131ca \u00e7al\u0131\u015ft\u0131klar\u0131n\u0131 s\u00f6yledi.<\/p>\n<p>\u201cHam madde olan nohudu da Kula\u2019da \u00fcretmek istiyoruz\u201d<\/p>\n<p>Salihli Ticaret ve Sanayi Odas\u0131 olarak Kula\u2019daki me\u015fhur lezzetlerin ve tarihi yap\u0131lar\u0131n marka haline getirilmesi i\u00e7in g\u00fc\u00e7 birli\u011fi ile \u00e7al\u0131\u015ft\u0131klar\u0131n\u0131 ifade eden Ba\u015fkan Y\u00fcksel, co\u011frafi i\u015faret tescil belgesi al\u0131nan Kula leblebisinin ham maddesi olan nohudun Kula\u2019da yeti\u015ftirilmesi i\u00e7in giri\u015fimde bulunduklar\u0131n\u0131 kaydetti. Y\u00fcksel, &#8220;Salihli\u2019de oldu\u011fu kadar Kula\u2019da da me\u015fhur lezzetleri ve tarihi yap\u0131lar\u0131 marka haline getirmek i\u00e7in gayret ediyoruz. Kula leblebisi i\u00e7in leblebi \u00fcreticileri ve odam\u0131z marka dan\u0131\u015fman\u0131 Ay\u015fe Kahya ile y\u00fcr\u00fctt\u00fc\u011f\u00fcm\u00fcz co\u011frafi i\u015faret tescil belgesini, b\u00fcy\u00fck u\u011fra\u015flar sonucu Kula\u2019ya kazand\u0131rd\u0131k. Kula leblebisini marka haline getirmek i\u00e7in y\u00fcr\u00fctt\u00fc\u011f\u00fcm\u00fcz \u00e7al\u0131\u015fmalar\u0131n yan\u0131 s\u0131ra, leblebinin ham maddesi olan nohudu Kula\u2019da yeti\u015ftirebilmek i\u00e7in de ayr\u0131ca \u00e7al\u0131\u015fmalar y\u00fcr\u00fct\u00fcyoruz. Tabii ki bu konuda, Kula Kaymakaml\u0131\u011f\u0131, Kulla Belediyesi, sivil toplum kurulu\u015flar\u0131 ve esnaflar\u0131m\u0131z\u0131n da deste\u011fine ihtiyac\u0131m\u0131z olacak. \u00dclkemiz s\u0131n\u0131rlar\u0131 i\u00e7erisinde co\u011frafi belgeli leblebi \u00fcretimi yapan d\u00f6rd\u00fcnc\u00fc b\u00f6lge olarak tescil belgemizi ald\u0131k. Bir di\u011fer yandan Kula leblebisinin d\u00fcnya markas\u0131 haline gelebilmesi i\u00e7in yapt\u0131\u011f\u0131m\u0131z \u00e7al\u0131\u015fmalar\u0131n, Kula\u2019n\u0131n ekonomisine katk\u0131 sa\u011flamas\u0131 i\u00e7in de gayret ediyoruz. Kaymakam\u0131m\u0131z Kemal Duru\u2019nun da belirtti\u011fi gibi, sadece \u00fcretim alan\u0131nda de\u011fil, leblebinin sat\u0131\u015f\u0131n\u0131n yap\u0131lmas\u0131 i\u00e7in belirlenecek b\u00f6lgeye kurulacak sat\u0131\u015f yerlerinin yap\u0131lmas\u0131n\u0131 bizlerde destekliyoruz ve bu konuda elimizden ne geliyorsa yapmaya \u00e7al\u0131\u015f\u0131yoruz. Ben bu co\u011frafi i\u015faret belgesinin Kula\u2019ya ve Kulal\u0131 vatanda\u015flar\u0131m\u0131za hay\u0131rl\u0131 olmas\u0131n\u0131n temenni ediyorum. \u0130n\u015fallah bu belge ile leblebi \u00fcreticimizin y\u00fcz\u00fc g\u00fcler, Kula\u2019n\u0131n ticareti de bir ad\u0131m daha ileriye gitmi\u015f olur.\u201d ifadelerini kulland\u0131.<\/p>\n<p>STSO\u2019nun giri\u015fimleri ile al\u0131nan co\u011frafi i\u015faret belgesinden \u00f6t\u00fcr\u00fc eme\u011fi ge\u00e7en herkese te\u015fekk\u00fcr eden Kula Esnaf ve Sanatkarlar Odas\u0131 Ba\u015fkan\u0131 Aytekin \u015eadan ise, sivil toplum kurulu\u015flar\u0131 olarak Kula ad\u0131na yap\u0131lacak \u00e7al\u0131\u015fmalarda her zaman destek vermeye haz\u0131r olduklar\u0131n\u0131 s\u00f6yledi.<\/p>\n<p>Konu\u015fmalar\u0131n ard\u0131ndan STSO Y\u00f6netim Kurulu Ba\u015fkan\u0131 \u0130brahim Y\u00fcksel, Kula Kaymakam\u0131 Kemal Duru\u2019ya, temsili co\u011frafi i\u015faret tescil belgesi takdim etti.<\/p>\n<p>Kula Belediyesi ek hizmet binas\u0131 toplant\u0131 salonunda ger\u00e7ekle\u015ftirilen toplant\u0131ya, Kula Kaymakam\u0131 Kemal Duru, STSO Y\u00f6netim Kurulu Ba\u015fkan\u0131 \u0130brahim Y\u00fcksel, Belediye Ba\u015fkan Vekili \u0130brahim Kilimci, STSO Marka Dan\u0131\u015fman\u0131 Ay\u015fe Kahya, STSO Meclis Ba\u015fkan\u0131 \u0130brahim Oral, Kula Esnaf ve Sanatkarlar Odas\u0131 Ba\u015fkan\u0131 Aytekin \u015eadan, Esnaf Sanatkarlar Kredi ve Kefalet Kooperatifi Ba\u015fkan\u0131 Ali Yi\u011fen, Dokumac\u0131lar Tuhafiyeciler ve Konfeksiyoncular Odas\u0131 Ba\u015fkan\u0131 Ercan Y\u0131ld\u0131r\u0131m, Kula Leblebiciler Kooperatifi \u0130brahim Karc\u0131o\u011flu, Dericiler Odas\u0131 Ba\u015fkan\u0131 Yunus Kilimci, leblebi \u00fcreticileri ve STSO y\u00f6netim kurulu \u00fcyeleri kat\u0131ld\u0131.<\/p>\n","protected":false},"excerpt":{"rendered":"<p>KULA\u2019NIN ME\u015eHUR LEZZETLER\u0130NDEN B\u0130R\u0130 OLAN VE GE\u00c7M\u0130\u015e\u0130 B\u0130R ASIRDAN FAZLA S\u00dcREYE DAYANAN KULA LEBLEB\u0130S\u0130, SAL\u0130HL\u0130 T\u0130CARET VE SANAY\u0130 ODASI\u2019NI(STSO) G\u0130R\u0130\u015e\u0130MLER\u0130YLE CO\u011eRAF\u0130 \u0130\u015eARET BELGES\u0130 ALMAYA HAK KAZANDI.<\/p>\n","protected":false},"author":1,"featured_media":185648,"comment_status":"closed","ping_status":"open","sticky":false,"template":"","format":"standard","meta":{"jetpack_post_was_ever_published":false,"_jetpack_newsletter_access":"","_jetpack_dont_email_post_to_subs":false,"_jetpack_newsletter_tier_id":0,"_jetpack_memberships_contains_paywalled_content":false,"_jetpack_memberships_contains_paid_content":false,"footnotes":"","jetpack_publicize_message":"","jetpack_publicize_feature_enabled":true,"jetpack_social_post_already_shared":true,"jetpack_social_options":{"image_generator_settings":{"template":"highway","default_image_id":0,"font":"","enabled":false},"version":2}},"categories":[19],"tags":[5235,17603,1738,8647,46053],"class_list":["post-185647","post","type-post","status-publish","format-standard","has-post-thumbnail","hentry","category-ekonomi","tag-belgesi","tag-cografi","tag-isaret","tag-kula","tag-leblebisine"],"jetpack_publicize_connections":[],"jetpack_featured_media_url":"https:\/\/i0.wp.com\/www.tvturk.com\/wp-content\/uploads\/2019\/07\/kula-leblebisine-cografi-isaret-belgesi_f75ad23.jpg?fit=1000%2C666","jetpack_sharing_enabled":true,"jetpack_shortlink":"https:\/\/wp.me\/paKIfm-Mij","_links":{"self":[{"href":"http:\/\/www.tvturk.com\/index.php\/wp-json\/wp\/v2\/posts\/185647","targetHints":{"allow":["GET"]}}],"collection":[{"href":"http:\/\/www.tvturk.com\/index.php\/wp-json\/wp\/v2\/posts"}],"about":[{"href":"http:\/\/www.tvturk.com\/index.php\/wp-json\/wp\/v2\/types\/post"}],"author":[{"embeddable":true,"href":"http:\/\/www.tvturk.com\/index.php\/wp-json\/wp\/v2\/users\/1"}],"replies":[{"embeddable":true,"href":"http:\/\/www.tvturk.com\/index.php\/wp-json\/wp\/v2\/comments?post=185647"}],"version-history":[{"count":0,"href":"http:\/\/www.tvturk.com\/index.php\/wp-json\/wp\/v2\/posts\/185647\/revisions"}],"wp:featuredmedia":[{"embeddable":true,"href":"http:\/\/www.tvturk.com\/index.php\/wp-json\/wp\/v2\/media\/185648"}],"wp:attachment":[{"href":"http:\/\/www.tvturk.com\/index.php\/wp-json\/wp\/v2\/media?parent=185647"}],"wp:term":[{"taxonomy":"category","embeddable":true,"href":"http:\/\/www.tvturk.com\/index.php\/wp-json\/wp\/v2\/categories?post=185647"},{"taxonomy":"post_tag","embeddable":true,"href":"http:\/\/www.tvturk.com\/index.php\/wp-json\/wp\/v2\/tags?post=185647"}],"curies":[{"name":"wp","href":"https:\/\/api.w.org\/{rel}","templated":true}]}}