{"id":185657,"date":"2019-07-23T18:46:38","date_gmt":"2019-07-23T15:46:38","guid":{"rendered":"http:\/\/www.tvturk.com\/index.php\/turkiyenin-sifir-atik-temali-ilk-festivali-kapikayafest\/"},"modified":"2019-07-23T18:46:38","modified_gmt":"2019-07-23T15:46:38","slug":"turkiyenin-sifir-atik-temali-ilk-festivali-kapikayafest","status":"publish","type":"post","link":"http:\/\/www.tvturk.com\/index.php\/turkiyenin-sifir-atik-temali-ilk-festivali-kapikayafest\/","title":{"rendered":"T\u00fcrkiye\u2019nin S\u0131f\u0131r At\u0131k temal\u0131 ilk festivali: &#8220;Kap\u0131kayafest&#8221;"},"content":{"rendered":"<p>Bafra Belediyesi, Cumhurba\u015fkan\u0131 Recep Tayyip Erdo\u011fan\u2019\u0131n e\u015fi Emine Erdo\u011fan\u2019\u0131n \u00f6nc\u00fcl\u00fc\u011f\u00fcnde \u00c7evre ve \u015eehircilik Bakanl\u0131\u011f\u0131nca ba\u015flat\u0131lan \u2018S\u0131f\u0131r At\u0131k Projesi\u2019ni t\u00fcm her platformda hayata ge\u00e7irerek desteklemeye devam ediyor.<\/p>\n<p>\u0130sraf\u0131n \u00f6nlenmesini, kaynaklar\u0131n daha verimli kullan\u0131lmas\u0131n\u0131, olu\u015fan at\u0131k miktar\u0131n\u0131n azalt\u0131lmas\u0131n\u0131, etkin toplama sisteminin kurulmas\u0131n\u0131, at\u0131klar\u0131n geri d\u00f6n\u00fc\u015ft\u00fcr\u00fclmesini kapsayan at\u0131k \u00f6nleme yakla\u015f\u0131m\u0131 ile ba\u015flat\u0131lan S\u0131f\u0131r At\u0131k Projesi, bu y\u0131l \u00fc\u00e7\u00fcnc\u00fcs\u00fc ger\u00e7ekle\u015fecek olan Kap\u0131kaya Do\u011fa Sporlar\u0131 ve K\u00fclt\u00fcr Festivali\u2019nde de uygulanacak.<\/p>\n<p>\u201cDo\u011fay\u0131 ya\u015fat, sporu ya\u015fa\u201d slogan\u0131yla \u00fczerinde hassasiyetle durulan 3.Do\u011fa Sporlar\u0131 ve K\u00fclt\u00fcr Festivali\u2019nde, s\u0131f\u0131r at\u0131k ile ilgili \u00e7e\u015fitli aktiviteler yap\u0131lacak.<\/p>\n<p>\u201cD\u00f6n\u00fc\u015f\u00fcm Seninle Ba\u015flar\u201d slogan\u0131yla haz\u0131rlanan kutular\u0131 festival alan\u0131nda \u00e7e\u015fitli noktalara yerle\u015ftirecek olan Bafra Belediyesi Temizlik \u0130\u015fleri M\u00fcd\u00fcrl\u00fc\u011f\u00fc b\u00fcnyesinde yer alan personellerden bir k\u0131sm\u0131n\u0131 da festival s\u00fcresince geri d\u00f6n\u00fc\u015f\u00fcm\u00fc m\u00fcmk\u00fcn olan at\u0131klar\u0131 toplamakla g\u00f6revlendirecek.<\/p>\n<p>Bafra Belediyesi ayr\u0131ca festival alan\u0131nda \u00e7e\u015fitli yerlere yerle\u015ftirdikleri pankart ve afi\u015flerle s\u0131f\u0131r at\u0131k ve geri d\u00f6n\u00fc\u015f\u00fcm\u00fcn alt\u0131n\u0131 \u00e7izecek.<\/p>\n<p>Kap\u0131kaya Do\u011fa Sporlar\u0131 ve K\u00fclt\u00fcr Festivali, s\u0131f\u0131r at\u0131k temal\u0131 ilk festival olmas\u0131 ile de ad\u0131ndan s\u00f6z ettirecek.<\/p>\n<p>Kap\u0131kayafest ilk ve \u00f6nc\u00fc olacak<\/p>\n<p>Belediye Ba\u015fkan\u0131 Hamit K\u0131l\u0131\u00e7 konu ile ilgili olarak yapt\u0131\u011f\u0131 a\u00e7\u0131klamada, \u201cCumhurba\u015fkan\u0131m\u0131z Recep Tayyip Erdo\u011fan\u2019\u0131n e\u015fi Emine Erdo\u011fan han\u0131mefendi \u00f6nc\u00fcl\u00fc\u011f\u00fcnde \u00c7evre ve \u015eehircilik Bakanl\u0131\u011f\u0131nca ba\u015flat\u0131lan S\u0131f\u0131r At\u0131k Projesi\u2019ne Kap\u0131kayafest\u2019te de destek verece\u011fiz. Do\u011fay\u0131 Ya\u015fat, Sporu Ya\u015fa slogan\u0131n\u0131 ile \u00e7\u0131kt\u0131\u011f\u0131m\u0131z festival yolunda, d\u00f6n\u00fc\u015f\u00fcm seninle ba\u015flar temal\u0131 s\u0131f\u0131r at\u0131k projesi halk\u0131m\u0131za bir kez daha anlatarak \u00f6nc\u00fc olmak istiyoruz\u201d dedi.<\/p>\n<p>T\u00fcrkiye\u2019nin S\u0131f\u0131r At\u0131k temal\u0131 ilk festivali olacak olan Kap\u0131kayafest\u2019i organize etmekten memnun olduklar\u0131n\u0131 ifade eden Ba\u015fkan K\u0131l\u0131\u00e7, \u201cFestival s\u00fcresince, b\u00f6ylesi \u00f6nemli bir konunun daha fazla dikkate al\u0131nmas\u0131 i\u00e7in gayret g\u00f6sterece\u011fiz. \u00c7evre kirlili\u011fi ve geri d\u00f6n\u00fc\u015f\u00fcm imk\u00e2n\u0131 olan at\u0131klar\u0131n en fazla e\u011flence alanlar\u0131nda oldu\u011fu ger\u00e7e\u011fini de g\u00f6z \u00f6n\u00fcne al\u0131rsak Kap\u0131kaya Do\u011fa Sporlar\u0131 Festivalimiz \u00f6nc\u00fc ve \u00f6rnek olacak\u201d diye konu\u015ftu.<\/p>\n<p>Bafra Belediyesi taraf\u0131ndan organize edilen ve 24-28 Temmuz 2019 tarihleri aras\u0131nda yap\u0131lacak olan 3.Kap\u0131kaya Do\u011fa Sporlar\u0131 ve K\u00fclt\u00fcr Festivali\u2019nin a\u00e7\u0131l\u0131\u015f merasimi 25 Temmuz Per\u015fembe g\u00fcn\u00fc yap\u0131lacak.<\/p>\n","protected":false},"excerpt":{"rendered":"<p>BAFRA BELED\u0130YES\u0130, CUMHURBA\u015eKANI RECEP TAYY\u0130P ERDO\u011eAN\u2019IN E\u015e\u0130 EM\u0130NE ERDO\u011eAN\u2019IN \u00d6NC\u00dcL\u00dc\u011e\u00dcNDE \u00c7EVRE VE \u015eEH\u0130RC\u0130L\u0130K BAKANLI\u011eINCA BA\u015eLATILAN \u2018SIFIR ATIK PROJES\u0130\u2019N\u0130 T\u00dcM HER PLATFORMDA HAYATA GE\u00c7\u0130REREK DESTEKLEMEYE DEVAM ED\u0130YOR.<\/p>\n","protected":false},"author":1,"featured_media":185658,"comment_status":"closed","ping_status":"open","sticky":false,"template":"","format":"standard","meta":{"jetpack_post_was_ever_published":false,"_jetpack_newsletter_access":"","_jetpack_dont_email_post_to_subs":false,"_jetpack_newsletter_tier_id":0,"_jetpack_memberships_contains_paywalled_content":false,"_jetpack_memberships_contains_paid_content":false,"footnotes":"","jetpack_publicize_message":"","jetpack_publicize_feature_enabled":true,"jetpack_social_post_already_shared":true,"jetpack_social_options":{"image_generator_settings":{"template":"highway","default_image_id":0,"font":"","enabled":false},"version":2}},"categories":[1],"tags":[46055,4511,4512,3400,37,12735,177],"class_list":["post-185657","post","type-post","status-publish","format-standard","has-post-thumbnail","hentry","category-genel","tag-kapikayafest","tag-sifir","tag-atik","tag-festivali","tag-ilk","tag-temali","tag-turkiyenin"],"jetpack_publicize_connections":[],"jetpack_featured_media_url":"https:\/\/i0.wp.com\/www.tvturk.com\/wp-content\/uploads\/2019\/07\/turkiyenin-sifir-atik-temali-ilk-festivali-kapikayafest_ee35c98.jpg?fit=1000%2C670","jetpack_sharing_enabled":true,"jetpack_shortlink":"https:\/\/wp.me\/paKIfm-Mit","_links":{"self":[{"href":"http:\/\/www.tvturk.com\/index.php\/wp-json\/wp\/v2\/posts\/185657","targetHints":{"allow":["GET"]}}],"collection":[{"href":"http:\/\/www.tvturk.com\/index.php\/wp-json\/wp\/v2\/posts"}],"about":[{"href":"http:\/\/www.tvturk.com\/index.php\/wp-json\/wp\/v2\/types\/post"}],"author":[{"embeddable":true,"href":"http:\/\/www.tvturk.com\/index.php\/wp-json\/wp\/v2\/users\/1"}],"replies":[{"embeddable":true,"href":"http:\/\/www.tvturk.com\/index.php\/wp-json\/wp\/v2\/comments?post=185657"}],"version-history":[{"count":0,"href":"http:\/\/www.tvturk.com\/index.php\/wp-json\/wp\/v2\/posts\/185657\/revisions"}],"wp:featuredmedia":[{"embeddable":true,"href":"http:\/\/www.tvturk.com\/index.php\/wp-json\/wp\/v2\/media\/185658"}],"wp:attachment":[{"href":"http:\/\/www.tvturk.com\/index.php\/wp-json\/wp\/v2\/media?parent=185657"}],"wp:term":[{"taxonomy":"category","embeddable":true,"href":"http:\/\/www.tvturk.com\/index.php\/wp-json\/wp\/v2\/categories?post=185657"},{"taxonomy":"post_tag","embeddable":true,"href":"http:\/\/www.tvturk.com\/index.php\/wp-json\/wp\/v2\/tags?post=185657"}],"curies":[{"name":"wp","href":"https:\/\/api.w.org\/{rel}","templated":true}]}}