{"id":185705,"date":"2019-07-24T09:01:57","date_gmt":"2019-07-24T06:01:57","guid":{"rendered":"http:\/\/www.tvturk.com\/index.php\/prof-dr-oguz-ozyaraldan-yks-tercihlerine-iliskin-uyarilar\/"},"modified":"2019-07-24T09:01:57","modified_gmt":"2019-07-24T06:01:57","slug":"prof-dr-oguz-ozyaraldan-yks-tercihlerine-iliskin-uyarilar","status":"publish","type":"post","link":"http:\/\/www.tvturk.com\/index.php\/prof-dr-oguz-ozyaraldan-yks-tercihlerine-iliskin-uyarilar\/","title":{"rendered":"Prof. Dr. O\u011fuz \u00d6zyaral\u2019dan YKS tercihlerine ili\u015fkin uyar\u0131lar"},"content":{"rendered":"<p>\u0130stanbul Rumeli \u00dcniversitesi Kurucu \u00d6\u011fretim \u00dcyesi ve Rekt\u00f6r Yard\u0131mc\u0131s\u0131 Prof. Dr. O\u011fuz \u00d6zyaral, \u201cBen gen\u00e7lere sevgiyle, sayg\u0131yla, bilgiyle dokunmak istiyorum. Hayat gen\u00e7likte ve gen\u00e7lerde. Do\u011fru se\u00e7im yap\u0131n, do\u011fru ad\u0131m at\u0131n\u201d dedi.<\/p>\n<p>Y\u00fcksek\u00f6\u011fretim Kurumlar\u0131 S\u0131nav\u0131 (YKS) tercih s\u00fcrecinin ba\u015flamas\u0131yla birlikte \u00fcniversite adaylar\u0131 ve aileleri do\u011fru tercih yapabilmek i\u00e7in Ankara ANFA Park Alt\u0131npark Fuar Merkezi\u2019nde d\u00fczenlenen \u201cDo\u011fru Tercih Do\u011fru Gelecek\u201d adl\u0131 etkinli\u011fe ak\u0131n etti. \u0130stanbul Rumeli \u00dcniversitesi Kurucu \u00d6\u011fretim \u00dcyesi ve Rekt\u00f6r Yard\u0131mc\u0131s\u0131 Prof. Dr. O\u011fuz \u00d6zyaral, tercih s\u00fcrecinde \u00f6\u011frencilere tavsiyelerde bulundu. Prof. Dr. \u00d6zyaral, \u0130HA\u2019ya yapt\u0131\u011f\u0131 a\u00e7\u0131klamada tercih s\u00fcrecinin \u00e7ok \u00f6nemli oldu\u011funu ve bu s\u00fcrecin ad\u0131m ad\u0131m y\u00fcr\u00fcnmesi gerekti\u011fini ifade etti. \u00d6zyaral,  \u201c\u00c7ok \u00f6nemli bir kademe a\u00e7\u0131ld\u0131. S\u0131navlar bitti, sonu\u00e7lar elde, kafalar kar\u0131\u015f\u0131k deniyor. Kafa kar\u0131\u015f\u0131kl\u0131\u011f\u0131 diye bir \u015fey yok. Ad\u0131m ad\u0131m y\u00fcr\u00fcmemiz gerekiyor. \u00d6\u011frencilerin yeteneklerini, hayallerini ve ideallerinin hepsini bir yerde toplamas\u0131 gerekiyor. Hayal ve idealler aras\u0131nda farkl\u0131l\u0131klar var, \u00e7\u00fcnk\u00fc d\u00fcnyan\u0131n genelinde y\u00fckselen de\u011ferler var. Hangi meslekler y\u00fckseliyor, \u00f6\u011frencilerin sormas\u0131 gerekiyor, \u2018Acaba ben bu meslekte yer edinirsem bir yere do\u011fru ad\u0131m atabilir miyim?\u2019 diye sormak laz\u0131m. \u00dcniversiteyi bitirdi\u011finiz zaman alaca\u011f\u0131n\u0131z diploma sizin hayat\u0131n\u0131za y\u00f6n verecek\u201d \u015feklinde konu\u015ftu.<\/p>\n<p>\u201cKupkuru bir diplomayla bir yere gelinmiyor\u201d<\/p>\n<p>Art\u0131k bir diploman\u0131n yeterli olmad\u0131\u011f\u0131n\u0131 ve yan dallarla al\u0131nan e\u011fitimin desteklenmesi gerekti\u011fini belirten \u00d6zyaral, \u201cArt\u0131k \u2018Bir diploma yeterli mi de\u011fil mi\u2019 bu sorularla devam etmek gerekiyor. Dolay\u0131s\u0131yla tercih yaparken \u00f6\u011frencinin ve ona destek veren ailenin dikkat etmesi gereken hususlardan bir tanesi yan dal ve \u00e7ift ana dal imkanlar\u0131. S\u00fcrekli e\u011fitim merkezlerinin olu\u015fturdu\u011fu kariyer planlar\u0131. Yani ben i\u015fveren olarak sizin \u00f6z ge\u00e7mi\u015finize bakaca\u011f\u0131m, \u2018Ne yapt\u0131n\u0131z\u2019, \u2018Hangi sosyal sorumluluk projeleri i\u00e7erisindeydiniz\u2019, \u2018Okudu\u011funuz \u00fcniversite size neler katt\u0131\u2019 kupkuru bir diploma al\u0131narak bir yere gidilemeyen bir d\u00fcnyaday\u0131z. T\u00fcrkiye \u00e7ok \u00f6nemli bir konumda bulunuyor. D\u00f6rt yol a\u011fz\u0131nda; kuzeyden g\u00fcneye, do\u011fudan bat\u0131ya hareket halindeki bir co\u011frafyaday\u0131z. Bu co\u011frafyada olu\u015fturulabilecek meslekler ve \u00f6n\u00fcm\u00fczdeki 20 y\u0131l boyunca yok olacak 20 mesle\u011fi bir kenara at\u0131p y\u00fckselen de\u011ferlerin hangi meslekler oldu\u011fu \u00fczerinden hareket etmek laz\u0131m\u201d ifadelerini kulland\u0131.<\/p>\n<p>\u201c\u00dcniversite pazar yeri de\u011fil\u201d<\/p>\n<p>\u00d6\u011frencilerin art\u0131k \u00e7ok \u00f6zele inerek tercih s\u00fcrecinde spesifik davranmas\u0131 gerekti\u011fini \u00f6\u011f\u00fctleyen Prof. Dr. \u00d6zyaral, \u201cArt\u0131k bir fak\u00fclte i\u00e7erisindeki bir b\u00f6l\u00fcm\u00fcn fak\u00fcltele\u015fti\u011fini g\u00f6r\u00fcyoruz. Yani de\u011fer kazan\u0131n\u0131n farkl\u0131la\u015ft\u0131\u011f\u0131n\u0131 g\u00f6r\u00fcyoruz. \u00d6\u011frenciler spesifik davranmal\u0131, \u00e7ok \u00f6zele inmeli. T\u0131p fak\u00fcltesi diye tutturmak yerine al\u0131nan puanlar do\u011frultusunda bir fizyoterapi ve rehabilitasyon okumak,  beslenme ve diyetetik okumak, gastronomi okumak, detaylara dalmak gerekiyor. Detaylar sizi yukar\u0131 kald\u0131racak. Siz bu yukar\u0131 kalk\u0131\u015fta s\u00fcrekli \u00e7aba sarf etmeniz gerekiyor. Ben \u00fcniversiteyi se\u00e7tim oraya gittim ama \u00fczg\u00fcn\u00fcm \u00fcniversite bir pazar yeri de\u011fil\u201d diye konu\u015ftu.<\/p>\n<p>\u201cBu s\u0131navdaki ba\u015far\u0131 \u00e7ok \u00f6nemli bir \u00f6l\u00e7\u00fct de\u011fil\u201d<\/p>\n<p>Prof. Dr. O\u011fuz \u00d6zyaral, e\u011fitimin hayat boyu devam edebilece\u011fine ve gelen sonu\u00e7lara g\u00f6re \u00f6\u011frencilerin umutsuzlu\u011fa kap\u0131lmamas\u0131 gerekti\u011fine dikkat \u00e7ekti. \u00d6zyaral, \u201cEvet, bug\u00fcn bir fuarda yer ald\u0131k ama kendimizi tan\u0131tmakla beraber amac\u0131m\u0131z gen\u00e7lere dokunmak. Sadece kendi \u00fcniversiteme gel tan\u0131mlamas\u0131 olmaz. Hangi puanla hangi a\u00e7\u0131dan do\u011fruya y\u00fcr\u00fcrs\u00fcn. Puan\u0131n\u0131z yetmeyebilir, iki y\u0131ll\u0131k meslek okullar\u0131 hayata a\u00e7\u0131lan kap\u0131d\u0131r. Orada kendinizi g\u00fc\u00e7lendirirsiniz. Bu s\u0131navdaki ba\u015far\u0131 \u00e7ok \u00f6nemli bir \u00f6l\u00e7\u00fct de\u011fil. \u0130ki y\u0131l i\u00e7erisinde b\u00fct\u00fcn yapt\u0131\u011f\u0131n\u0131z aktivite, kazand\u0131\u011f\u0131n\u0131z de\u011ferler ve alaca\u011f\u0131n\u0131z puan sonras\u0131nda dikey ge\u00e7i\u015f yaparak d\u00f6rt y\u0131ll\u0131k e\u011fitim veren fak\u00fcltelerde okuyabilirsiniz. Bunun imkan\u0131 asla k\u0131s\u0131tl\u0131 de\u011fil. Y\u00fcksek\u00f6\u011fretim Kurumu size ya\u015fam boyu e\u011fitim felsefesi do\u011frultusunda b\u00fct\u00fcn kap\u0131lar\u0131 a\u00e7\u0131k b\u0131rakm\u0131\u015f. Bitirdi\u011finizde y\u00fcksek lisans yap\u0131n\u201d \u015feklinde konu\u015ftu.<\/p>\n<p>\u201cOkumak her krizde sizi yukar\u0131 kald\u0131r\u0131r\u201d<\/p>\n<p>\u00d6\u011frencilerden \u2018Hangi dilde e\u011fitim g\u00f6rmeliyim\u2019 diye sorular\u0131n \u00e7ok s\u0131k geldi\u011fini aktaran \u00d6zyaral, \u201cHep bana \u015fu sorular geliyor, \u2018Efendim, \u0130ngilizce mi okuyay\u0131m, T\u00fcrk\u00e7e mi okuyay\u0131m\u2019. T\u00fcrk\u00e7e oku, \u00fclkenin dokusunu \u00f6\u011fren, sonra ihtisas m\u0131 yapmak istiyorsun, y\u00fcksek lisans m\u0131 yapmak istiyorsun karar verirsin. O zamana kadar da \u0130ngilizceni veya di\u011fer yabanc\u0131 dillerini \u00f6\u011frenirsin, kendini y\u00fckseltirsin. Daha sonra Erasmus programlar\u0131na bak, de\u011fi\u015fim programlar\u0131na bak. Ben \u00f6\u011frencileri hep, \u2018Korkmayacaks\u0131n, heyecanl\u0131 olacaks\u0131n\u2019 diyorum. \u00c7evredeki en yak\u0131n kom\u015fu \u00fclkelere gidip orada neler oluyor diye bakacaks\u0131n. Hayat T\u00fcrkiye\u2019nin s\u0131n\u0131rlar\u0131yla kapat\u0131lmam\u0131\u015f. Hayat d\u00fcnyada devam ediyor. D\u00fcnyan\u0131n herhangi bir yerindeki olan bir olgu, bir olay b\u00fct\u00fcn d\u00fcnyay\u0131 etkiliyor. Bunu anlamak laz\u0131m. Dolay\u0131s\u0131yla i\u015f hayat\u0131m\u0131z\u0131, kazanc\u0131m\u0131z\u0131 etkiliyor. Okumak her krizde sizi yukar\u0131 kayd\u0131r\u0131r\u201d ifadelerini kulland\u0131.<\/p>\n<p>\u201cAilelere fermuar da\u011f\u0131tmak istiyorum\u201d<\/p>\n<p>Ailelerin tercih s\u00fcrecinde sadece \u00e7ocuklar\u0131n\u0131 desteklemeleri gerekti\u011fini vurgulayan \u00d6zyaral, \u201cAilelere bu konuda \u00e7ok \u00f6nemli bir g\u00f6rev d\u00fc\u015f\u00fcyor. Sadece \u00e7ocuklar\u0131n\u0131 desteklemeleri gerekiyor. Bir fermuar da\u011f\u0131tmak istiyorum, kendilerine fikir \u00fcretmemeleri gerekiyor. \u00d6\u011frenci ne istiyorsa onu okumal\u0131, nerede bir heyecan varsa onu yapmal\u0131. \u00c7\u00fcnk\u00fc biz hep \u015funu s\u00f6yl\u00fcyoruz \u00f6zellikle, i\u015fini ve mesle\u011fini a\u015fkla yap. Heyecan duymad\u0131\u011f\u0131n zaman o meslekte ba\u015far\u0131 elde etmen s\u00f6z konusu de\u011fil. Para kazanman hi\u00e7 s\u00f6z konusu de\u011fil. Yani gelece\u011fini karart\u0131rs\u0131n. O y\u00fczden aileler de\u011fil \u00f6\u011frenciler karar verecek\u201d diye konu\u015ftu.<\/p>\n<p>Son olarak \u00f6\u011frencilere seslenen \u00d6zyaral, \u201cBen gen\u00e7lere sevgiyle, sayg\u0131yla, bilgiyle dokunmak istiyorum. Hayat gen\u00e7likte ve gen\u00e7lerde. Do\u011fru se\u00e7im yap\u0131n, do\u011fru ad\u0131m at\u0131n\u201d dedi.<\/p>\n","protected":false},"excerpt":{"rendered":"<p>\u0130STANBUL RUMEL\u0130 \u00dcN\u0130VERS\u0130TES\u0130 KURUCU \u00d6\u011eRET\u0130M \u00dcYES\u0130 VE REKT\u00d6R YARDIMCISI PROF. DR. O\u011eUZ \u00d6ZYARAL, \u201cBEN GEN\u00c7LERE SEVG\u0130YLE, SAYGIYLA, B\u0130LG\u0130YLE DOKUNMAK \u0130ST\u0130YORUM. HAYAT GEN\u00c7L\u0130KTE VE GEN\u00c7LERDE. DO\u011eRU SE\u00c7\u0130M YAPIN DO\u011eRU ADIM ATIN\u201d DED\u0130.<\/p>\n","protected":false},"author":1,"featured_media":185706,"comment_status":"closed","ping_status":"open","sticky":false,"template":"","format":"standard","meta":{"jetpack_post_was_ever_published":false,"_jetpack_newsletter_access":"","_jetpack_dont_email_post_to_subs":false,"_jetpack_newsletter_tier_id":0,"_jetpack_memberships_contains_paywalled_content":false,"_jetpack_memberships_contains_paid_content":false,"footnotes":"","jetpack_publicize_message":"","jetpack_publicize_feature_enabled":true,"jetpack_social_post_already_shared":true,"jetpack_social_options":{"image_generator_settings":{"template":"highway","default_image_id":0,"font":"","enabled":false},"version":2}},"categories":[1],"tags":[279,9764,4353,46075,2750,45371,11504,40646],"class_list":["post-185705","post","type-post","status-publish","format-standard","has-post-thumbnail","hentry","category-genel","tag-dr","tag-iliskin","tag-oguz","tag-ozyaraldan","tag-prof","tag-tercihlerine","tag-uyarilar","tag-yks"],"jetpack_publicize_connections":[],"jetpack_featured_media_url":"https:\/\/i0.wp.com\/www.tvturk.com\/wp-content\/uploads\/2019\/07\/prof-dr-oguz-ozyaraldan-yks-tercihlerine-iliskin-uyarilar_9b036f6.jpg?fit=1000%2C666","jetpack_sharing_enabled":true,"jetpack_shortlink":"https:\/\/wp.me\/paKIfm-Mjf","_links":{"self":[{"href":"http:\/\/www.tvturk.com\/index.php\/wp-json\/wp\/v2\/posts\/185705","targetHints":{"allow":["GET"]}}],"collection":[{"href":"http:\/\/www.tvturk.com\/index.php\/wp-json\/wp\/v2\/posts"}],"about":[{"href":"http:\/\/www.tvturk.com\/index.php\/wp-json\/wp\/v2\/types\/post"}],"author":[{"embeddable":true,"href":"http:\/\/www.tvturk.com\/index.php\/wp-json\/wp\/v2\/users\/1"}],"replies":[{"embeddable":true,"href":"http:\/\/www.tvturk.com\/index.php\/wp-json\/wp\/v2\/comments?post=185705"}],"version-history":[{"count":0,"href":"http:\/\/www.tvturk.com\/index.php\/wp-json\/wp\/v2\/posts\/185705\/revisions"}],"wp:featuredmedia":[{"embeddable":true,"href":"http:\/\/www.tvturk.com\/index.php\/wp-json\/wp\/v2\/media\/185706"}],"wp:attachment":[{"href":"http:\/\/www.tvturk.com\/index.php\/wp-json\/wp\/v2\/media?parent=185705"}],"wp:term":[{"taxonomy":"category","embeddable":true,"href":"http:\/\/www.tvturk.com\/index.php\/wp-json\/wp\/v2\/categories?post=185705"},{"taxonomy":"post_tag","embeddable":true,"href":"http:\/\/www.tvturk.com\/index.php\/wp-json\/wp\/v2\/tags?post=185705"}],"curies":[{"name":"wp","href":"https:\/\/api.w.org\/{rel}","templated":true}]}}