{"id":185715,"date":"2019-07-24T09:31:35","date_gmt":"2019-07-24T06:31:35","guid":{"rendered":"http:\/\/www.tvturk.com\/index.php\/ozel-unesconun-koruma-altina-aldigi-agave-silivride-cicek-acti\/"},"modified":"2019-07-24T09:31:35","modified_gmt":"2019-07-24T06:31:35","slug":"ozel-unesconun-koruma-altina-aldigi-agave-silivride-cicek-acti","status":"publish","type":"post","link":"http:\/\/www.tvturk.com\/index.php\/ozel-unesconun-koruma-altina-aldigi-agave-silivride-cicek-acti\/","title":{"rendered":"(\u00d6zel) UNESCO\u2019nun koruma alt\u0131na ald\u0131\u011f\u0131 \u201cAgave\u201d Silivri\u2019de \u00e7i\u00e7ek a\u00e7t\u0131"},"content":{"rendered":"<p>Birle\u015fmi\u015f Milletler E\u011fitim Bilim ve K\u00fclt\u00fcr \u00d6rg\u00fct\u00fc\u2019nce (UNESCO) d\u00fcnya miras\u0131 listesine al\u0131nan ve koruma alt\u0131ndaki \u201cAgave\u201d bitkisi Silivri\u2019de \u00e7i\u00e7ek a\u00e7t\u0131.<\/p>\n<p>UNESCO taraf\u0131ndan d\u00fcnya miras\u0131 listesine al\u0131nan ve koruma alt\u0131nda bulunan ana vatan\u0131 Orta ile G\u00fcney Amerika olan \u201cAgave\u2019 bitkisi, Silivri Sahili\u2019nde bulunan bir kafenin yak\u0131n\u0131nda \u00e7i\u00e7ek a\u00e7t\u0131. Bitkinin \u00f6mr\u00fc boyunca sadece 1 kez \u00e7i\u00e7ek a\u00e7t\u0131\u011f\u0131 belirtilirken, y\u0131llar sonra \u00e7i\u00e7ek a\u00e7an bitki kameralara yans\u0131d\u0131.<\/p>\n<p>Bitki hakk\u0131nda bilgi veren kafenin sahibi Kemal Ba\u015faran, &#8220;1996 y\u0131l\u0131nda eski belediye ba\u015fkan yard\u0131mc\u0131s\u0131 Ayhan Kurt, burada peyzaj \u00e7al\u0131\u015fmalar\u0131 yaparken ekildi. Yakla\u015f\u0131k 8-10 k\u00f6k var bu a\u011fa\u00e7lardan, 1996 y\u0131l\u0131yd\u0131, ekildi\u011finde de 4-5 ya\u015f\u0131nda olsa 20 y\u0131l\u0131 ge\u00e7kin bir ya\u015f\u0131 var. \u00d6\u011frendi\u011fim kadar\u0131yla 30-40 y\u0131lda bir a\u00e7an\u0131 varm\u0131\u015f, 6 ile 8 metre boy yap\u0131yor \u00e7i\u00e7ek a\u00e7\u0131p \u00f6mr\u00fcn\u00fc tamaml\u0131yormu\u015f. Agave\u2019nin T\u00fcrk\u00e7e kar\u015f\u0131l\u0131\u011f\u0131 da Sar\u0131 Sab\u0131r\u2019m\u0131\u015f&#8221; dedi.<\/p>\n","protected":false},"excerpt":{"rendered":"<p>UNESCO D\u00dcNYA M\u0130RASI L\u0130STES\u0130NE ALINAN VE KORUMA ALTINDAK\u0130 \u201cAGAVE\u201d B\u0130TK\u0130S\u0130 S\u0130L\u0130VR\u0130\u2019DE \u00c7\u0130\u00c7EK A\u00c7TI.<\/p>\n","protected":false},"author":1,"featured_media":185716,"comment_status":"closed","ping_status":"open","sticky":false,"template":"","format":"standard","meta":{"jetpack_post_was_ever_published":false,"_jetpack_newsletter_access":"","_jetpack_dont_email_post_to_subs":false,"_jetpack_newsletter_tier_id":0,"_jetpack_memberships_contains_paywalled_content":false,"_jetpack_memberships_contains_paid_content":false,"footnotes":"","jetpack_publicize_message":"","jetpack_publicize_feature_enabled":true,"jetpack_social_post_already_shared":true,"jetpack_social_options":{"image_generator_settings":{"template":"highway","default_image_id":0,"font":"","enabled":false},"version":2}},"categories":[1],"tags":[1073,1494,45083,2833,1186,1654,1185,6903,46080],"class_list":["post-185715","post","type-post","status-publish","format-standard","has-post-thumbnail","hentry","category-genel","tag-ozel","tag-acti","tag-agave","tag-aldigi","tag-altina","tag-cicek","tag-koruma","tag-silivride","tag-unesconun"],"jetpack_publicize_connections":[],"jetpack_featured_media_url":"https:\/\/i0.wp.com\/www.tvturk.com\/wp-content\/uploads\/2019\/07\/ozel-unesconun-koruma-altina-aldigi-agave-silivride-cicek-acti_141f12d.jpg?fit=1000%2C562","jetpack_sharing_enabled":true,"jetpack_shortlink":"https:\/\/wp.me\/paKIfm-Mjp","_links":{"self":[{"href":"http:\/\/www.tvturk.com\/index.php\/wp-json\/wp\/v2\/posts\/185715","targetHints":{"allow":["GET"]}}],"collection":[{"href":"http:\/\/www.tvturk.com\/index.php\/wp-json\/wp\/v2\/posts"}],"about":[{"href":"http:\/\/www.tvturk.com\/index.php\/wp-json\/wp\/v2\/types\/post"}],"author":[{"embeddable":true,"href":"http:\/\/www.tvturk.com\/index.php\/wp-json\/wp\/v2\/users\/1"}],"replies":[{"embeddable":true,"href":"http:\/\/www.tvturk.com\/index.php\/wp-json\/wp\/v2\/comments?post=185715"}],"version-history":[{"count":0,"href":"http:\/\/www.tvturk.com\/index.php\/wp-json\/wp\/v2\/posts\/185715\/revisions"}],"wp:featuredmedia":[{"embeddable":true,"href":"http:\/\/www.tvturk.com\/index.php\/wp-json\/wp\/v2\/media\/185716"}],"wp:attachment":[{"href":"http:\/\/www.tvturk.com\/index.php\/wp-json\/wp\/v2\/media?parent=185715"}],"wp:term":[{"taxonomy":"category","embeddable":true,"href":"http:\/\/www.tvturk.com\/index.php\/wp-json\/wp\/v2\/categories?post=185715"},{"taxonomy":"post_tag","embeddable":true,"href":"http:\/\/www.tvturk.com\/index.php\/wp-json\/wp\/v2\/tags?post=185715"}],"curies":[{"name":"wp","href":"https:\/\/api.w.org\/{rel}","templated":true}]}}