{"id":185763,"date":"2019-07-24T10:47:27","date_gmt":"2019-07-24T07:47:27","guid":{"rendered":"http:\/\/www.tvturk.com\/index.php\/ciftci-tarla-surerken-tesaduf-eseri-buldu-250-yillik-tahil-ambari-koruma-altina-alindi\/"},"modified":"2019-07-24T10:47:27","modified_gmt":"2019-07-24T07:47:27","slug":"ciftci-tarla-surerken-tesaduf-eseri-buldu-250-yillik-tahil-ambari-koruma-altina-alindi","status":"publish","type":"post","link":"http:\/\/www.tvturk.com\/index.php\/ciftci-tarla-surerken-tesaduf-eseri-buldu-250-yillik-tahil-ambari-koruma-altina-alindi\/","title":{"rendered":"\u00c7ift\u00e7i tarla s\u00fcrerken tesad\u00fcf eseri buldu, 250 y\u0131ll\u0131k &#8220;Tah\u0131l Ambar\u0131&#8221; koruma alt\u0131na al\u0131nd\u0131"},"content":{"rendered":"<p>Elaz\u0131\u011f\u2019\u0131n Baskil il\u00e7esinde bir mezrada tarla s\u00fcren \u00e7ift\u00e7inin tesad\u00fcf eseri buldu\u011fu en az 250 y\u0131ll\u0131k oldu\u011fu de\u011ferlendirilen &#8220;Tah\u0131l Ambar\u0131&#8221; M\u00fcze M\u00fcd\u00fcrl\u00fc\u011f\u00fcne kald\u0131r\u0131larak koruma alt\u0131na al\u0131nd\u0131.<\/p>\n<p>Al\u0131nan bilgiye g\u00f6re, \u0130l\u00e7e ba\u011fl\u0131 Akdemir k\u00f6y\u00fc \u0130nan\u00e7 mezras\u0131nda bir \u00e7ift\u00e7i, tarlas\u0131n\u0131 s\u00fcrerken bir yap\u0131yla kar\u015f\u0131la\u015ft\u0131. \u00c7ift\u00e7inin durumu jandarmaya bildirmesinin ard\u0131ndan b\u00f6lgeye gelen Elaz\u0131\u011f M\u00fcze M\u00fcd\u00fcrl\u00fc\u011f\u00fc ekipleri inceleme yapt\u0131. Ard\u0131ndan ba\u015flat\u0131lan kaz\u0131 \u00e7al\u0131\u015fmalar\u0131 ile toprak alt\u0131ndaki Osmanl\u0131 d\u00f6nemine ait en az 250 y\u0131ll\u0131k oldu\u011fu de\u011ferlendirilen &#8220;Tah\u0131l Ambar\u0131&#8221; ortaya \u00e7\u0131kart\u0131ld\u0131. Poligonal ta\u015f ve horasan harc\u0131yla yap\u0131lan tarihi ambar, yap\u0131lan \u00e7al\u0131\u015fma ile yerinden \u00e7\u0131kar\u0131larak  M\u00fcze M\u00fcd\u00fcrl\u00fc\u011f\u00fc\u2019ne g\u00f6t\u00fcr\u00fcl\u00fcp koruma alt\u0131na al\u0131nd\u0131.<\/p>\n<p>\u00c7al\u0131\u015fmalar\u0131 yerinde inceleyen \u0130l\u00e7e Belediye Ba\u015fkan\u0131 \u0130hsan Akmurat, \u201cGer\u00e7ekten insano\u011flunun dehas\u0131yla kar\u015f\u0131la\u015ft\u0131\u011f\u0131m\u0131z\u0131 ifade etmek isterim. G\u00fcn\u00fcn ko\u015fullar\u0131nda ald\u0131\u011f\u0131m\u0131z bilgiler nezdinde bundan yakla\u015f\u0131k 200 y\u0131l \u00f6ncesi bir yap\u0131yla kar\u015f\u0131 kar\u015f\u0131yay\u0131z. Yap\u0131n\u0131n temel \u00f6zelli\u011fi, g\u00fcn\u00fcm\u00fczde buzdolab\u0131 dedi\u011fimiz vatanda\u015flar\u0131m\u0131z\u0131n yiyeceklerinin bozulmamas\u0131 i\u00e7in ve muhafazaya al\u0131nmas\u0131 i\u00e7in  her evde bir buzdolab\u0131 vara ama tabi ki bundan 150-200 y\u0131l \u00f6ncesinde bundan bahsetmemiz m\u00fcmk\u00fcn de\u011fil. Hem buzdolab\u0131 icat edilmemi\u015fti hem de elektrik gibi bir s\u0131k\u0131nt\u0131yla kar\u015f\u0131 kar\u015f\u0131yayd\u0131k. Yani Baskil \u0130l\u00e7emizi d\u00fc\u015f\u00fcnd\u00fc\u011f\u00fcm\u00fcz zaman \u015fu an bulundu\u011fumuz b\u00f6lgeye yakla\u015f\u0131k 30-35 y\u0131l \u00f6nce elektrik geldi\u011fini s\u00f6yleyebiliriz. Yani o tarihlerden bahsetti\u011fimiz zaman vatanda\u015f\u0131m\u0131z kendi yiyeceklerini \u00f6zellikle yaz\u0131n ve k\u0131\u015f\u0131n  muhafaza alt\u0131na almak i\u00e7in o g\u00fcn\u00fcn ko\u015fullar\u0131nda \u00fcretmi\u015f olduklar\u0131 do\u011fal buzdolab\u0131\u201d diye konu\u015ftu.<\/p>\n","protected":false},"excerpt":{"rendered":"<p>ELAZI\u011e&#8217;IN BASK\u0130L \u0130L\u00c7ES\u0130NDE B\u0130R MEZRADA TARLA S\u00dcREN \u00c7\u0130FT\u00c7\u0130N\u0130N TESAD\u00dcF ESER\u0130 BULDU\u011eU 250 YILLIK OLDU\u011eU DE\u011eERLEND\u0130R\u0130LEN &#8220;TAHIL AMBARI&#8221;, M\u00dcZE M\u00dcD\u00dcRL\u00dc\u011e\u00dcNE G\u00d6T\u00dcR\u00dcLD\u00dc<\/p>\n","protected":false},"author":1,"featured_media":185764,"comment_status":"closed","ping_status":"open","sticky":false,"template":"","format":"standard","meta":{"jetpack_post_was_ever_published":false,"_jetpack_newsletter_access":"","_jetpack_dont_email_post_to_subs":false,"_jetpack_newsletter_tier_id":0,"_jetpack_memberships_contains_paywalled_content":false,"_jetpack_memberships_contains_paid_content":false,"footnotes":"","jetpack_publicize_message":"","jetpack_publicize_feature_enabled":true,"jetpack_social_post_already_shared":true,"jetpack_social_options":{"image_generator_settings":{"template":"highway","default_image_id":0,"font":"","enabled":false},"version":2}},"categories":[656],"tags":[5921,1014,1186,45209,5392,5545,19183,1185,20443,41447,21736,36412,710],"class_list":["post-185763","post","type-post","status-publish","format-standard","has-post-thumbnail","hentry","category-kultur-sanat","tag-5921","tag-alindi","tag-altina","tag-ambari","tag-buldu","tag-ciftci","tag-eseri","tag-koruma","tag-surerken","tag-tahil","tag-tarla","tag-tesaduf","tag-yillik"],"jetpack_publicize_connections":[],"jetpack_featured_media_url":"https:\/\/i0.wp.com\/www.tvturk.com\/wp-content\/uploads\/2019\/07\/ciftci-tarla-surerken-tesaduf-eseri-buldu-250-yillik-tahil-ambari-koruma-altina-alindi_034557e.jpg?fit=931%2C559","jetpack_sharing_enabled":true,"jetpack_shortlink":"https:\/\/wp.me\/paKIfm-Mkb","_links":{"self":[{"href":"http:\/\/www.tvturk.com\/index.php\/wp-json\/wp\/v2\/posts\/185763","targetHints":{"allow":["GET"]}}],"collection":[{"href":"http:\/\/www.tvturk.com\/index.php\/wp-json\/wp\/v2\/posts"}],"about":[{"href":"http:\/\/www.tvturk.com\/index.php\/wp-json\/wp\/v2\/types\/post"}],"author":[{"embeddable":true,"href":"http:\/\/www.tvturk.com\/index.php\/wp-json\/wp\/v2\/users\/1"}],"replies":[{"embeddable":true,"href":"http:\/\/www.tvturk.com\/index.php\/wp-json\/wp\/v2\/comments?post=185763"}],"version-history":[{"count":0,"href":"http:\/\/www.tvturk.com\/index.php\/wp-json\/wp\/v2\/posts\/185763\/revisions"}],"wp:featuredmedia":[{"embeddable":true,"href":"http:\/\/www.tvturk.com\/index.php\/wp-json\/wp\/v2\/media\/185764"}],"wp:attachment":[{"href":"http:\/\/www.tvturk.com\/index.php\/wp-json\/wp\/v2\/media?parent=185763"}],"wp:term":[{"taxonomy":"category","embeddable":true,"href":"http:\/\/www.tvturk.com\/index.php\/wp-json\/wp\/v2\/categories?post=185763"},{"taxonomy":"post_tag","embeddable":true,"href":"http:\/\/www.tvturk.com\/index.php\/wp-json\/wp\/v2\/tags?post=185763"}],"curies":[{"name":"wp","href":"https:\/\/api.w.org\/{rel}","templated":true}]}}