{"id":185765,"date":"2019-07-24T11:01:55","date_gmt":"2019-07-24T08:01:55","guid":{"rendered":"http:\/\/www.tvturk.com\/index.php\/geyiklide-her-yer-eyyvah-eyvah\/"},"modified":"2019-07-24T11:01:55","modified_gmt":"2019-07-24T08:01:55","slug":"geyiklide-her-yer-eyyvah-eyvah","status":"publish","type":"post","link":"http:\/\/www.tvturk.com\/index.php\/geyiklide-her-yer-eyyvah-eyvah\/","title":{"rendered":"Geyikli\u2019de her yer \u2018Eyyvah Eyvah\u2019"},"content":{"rendered":"<p>Ata Demirer\u2019in ba\u015f rol\u00fcn\u00fc oynad\u0131\u011f\u0131 \u2018Eyyvah Eyvah\u2019 filmiyle \u00fcnlenen \u00c7anakkale\u2019nin Geyikli il\u00e7esinde \u00e7o\u011fu i\u015fletmenin ad\u0131 \u2018Eyvah Eyvah\u2019 olarak g\u00f6ze \u00e7arp\u0131yor. Ata Demirer Park\u0131n\u0131n da bulundu\u011fu il\u00e7ede, i\u015fletmeciler bu tutumlar\u0131n\u0131 Ata Demirer\u2019e ve film ekibine kar\u015f\u0131 bir minnet borcu olarak g\u00f6r\u00fcyor.<\/p>\n<p>2009 y\u0131l\u0131 yap\u0131m\u0131 sinema filmi olan ve ba\u015f rollerini Ata Demirer ile Demet Akba\u011f\u2019\u0131n payla\u015ft\u0131\u011f\u0131 Eyyvah Eyvah filmi Geyikli\u2019de \u00e7ekilmi\u015fti. Ge\u00e7en 10 y\u0131ll\u0131k s\u00fcre\u00e7te bu unutulmaz film, il\u00e7enin sembol\u00fc haline geldi. Geyikli\u2019de \u00e7o\u011fu i\u015fletmenin, ad\u0131n\u0131 \u2018Eyvah Eyvah\u2019 olarak belirledi\u011fi g\u00f6r\u00fcl\u00fcrken, esnaflar ise filmden \u00f6vg\u00fcyle s\u00f6z etti. Eyyvah Eyvah filmi sayesinde il\u00e7enin sesini duyurdu\u011funu ve b\u00f6lgede hareketlilik ya\u015fand\u0131\u011f\u0131n\u0131 vurgulayan i\u015fletmeciler, i\u015fletme isimlerini \u2018Eyvah Eyvah\u2019 olarak yazarak Ata Demirer\u2019e ve film ekibine te\u015fekk\u00fcr etmek istediklerini dile getirdiler.<\/p>\n<p>\u201cAta Demirer\u2019e minnettar olarak te\u015fekk\u00fcr ediyoruz\u201d<\/p>\n<p>Geyikli\u2019de uzun y\u0131llard\u0131r berberlik yapan ve d\u00fckkan\u0131 filmin bir b\u00f6l\u00fcm\u00fcnde de g\u00f6r\u00fcnt\u00fclenen Y\u0131lmaz Yi\u011fit, Eyyvah Eyvah filminin il\u00e7eye \u00e7ok b\u00fcy\u00fck katk\u0131lar\u0131 oldu\u011funu dile getirerek, \u201cG\u00fczel bir film oldu, Geyikli\u2019miz kazand\u0131. Burada pansiyonculuk ald\u0131, y\u00fcr\u00fcd\u00fc. Otelcilik sekt\u00f6r\u00fc ald\u0131, y\u00fcr\u00fcd\u00fc.  Eyyvah Eyvah filmi sayesinde oldu. Ata Demirer\u2019e minnettar olarak te\u015fekk\u00fcr ediyoruz. Bana geliyorlar tra\u015f oluyorlar. Eyvah Eyvah\u2019ta tra\u015f oldum diyorlar. Buradaki d\u00fckkanlar\u0131n isimleri minnet borcu. Ge\u00e7en d\u00f6nem ki belediye ba\u015fkan\u0131 buradan Ata Demirer\u2019in ismini silmi\u015fti. Ama \u015fuan Belediye Ba\u015fkan\u0131m\u0131z Mevl\u00fct Oru\u00e7o\u011flu tekrar ismini kazand\u0131rd\u0131. Kendisine de te\u015fekk\u00fcr ediyorum\u201d \u015feklinde konu\u015ftu.<\/p>\n","protected":false},"excerpt":{"rendered":"<p>ATA DEM\u0130RER\u2019\u0130N BA\u015eROL\u00dcN\u00dc OYNADI\u011eI \u2018EYYVAH EYVAH\u2019 F\u0130LM\u0130YLE \u00dcNLENEN \u00c7ANAKKALE\u2019N\u0130N GEY\u0130KL\u0130 \u0130L\u00c7ES\u0130NDE \u00c7O\u011eU \u0130\u015eLETMEN\u0130N ADI \u2018EYVAH EYVAH\u2019 OLARAK G\u00d6ZE \u00c7ARPIYOR.<\/p>\n","protected":false},"author":1,"featured_media":185766,"comment_status":"closed","ping_status":"open","sticky":false,"template":"","format":"standard","meta":{"jetpack_post_was_ever_published":false,"_jetpack_newsletter_access":"","_jetpack_dont_email_post_to_subs":false,"_jetpack_newsletter_tier_id":0,"_jetpack_memberships_contains_paywalled_content":false,"_jetpack_memberships_contains_paid_content":false,"footnotes":"","jetpack_publicize_message":"","jetpack_publicize_feature_enabled":true,"jetpack_social_post_already_shared":true,"jetpack_social_options":{"image_generator_settings":{"template":"highway","default_image_id":0,"font":"","enabled":false},"version":2}},"categories":[1],"tags":[46094,25554,46093,73,4243],"class_list":["post-185765","post","type-post","status-publish","format-standard","has-post-thumbnail","hentry","category-genel","tag-eyyvah","tag-eyvah","tag-geyiklide","tag-her","tag-yer"],"jetpack_publicize_connections":[],"jetpack_featured_media_url":"https:\/\/i0.wp.com\/www.tvturk.com\/wp-content\/uploads\/2019\/07\/geyiklide-her-yer-eyyvah-eyvah_8a0055f.jpg?fit=1000%2C562","jetpack_sharing_enabled":true,"jetpack_shortlink":"https:\/\/wp.me\/paKIfm-Mkd","_links":{"self":[{"href":"http:\/\/www.tvturk.com\/index.php\/wp-json\/wp\/v2\/posts\/185765","targetHints":{"allow":["GET"]}}],"collection":[{"href":"http:\/\/www.tvturk.com\/index.php\/wp-json\/wp\/v2\/posts"}],"about":[{"href":"http:\/\/www.tvturk.com\/index.php\/wp-json\/wp\/v2\/types\/post"}],"author":[{"embeddable":true,"href":"http:\/\/www.tvturk.com\/index.php\/wp-json\/wp\/v2\/users\/1"}],"replies":[{"embeddable":true,"href":"http:\/\/www.tvturk.com\/index.php\/wp-json\/wp\/v2\/comments?post=185765"}],"version-history":[{"count":0,"href":"http:\/\/www.tvturk.com\/index.php\/wp-json\/wp\/v2\/posts\/185765\/revisions"}],"wp:featuredmedia":[{"embeddable":true,"href":"http:\/\/www.tvturk.com\/index.php\/wp-json\/wp\/v2\/media\/185766"}],"wp:attachment":[{"href":"http:\/\/www.tvturk.com\/index.php\/wp-json\/wp\/v2\/media?parent=185765"}],"wp:term":[{"taxonomy":"category","embeddable":true,"href":"http:\/\/www.tvturk.com\/index.php\/wp-json\/wp\/v2\/categories?post=185765"},{"taxonomy":"post_tag","embeddable":true,"href":"http:\/\/www.tvturk.com\/index.php\/wp-json\/wp\/v2\/tags?post=185765"}],"curies":[{"name":"wp","href":"https:\/\/api.w.org\/{rel}","templated":true}]}}