{"id":185869,"date":"2019-07-24T13:02:31","date_gmt":"2019-07-24T10:02:31","guid":{"rendered":"http:\/\/www.tvturk.com\/index.php\/yaz-hic-bitmesin-fotograflari-2-bine-ulasti\/"},"modified":"2019-07-24T13:02:31","modified_gmt":"2019-07-24T10:02:31","slug":"yaz-hic-bitmesin-fotograflari-2-bine-ulasti","status":"publish","type":"post","link":"http:\/\/www.tvturk.com\/index.php\/yaz-hic-bitmesin-fotograflari-2-bine-ulasti\/","title":{"rendered":"\u2018Yaz Hi\u00e7 Bitmesin\u2019 foto\u011fraflar\u0131 2 bine ula\u015ft\u0131"},"content":{"rendered":"<p>Sosyal medya \u00fczerinden ger\u00e7ekle\u015ftirilen \u2018Yaz Hi\u00e7 Bitmesin\u2019 temal\u0131 foto\u011fraf yar\u0131\u015fmas\u0131na k\u0131sa s\u00fcrede 2 bin foto\u011fraf g\u00f6nderildi.<\/p>\n<p>Beymen Club\u2019\u0131n Instagram \u00fczerinden ger\u00e7ekle\u015ftirilen \u2018Yaz Hi\u00e7 Bitmesin\u2019 temal\u0131 foto\u011fraf yar\u0131\u015fmas\u0131 ilgi g\u00f6r\u00fcyor.  12 Temmuz  Cuma g\u00fcn\u00fc ba\u015flayan yar\u0131\u015fmaya #BeymenClublaYazHi\u00e7Bitmesin hashtag\u2019i ile yakla\u015f\u0131k 2 bin foto\u011fraf g\u00f6nderildi.<\/p>\n<p>18 ya\u015f\u0131ndan b\u00fcy\u00fck herkesin kat\u0131labilece\u011fi  yar\u0131\u015fmaya kat\u0131lan foto\u011fraflar;  Beymen Artistik Direkt\u00f6r\u00fc Murat T\u00fcrkili, Beymen CMO\u2019su Polat Uyal, 212 Studio Kurucusu Handan Y\u0131lmaz, moda yazar\u0131 Koray Caner, sanat\u00e7\u0131 Sedef Gali\u2019den olu\u015fan yar\u0131\u015fma j\u00fcrisi taraf\u0131ndan de\u011ferlendirilecek.<\/p>\n<p>Son kat\u0131l\u0131m tarihi 18 A\u011fustos, Pazar g\u00fcn\u00fc olan yar\u0131\u015fmada dereceye giren foto\u011fraflar, #BeymenClublaYazHi\u00e7Bitmesin dijital sergisi dahilinde se\u00e7ili bahsi ge\u00e7en markan\u0131n ma\u011fazalar\u0131ndaki ekranlarda ve markan\u0131n sosyal medya hesaplar\u0131nda sergilenecek.<\/p>\n<p>Yar\u0131\u015fman\u0131n birincisine marka taraf\u0131ndan 3 bin TL, ikincisine 2 bin TL, \u00fc\u00e7\u00fcnc\u00fcs\u00fc ise bin TL\u2019lik hediye \u00e7eki ile verilecek.<\/p>\n","protected":false},"excerpt":{"rendered":"<p>\u2018YAZ H\u0130\u00c7 B\u0130TMES\u0130N\u2019 FOTO\u011eRAFLARI 2 B\u0130NE ULA\u015eTI.<\/p>\n","protected":false},"author":1,"featured_media":185870,"comment_status":"closed","ping_status":"open","sticky":false,"template":"","format":"standard","meta":{"jetpack_post_was_ever_published":false,"_jetpack_newsletter_access":"","_jetpack_dont_email_post_to_subs":false,"_jetpack_newsletter_tier_id":0,"_jetpack_memberships_contains_paywalled_content":false,"_jetpack_memberships_contains_paid_content":false,"footnotes":"","jetpack_publicize_message":"","jetpack_publicize_feature_enabled":true,"jetpack_social_post_already_shared":true,"jetpack_social_options":{"image_generator_settings":{"template":"highway","default_image_id":0,"font":"","enabled":false},"version":2}},"categories":[656],"tags":[7563,46119,5062,5586,2574,183],"class_list":["post-185869","post","type-post","status-publish","format-standard","has-post-thumbnail","hentry","category-kultur-sanat","tag-bine","tag-bitmesin","tag-fotograflari","tag-hic","tag-ulasti","tag-yaz"],"jetpack_publicize_connections":[],"jetpack_featured_media_url":"https:\/\/i0.wp.com\/www.tvturk.com\/wp-content\/uploads\/2019\/07\/yaz-hic-bitmesin-fotograflari-2-bine-ulasti_7dd3139.jpg?fit=799%2C1000","jetpack_sharing_enabled":true,"jetpack_shortlink":"https:\/\/wp.me\/paKIfm-MlT","_links":{"self":[{"href":"http:\/\/www.tvturk.com\/index.php\/wp-json\/wp\/v2\/posts\/185869","targetHints":{"allow":["GET"]}}],"collection":[{"href":"http:\/\/www.tvturk.com\/index.php\/wp-json\/wp\/v2\/posts"}],"about":[{"href":"http:\/\/www.tvturk.com\/index.php\/wp-json\/wp\/v2\/types\/post"}],"author":[{"embeddable":true,"href":"http:\/\/www.tvturk.com\/index.php\/wp-json\/wp\/v2\/users\/1"}],"replies":[{"embeddable":true,"href":"http:\/\/www.tvturk.com\/index.php\/wp-json\/wp\/v2\/comments?post=185869"}],"version-history":[{"count":0,"href":"http:\/\/www.tvturk.com\/index.php\/wp-json\/wp\/v2\/posts\/185869\/revisions"}],"wp:featuredmedia":[{"embeddable":true,"href":"http:\/\/www.tvturk.com\/index.php\/wp-json\/wp\/v2\/media\/185870"}],"wp:attachment":[{"href":"http:\/\/www.tvturk.com\/index.php\/wp-json\/wp\/v2\/media?parent=185869"}],"wp:term":[{"taxonomy":"category","embeddable":true,"href":"http:\/\/www.tvturk.com\/index.php\/wp-json\/wp\/v2\/categories?post=185869"},{"taxonomy":"post_tag","embeddable":true,"href":"http:\/\/www.tvturk.com\/index.php\/wp-json\/wp\/v2\/tags?post=185869"}],"curies":[{"name":"wp","href":"https:\/\/api.w.org\/{rel}","templated":true}]}}