{"id":185899,"date":"2019-07-24T13:46:08","date_gmt":"2019-07-24T10:46:08","guid":{"rendered":"http:\/\/www.tvturk.com\/index.php\/macta-basina-darbe-alan-rus-boksor-hayatini-kaybetti\/"},"modified":"2019-07-24T13:46:08","modified_gmt":"2019-07-24T10:46:08","slug":"macta-basina-darbe-alan-rus-boksor-hayatini-kaybetti","status":"publish","type":"post","link":"http:\/\/www.tvturk.com\/index.php\/macta-basina-darbe-alan-rus-boksor-hayatini-kaybetti\/","title":{"rendered":"Ma\u00e7ta ba\u015f\u0131na darbe alan Rus boks\u00f6r hayat\u0131n\u0131 kaybetti"},"content":{"rendered":"<p>ABD\u2019nin Maryland eyaletinde bir boks ma\u00e7\u0131nda ba\u015f\u0131na ald\u0131\u011f\u0131 darbeler sonucu beyin kanamas\u0131 ge\u00e7iren 28 ya\u015f\u0131ndaki Rus boks\u00f6r Maksim Dada\u015fev hayat\u0131n\u0131 kaybetti.<\/p>\n<p>Rus boks\u00f6r Maksim Dada\u015fev, cuma g\u00fcn\u00fc ABD\u2019nin Maryland eyaletindeki Oxon Hill b\u00f6lgesinde d\u00fczenlenen hafif orta siklet boks ma\u00e7\u0131nda kafas\u0131na ald\u0131\u011f\u0131 darbeler sonucu beyin kanamas\u0131 ge\u00e7irdi. Porto Ricolu rakibi Subriel Matias ile yapt\u0131\u011f\u0131 ma\u00e7\u0131n ard\u0131ndan soyunma odas\u0131nda beyin kanamas\u0131 ge\u00e7iren 28 ya\u015f\u0131ndaki Dada\u015fev, hastaneye kald\u0131r\u0131larak ameliyata al\u0131nd\u0131. Rusya Boks Federasyonu taraf\u0131ndan bug\u00fcn yap\u0131lan a\u00e7\u0131klamada, beyninde \u00f6dem bulundu\u011fu i\u00e7in 5 g\u00fcnd\u00fcr hastanede tedavi g\u00f6ren Dada\u015fev\u2019in kurtar\u0131lamad\u0131\u011f\u0131 belirtildi.<\/p>\n<p>Rusya Boks Federasyonu Genel Sekreteri Umar Kremlev, federasyonun Dada\u015fev\u2019in \u00f6l\u00fcm\u00fcyle ilgili soru\u015fturma ba\u015flataca\u011f\u0131n\u0131 s\u00f6yledi.  \u201cOlanlar hakk\u0131nda ger\u00e7e\u011fi bilmemiz gerekiyor. Bir t\u00fcr ihmalin oldu\u011funa inan\u0131yorum\u201d ifadelerini kullanan Kremlev, federasyonun Dada\u015fev\u2019in ailesine maddi destek verece\u011fini belirtti.<\/p>\n<p>Dada\u015fev, ge\u00e7ti\u011fimiz y\u0131l hafif orta siklette eski d\u00fcnya \u015fampiyonlar\u0131 Darleys Perez ve Antonio DeMarco\u2019yu yendikten sonra y\u00fckselen bir y\u0131ld\u0131z olarak g\u00f6r\u00fclm\u00fc\u015ft\u00fc. Cuma g\u00fcn\u00fc yap\u0131lan ma\u00e7tan \u00f6nce Dada\u015fev 13 ma\u00e7tan 11\u2019ini nakavtla kazanm\u0131\u015ft\u0131.<\/p>\n","protected":false},"excerpt":{"rendered":"<p>ABD\u2019N\u0130N MARYLAND EYALET\u0130NDE B\u0130R BOKS MA\u00c7INDA BA\u015eINA ALDI\u011eI DARBELER SONUCU BEY\u0130N KANAMASI GE\u00c7\u0130REN 28 YA\u015eINDAK\u0130 RUS BOKS\u00d6R MAKS\u0130M DADA\u015eEV HAYATINI KAYBETT\u0130.<\/p>\n","protected":false},"author":1,"featured_media":185900,"comment_status":"closed","ping_status":"open","sticky":false,"template":"","format":"standard","meta":{"jetpack_post_was_ever_published":false,"_jetpack_newsletter_access":"","_jetpack_dont_email_post_to_subs":false,"_jetpack_newsletter_tier_id":0,"_jetpack_memberships_contains_paywalled_content":false,"_jetpack_memberships_contains_paid_content":false,"footnotes":"","jetpack_publicize_message":"","jetpack_publicize_feature_enabled":true,"jetpack_social_post_already_shared":true,"jetpack_social_options":{"image_generator_settings":{"template":"highway","default_image_id":0,"font":"","enabled":false},"version":2}},"categories":[10],"tags":[2937,1802,5684,19900,3791,848,849,8719],"class_list":["post-185899","post","type-post","status-publish","format-standard","has-post-thumbnail","hentry","category-dunya","tag-rus","tag-alan","tag-basina","tag-boksor","tag-darbe","tag-hayatini","tag-kaybetti","tag-macta"],"jetpack_publicize_connections":[],"jetpack_featured_media_url":"https:\/\/i0.wp.com\/www.tvturk.com\/wp-content\/uploads\/2019\/07\/macta-basina-darbe-alan-rus-boksor-hayatini-kaybetti_621254f.jpg?fit=562%2C410","jetpack_sharing_enabled":true,"jetpack_shortlink":"https:\/\/wp.me\/paKIfm-Mmn","_links":{"self":[{"href":"http:\/\/www.tvturk.com\/index.php\/wp-json\/wp\/v2\/posts\/185899","targetHints":{"allow":["GET"]}}],"collection":[{"href":"http:\/\/www.tvturk.com\/index.php\/wp-json\/wp\/v2\/posts"}],"about":[{"href":"http:\/\/www.tvturk.com\/index.php\/wp-json\/wp\/v2\/types\/post"}],"author":[{"embeddable":true,"href":"http:\/\/www.tvturk.com\/index.php\/wp-json\/wp\/v2\/users\/1"}],"replies":[{"embeddable":true,"href":"http:\/\/www.tvturk.com\/index.php\/wp-json\/wp\/v2\/comments?post=185899"}],"version-history":[{"count":0,"href":"http:\/\/www.tvturk.com\/index.php\/wp-json\/wp\/v2\/posts\/185899\/revisions"}],"wp:featuredmedia":[{"embeddable":true,"href":"http:\/\/www.tvturk.com\/index.php\/wp-json\/wp\/v2\/media\/185900"}],"wp:attachment":[{"href":"http:\/\/www.tvturk.com\/index.php\/wp-json\/wp\/v2\/media?parent=185899"}],"wp:term":[{"taxonomy":"category","embeddable":true,"href":"http:\/\/www.tvturk.com\/index.php\/wp-json\/wp\/v2\/categories?post=185899"},{"taxonomy":"post_tag","embeddable":true,"href":"http:\/\/www.tvturk.com\/index.php\/wp-json\/wp\/v2\/tags?post=185899"}],"curies":[{"name":"wp","href":"https:\/\/api.w.org\/{rel}","templated":true}]}}