{"id":185911,"date":"2019-07-24T13:46:38","date_gmt":"2019-07-24T10:46:38","guid":{"rendered":"http:\/\/www.tvturk.com\/index.php\/hakan-atilla-istanbulda\/"},"modified":"2019-07-24T13:46:38","modified_gmt":"2019-07-24T10:46:38","slug":"hakan-atilla-istanbulda","status":"publish","type":"post","link":"http:\/\/www.tvturk.com\/index.php\/hakan-atilla-istanbulda\/","title":{"rendered":"Hakan Atilla, \u0130stanbul\u2019da"},"content":{"rendered":"<p>Amerika Birle\u015fik Devletleri\u2019nde (ABD) tutuklu bulundu\u011fu cezaevinden tahliye edilen Halk Bankas\u0131\u2019n\u0131n eski Genel M\u00fcd\u00fcr\u00fc Hakan Atilla, \u0130stanbul\u2019a geldi. Hakan Atilla\u2019y\u0131 kar\u015f\u0131layan Hazine ve Maliye Bakan\u0131 Berat Albayrak, VIP Salonu \u00e7\u0131k\u0131\u015f\u0131nda yapt\u0131\u011f\u0131 k\u0131sa a\u00e7\u0131klamada, Hakan Atilla\u2019ya at\u0131fta bulunarak, &#8220;Bu \u00fclkenin bireyi olmaktan gurur duyduk&#8221; dedi.<\/p>\n<p>T\u00fcrk Hava Yollar\u0131\u2019n\u0131n TK 2 sefer say\u0131l\u0131 New York u\u00e7a\u011f\u0131 ile \u0130stanbul\u2019a gelen Hakan Atilla\u2019y\u0131 ailesi ve Hazine ve Maliye Bakan\u0131 Berat Albayrak ile Ula\u015ft\u0131rma Bakan\u0131 Mehmet Cahit Turhan ve ailesi kar\u015f\u0131lad\u0131. U\u00e7a\u011f\u0131n alt\u0131ndan, VIP arac\u0131yla al\u0131nan Atilla\u2019ya ayr\u0131ca, Amerika Birle\u015fik Devletleri\u2019ne ba\u011fl\u0131 2 g\u00f6\u00e7 idaresi g\u00f6revlisinin refakat etti\u011fi de \u00f6\u011frenildi. Atilla, VIP salonunda Bakan Albayrak ve Ula\u015ft\u0131rma Bakan\u0131 Turhan ile g\u00f6r\u00fc\u015fmesinin ard\u0131ndan bas\u0131n mensuplar\u0131na g\u00f6r\u00fcnmeden limandan ayr\u0131ld\u0131.<\/p>\n<p>VIP salon \u00e7\u0131k\u0131\u015f\u0131 arac\u0131na binen Bakan Albayrak gazetelerine k\u0131sa bir a\u00e7\u0131klama yapt\u0131. Albayrak, &#8220;Allah hay\u0131rl\u0131 m\u00fcbarek eylesin. Hakan karde\u015fimiz sa\u011f salim \u00fclkemize geldi. G\u00fczel bir tatil yapacak dinlenecek. \u0130n\u015fallah \u00f6n\u00fcm\u00fczdeki g\u00fcnlerde tekrar konu\u015furuz ama Hakan Atilla karde\u015fimizin \u015fahs\u0131nda \u00fclkemizin ne kadar g\u00fczel g\u00fc\u00e7l\u00fc evlatlar yeti\u015ftirdi\u011fini, o evlatlar\u0131 yeti\u015ftiren ne kadar g\u00fczel anne babalar oldu\u011funa bir kez daha \u015fahit olduk. Bu \u00fclkenin bir bireyi olmaktan gurur duyduk. Allah hepsinden raz\u0131 olsun\u201d dedi.<\/p>\n","protected":false},"excerpt":{"rendered":"<p>HAKAN AT\u0130LLA\u2019YI KAR\u015eILAYAN HAZ\u0130NE VE MAL\u0130YE BAKANI BERAT ALBAYRAK VIP SALONU \u00c7IKI\u015eI YAPTI\u011eI KISA A\u00c7IKLAMADA,  &#8220;BU \u00dcLKEN\u0130N B\u0130REY\u0130 OLMAKTAN GURUR DUYDUK&#8221; DED\u0130.<\/p>\n","protected":false},"author":1,"featured_media":185912,"comment_status":"closed","ping_status":"open","sticky":false,"template":"","format":"standard","meta":{"jetpack_post_was_ever_published":false,"_jetpack_newsletter_access":"","_jetpack_dont_email_post_to_subs":false,"_jetpack_newsletter_tier_id":0,"_jetpack_memberships_contains_paywalled_content":false,"_jetpack_memberships_contains_paid_content":false,"footnotes":"","jetpack_publicize_message":"","jetpack_publicize_feature_enabled":true,"jetpack_social_post_already_shared":true,"jetpack_social_options":{"image_generator_settings":{"template":"highway","default_image_id":0,"font":"","enabled":false},"version":2}},"categories":[1],"tags":[101,3239,1268],"class_list":["post-185911","post","type-post","status-publish","format-standard","has-post-thumbnail","hentry","category-genel","tag-atilla","tag-hakan","tag-istanbulda"],"jetpack_publicize_connections":[],"jetpack_featured_media_url":"https:\/\/i0.wp.com\/www.tvturk.com\/wp-content\/uploads\/2019\/07\/hakan-atilla-istanbulda_0380ca3.jpg?fit=1000%2C665","jetpack_sharing_enabled":true,"jetpack_shortlink":"https:\/\/wp.me\/paKIfm-Mmz","_links":{"self":[{"href":"http:\/\/www.tvturk.com\/index.php\/wp-json\/wp\/v2\/posts\/185911","targetHints":{"allow":["GET"]}}],"collection":[{"href":"http:\/\/www.tvturk.com\/index.php\/wp-json\/wp\/v2\/posts"}],"about":[{"href":"http:\/\/www.tvturk.com\/index.php\/wp-json\/wp\/v2\/types\/post"}],"author":[{"embeddable":true,"href":"http:\/\/www.tvturk.com\/index.php\/wp-json\/wp\/v2\/users\/1"}],"replies":[{"embeddable":true,"href":"http:\/\/www.tvturk.com\/index.php\/wp-json\/wp\/v2\/comments?post=185911"}],"version-history":[{"count":0,"href":"http:\/\/www.tvturk.com\/index.php\/wp-json\/wp\/v2\/posts\/185911\/revisions"}],"wp:featuredmedia":[{"embeddable":true,"href":"http:\/\/www.tvturk.com\/index.php\/wp-json\/wp\/v2\/media\/185912"}],"wp:attachment":[{"href":"http:\/\/www.tvturk.com\/index.php\/wp-json\/wp\/v2\/media?parent=185911"}],"wp:term":[{"taxonomy":"category","embeddable":true,"href":"http:\/\/www.tvturk.com\/index.php\/wp-json\/wp\/v2\/categories?post=185911"},{"taxonomy":"post_tag","embeddable":true,"href":"http:\/\/www.tvturk.com\/index.php\/wp-json\/wp\/v2\/tags?post=185911"}],"curies":[{"name":"wp","href":"https:\/\/api.w.org\/{rel}","templated":true}]}}