{"id":185971,"date":"2019-07-24T15:47:09","date_gmt":"2019-07-24T12:47:09","guid":{"rendered":"http:\/\/www.tvturk.com\/index.php\/altin-eldiven-bu-sezon-borcumuzu-odeyecegiz\/"},"modified":"2019-07-24T15:47:09","modified_gmt":"2019-07-24T12:47:09","slug":"altin-eldiven-bu-sezon-borcumuzu-odeyecegiz","status":"publish","type":"post","link":"http:\/\/www.tvturk.com\/index.php\/altin-eldiven-bu-sezon-borcumuzu-odeyecegiz\/","title":{"rendered":"Alt\u0131n \u201celdiven\u201d: \u201cBu sezon borcumuzu \u00f6deyece\u011fiz\u201d"},"content":{"rendered":"<p>SAMSUN (\u0130HA) \u2013 Samsunspor\u2019un deneyimli kalecisi Ahmet Alt\u0131n, \u201cGe\u00e7en seneki borcumuzu bu sene \u00f6demek zorunday\u0131z. \u0130n\u015fallah bu borcumuzu bu camiaya \u00f6deyece\u011fiz\u201d dedi.<\/p>\n<p>Yeni sezon haz\u0131rl\u0131klar\u0131n\u0131n ilk etab\u0131n\u0131 Bolu\u2019da s\u00fcrd\u00fcren Samsunspor\u2019un tecr\u00fcbeli eldiveni Ahmet Alt\u0131n, k\u0131rm\u0131z\u0131-beyazl\u0131 ekibin Medya Direkt\u00f6r\u00fc Murat Sand\u0131k\u00e7\u0131\u2019n\u0131n haz\u0131rlay\u0131p sundu\u011fu Bire1 program\u0131n\u0131n konu\u011fu oldu. Ahmet Alt\u0131n, yeni sezona en iyi \u015fekilde haz\u0131rlanmaya \u00e7al\u0131\u015ft\u0131klar\u0131n\u0131 s\u00f6yleyerek a\u00e7\u0131klamalarda bulundu.<\/p>\n<p>Kamp\u0131 de\u011ferlendiren Ahmet Alt\u0131n, \u201c\u00c7ok iyi bir kamp ortam\u0131m\u0131z var. Yeni sezon i\u00e7in en iyi \u015fekilde haz\u0131rlanmaya \u00e7al\u0131\u015f\u0131yoruz. Yeni gelen hocalar\u0131m\u0131z ve arkada\u015flar\u0131m\u0131z var. Biz onlara onlar da bize al\u0131\u015fmaya \u00e7al\u0131\u015f\u0131yor. Tek hedefimiz yeni sezona en iyi \u015fekilde haz\u0131rlanmak. Sezon ba\u015f\u0131 haz\u0131rl\u0131klar\u0131 her zaman a\u011f\u0131r ge\u00e7er. \u00c7\u00fcnk\u00fc sezon bittikten sonra tatile ayr\u0131l\u0131yorsun. Sezona haz\u0131rlanmak i\u00e7in ekstra bir \u00e7aba g\u00f6steriyorsun. Yorucu ge\u00e7iyor ama bu hepimizin iyili\u011fi i\u00e7in\u201d diye konu\u015ftu.<\/p>\n<p>\u201cBu sezon borcumuzu \u00f6deyece\u011fiz\u201d<\/p>\n<p>\u015eampiyon olmak istediklerini belirten file bek\u00e7isi Alt\u0131n, \u201cGe\u00e7en seneki borcumuzu bu sene \u00f6demek zorunday\u0131z. \u0130n\u015fallah bu borcumuzu bu camiaya \u00f6deyece\u011fiz. Kaleciler olarak hepiniz en iyi \u015fekilde yeni sezon i\u00e7in haz\u0131rlan\u0131yoruz. Yeni kaleci antren\u00f6r\u00fcm\u00fcz \u0130smail Aydo\u011fdu ile birlikte \u00e7al\u0131\u015fmalar\u0131m\u0131z \u00e7ok iyi ge\u00e7iyor. Tabi ki herkes oynamak istiyor ama bunun karar\u0131n\u0131 veren hocalar\u0131m\u0131z olacak. Biz sadece en iyi \u015fekilde haz\u0131rlan\u0131p karar\u0131 hocaya b\u0131rakaca\u011f\u0131z. Bu sene tek hedefimiz oldu\u011fundan dolay\u0131 bireysel olarak herkes oynamak isteyecek. Ama \u00f6nemli olan tak\u0131m\u0131n durumu. Tek hedefimiz \u015fampiyonluk. Bunun i\u00e7in biz yard\u0131mc\u0131 olaca\u011f\u0131z ve di\u011fer arkada\u015flar\u0131m\u0131z da faydal\u0131 olacak. Bunu benimle veya ba\u015fkas\u0131yla olmu\u015f \u00e7ok \u00f6nemi yok. Taraftara, camiaya ve bu \u015fehre ge\u00e7en y\u0131ldan bir borcumuz var. Ge\u00e7en y\u0131l bizi inan\u0131lmaz bir \u015feklide desteklediler. Bizde ge\u00e7en y\u0131l \u015fampiyon olmay\u0131 \u00e7ok istedik ama olmad\u0131. Bu sene taraftar\u0131m\u0131z\u0131n deste\u011fi ile birlikte \u015fampiyon olmak istiyoruz ve olaca\u011f\u0131m\u0131za da eminiz\u201d \u015feklinde konu\u015ftu.<\/p>\n<p>Yeni sa\u00e7 stilini tak\u0131m arkada\u015flar\u0131n\u0131n be\u011fendi\u011fini ifade eden Ahmet Alt\u0131n, \u015funlar\u0131 s\u00f6yledi:<\/p>\n<p>\u201c\u0130lk kez yapt\u0131m b\u00f6yle bir \u015fey. Kampta oldu\u011fumuzdan dolay\u0131 biraz modelin d\u0131\u015f\u0131na \u00e7\u0131kt\u0131. Sa\u00e7lar biraz uzad\u0131 ve rengi de de\u011fi\u015fti. Sa\u00e7\u0131m\u0131 de\u011fi\u015ftirmek spontane geli\u015fen bir \u015feydi. De\u011fi\u015ftirmek istedim. Baz\u0131 insanlardan g\u00fczel geri d\u00f6n\u00fc\u015fler oldu. Baz\u0131lar\u0131 da be\u011fenmemi\u015f olabilir. Bu benim kendi tercihim. Tak\u0131m arkada\u015flar\u0131m da genel olarak be\u011fendi.\u201d<\/p>\n","protected":false},"excerpt":{"rendered":"<p>SAMSUNSPOR\u2019UN DENEY\u0130ML\u0130 KALEC\u0130S\u0130 AHMET ALTIN, \u201cGE\u00c7EN SENEK\u0130 BORCUMUZU BU SENE \u00d6DEMEK ZORUNDAYIZ. \u0130N\u015eALLAH BU BORCUMUZU BU CAM\u0130AYA \u00d6DEYECE\u011e\u0130Z\u201d DED\u0130.<\/p>\n","protected":false},"author":1,"featured_media":185972,"comment_status":"closed","ping_status":"open","sticky":false,"template":"","format":"standard","meta":{"jetpack_post_was_ever_published":false,"_jetpack_newsletter_access":"","_jetpack_dont_email_post_to_subs":false,"_jetpack_newsletter_tier_id":0,"_jetpack_memberships_contains_paywalled_content":false,"_jetpack_memberships_contains_paid_content":false,"footnotes":"","jetpack_publicize_message":"","jetpack_publicize_feature_enabled":true,"jetpack_social_post_already_shared":true,"jetpack_social_options":{"image_generator_settings":{"template":"highway","default_image_id":0,"font":"","enabled":false},"version":2}},"categories":[657],"tags":[986,46149,596,46150,19094,4954],"class_list":["post-185971","post","type-post","status-publish","format-standard","has-post-thumbnail","hentry","category-spor","tag-bu","tag-eldiven","tag-altin","tag-borcumuzu","tag-odeyecegiz","tag-sezon"],"jetpack_publicize_connections":[],"jetpack_featured_media_url":"https:\/\/i0.wp.com\/www.tvturk.com\/wp-content\/uploads\/2019\/07\/altin-eldiven-bu-sezon-borcumuzu-odeyecegiz_db8880c.jpg?fit=1000%2C666","jetpack_sharing_enabled":true,"jetpack_shortlink":"https:\/\/wp.me\/paKIfm-Mnx","_links":{"self":[{"href":"http:\/\/www.tvturk.com\/index.php\/wp-json\/wp\/v2\/posts\/185971","targetHints":{"allow":["GET"]}}],"collection":[{"href":"http:\/\/www.tvturk.com\/index.php\/wp-json\/wp\/v2\/posts"}],"about":[{"href":"http:\/\/www.tvturk.com\/index.php\/wp-json\/wp\/v2\/types\/post"}],"author":[{"embeddable":true,"href":"http:\/\/www.tvturk.com\/index.php\/wp-json\/wp\/v2\/users\/1"}],"replies":[{"embeddable":true,"href":"http:\/\/www.tvturk.com\/index.php\/wp-json\/wp\/v2\/comments?post=185971"}],"version-history":[{"count":0,"href":"http:\/\/www.tvturk.com\/index.php\/wp-json\/wp\/v2\/posts\/185971\/revisions"}],"wp:featuredmedia":[{"embeddable":true,"href":"http:\/\/www.tvturk.com\/index.php\/wp-json\/wp\/v2\/media\/185972"}],"wp:attachment":[{"href":"http:\/\/www.tvturk.com\/index.php\/wp-json\/wp\/v2\/media?parent=185971"}],"wp:term":[{"taxonomy":"category","embeddable":true,"href":"http:\/\/www.tvturk.com\/index.php\/wp-json\/wp\/v2\/categories?post=185971"},{"taxonomy":"post_tag","embeddable":true,"href":"http:\/\/www.tvturk.com\/index.php\/wp-json\/wp\/v2\/tags?post=185971"}],"curies":[{"name":"wp","href":"https:\/\/api.w.org\/{rel}","templated":true}]}}