{"id":185987,"date":"2019-07-24T16:17:21","date_gmt":"2019-07-24T13:17:21","guid":{"rendered":"http:\/\/www.tvturk.com\/index.php\/kapikayafest-renkli-goruntulerle-basladi\/"},"modified":"2019-07-24T16:17:21","modified_gmt":"2019-07-24T13:17:21","slug":"kapikayafest-renkli-goruntulerle-basladi","status":"publish","type":"post","link":"http:\/\/www.tvturk.com\/index.php\/kapikayafest-renkli-goruntulerle-basladi\/","title":{"rendered":"Kap\u0131kayafest renkli g\u00f6r\u00fcnt\u00fclerle ba\u015flad\u0131"},"content":{"rendered":"<p>Samsun\u2019un Bafra il\u00e7esinde d\u00fczenlenen 3. Uluslararas\u0131 Kap\u0131kaya Festivali (Kap\u0131kayafest) b\u00fcy\u00fck bir heyecanla ba\u015flad\u0131.<\/p>\n<p>Bafra Belediyesince organize edilen \u2019Uluslararas\u0131 Kap\u0131kaya Outdoor Extreme Festivali\u2019ne gelen yar\u0131\u015fmac\u0131lar ve konuklar i\u00e7in haz\u0131rlanan Asar kamp alan\u0131nda kurulan \u00e7ad\u0131rlara yerle\u015fmeye ba\u015flad\u0131. 4 g\u00fcn, 3 gece s\u00fcrecek olan festivale kat\u0131lan yabanc\u0131 para\u015f\u00fct\u00e7\u00fcler atlay\u0131\u015f yapt\u0131. Para\u015f\u00fct\u00e7\u00fclerin havadaki g\u00f6sterileri nefes kesti. Atlay\u0131\u015f alan\u0131nda para\u015f\u00fct\u00e7\u00fcleri izlemeye gelen konuklar seyir teras\u0131nda selfie yapmay\u0131 ihmal etmedi.<\/p>\n<p>Para\u015f\u00fct\u00e7\u00fclerden Uent\u0131n Debras, \u201cBel\u00e7ika\u2019dan geliyorum. T\u00fcrkiye\u2019de ilk defa bulunuyorum. Buray\u0131 \u00e7ok g\u00fczel buldum\u201c dedi.<\/p>\n<p>Martin Lifka ise &#8220;Avusturya\u2019dan geliyorum. U\u00e7mak i\u00e7in heyecanl\u0131y\u0131m. Buray\u0131 \u00e7ok g\u00fczel buldum. T\u00fcrkiye\u2019de daha \u00f6ncede geldim. Kap\u0131kaya\u2019ya ilk defa bulunuyorum. \u00d6n\u00fcm\u00fczdeki g\u00fcnler nas\u0131l ge\u00e7ecek heyecanl\u0131y\u0131m. Burada u\u00e7aca\u011f\u0131m i\u00e7in sevin\u00e7liyim. Avusturya\u2019da her g\u00fcn da\u011flara y\u00fcr\u00fcyerek \u00e7\u0131k\u0131yorum, a\u015fa\u011f\u0131ya u\u00e7arak iniyorum. Buray\u0131 \u00e7ok merak ediyorum&#8221; diye konu\u015ftu.<\/p>\n<p>Festival ile ilgili bilgi veren Belediye Ba\u015fkan\u0131 Hamit K\u0131l\u0131\u00e7, \u201cKap\u0131kaya Festivalimizin bu sene 3.\u2019s\u00fcn\u00fc yap\u0131yoruz. Uluslararas\u0131 bir festival. Yama\u00e7 para\u015f\u00fct\u00fc dahil bir\u00e7ok spor etkinli\u011finin bir arada oldu\u011fu g\u00fczel bir festival. Ge\u00e7en sene yakla\u015f\u0131k 50 binin \u00fczerinde misafirlerimiz vard\u0131, en iyi \u015fekilde a\u011f\u0131rlad\u0131k. Bu sene de misafirlerimizin tamam\u0131n\u0131 fazlas\u0131yla g\u00f6rece\u011fimizi \u00fcmit ediyoruz ki g\u00f6r\u00fcnt\u00fc de \u00f6yle. Biz b\u00fct\u00fcn haz\u0131rl\u0131klar\u0131m\u0131z\u0131 yapt\u0131k. Yakla\u015f\u0131k 2 ayd\u0131r bu i\u015fe odakland\u0131k. G\u00fczel bir \u00e7al\u0131\u015fma \u00e7\u0131kartt\u0131k. D\u00fcnyan\u0131n de\u011fi\u015fik yerlerinden sporcular\u0131m\u0131z geldi. Yakla\u015f\u0131k 20\u2019nin \u00fczerinde akrobasi g\u00f6sterisi yapacak sporcular\u0131m\u0131z var. Da\u011f y\u00fcr\u00fcy\u00fc\u015f\u00fc yapacak sporcular\u0131m\u0131z var. Fotosafari var, y\u00fcr\u00fcy\u00fc\u015f var. Su sporlar\u0131 etkinliklerimiz var. B\u00fct\u00fcn bunlar\u0131 birle\u015ftirerek b\u00f6lgemizin en g\u00fczel festivalini ger\u00e7ekle\u015ftirece\u011fiz. Bu festivalimizin bu sene farkl\u0131 bir y\u00f6n\u00fc var. Belki de ilk defa bir festivalde, \u00e7evre dostu bir festivali ger\u00e7ekle\u015ftirece\u011fiz. Bununla ilgili ekiplerimiz her t\u00fcrl\u00fc haz\u0131rl\u0131\u011f\u0131 ve \u00e7al\u0131\u015fmay\u0131 yapt\u0131\u201d \u015feklinde konu\u015ftu.<\/p>\n","protected":false},"excerpt":{"rendered":"<p>KAPIKAYA FEST RENKL\u0130 G\u00d6R\u00dcNT\u00dcLERLE BA\u015eLADI<\/p>\n","protected":false},"author":1,"featured_media":185988,"comment_status":"closed","ping_status":"open","sticky":false,"template":"","format":"standard","meta":{"jetpack_post_was_ever_published":false,"_jetpack_newsletter_access":"","_jetpack_dont_email_post_to_subs":false,"_jetpack_newsletter_tier_id":0,"_jetpack_memberships_contains_paywalled_content":false,"_jetpack_memberships_contains_paid_content":false,"footnotes":"","jetpack_publicize_message":"","jetpack_publicize_feature_enabled":true,"jetpack_social_post_already_shared":true,"jetpack_social_options":{"image_generator_settings":{"template":"highway","default_image_id":0,"font":"","enabled":false},"version":2}},"categories":[656],"tags":[46055,55,8826,4128],"class_list":["post-185987","post","type-post","status-publish","format-standard","has-post-thumbnail","hentry","category-kultur-sanat","tag-kapikayafest","tag-basladi","tag-goruntulerle","tag-renkli"],"jetpack_publicize_connections":[],"jetpack_featured_media_url":"https:\/\/i0.wp.com\/www.tvturk.com\/wp-content\/uploads\/2019\/07\/kapikayafest-renkli-goruntulerle-basladi_649a313.jpg?fit=1000%2C500","jetpack_sharing_enabled":true,"jetpack_shortlink":"https:\/\/wp.me\/paKIfm-MnN","_links":{"self":[{"href":"http:\/\/www.tvturk.com\/index.php\/wp-json\/wp\/v2\/posts\/185987","targetHints":{"allow":["GET"]}}],"collection":[{"href":"http:\/\/www.tvturk.com\/index.php\/wp-json\/wp\/v2\/posts"}],"about":[{"href":"http:\/\/www.tvturk.com\/index.php\/wp-json\/wp\/v2\/types\/post"}],"author":[{"embeddable":true,"href":"http:\/\/www.tvturk.com\/index.php\/wp-json\/wp\/v2\/users\/1"}],"replies":[{"embeddable":true,"href":"http:\/\/www.tvturk.com\/index.php\/wp-json\/wp\/v2\/comments?post=185987"}],"version-history":[{"count":0,"href":"http:\/\/www.tvturk.com\/index.php\/wp-json\/wp\/v2\/posts\/185987\/revisions"}],"wp:featuredmedia":[{"embeddable":true,"href":"http:\/\/www.tvturk.com\/index.php\/wp-json\/wp\/v2\/media\/185988"}],"wp:attachment":[{"href":"http:\/\/www.tvturk.com\/index.php\/wp-json\/wp\/v2\/media?parent=185987"}],"wp:term":[{"taxonomy":"category","embeddable":true,"href":"http:\/\/www.tvturk.com\/index.php\/wp-json\/wp\/v2\/categories?post=185987"},{"taxonomy":"post_tag","embeddable":true,"href":"http:\/\/www.tvturk.com\/index.php\/wp-json\/wp\/v2\/tags?post=185987"}],"curies":[{"name":"wp","href":"https:\/\/api.w.org\/{rel}","templated":true}]}}