{"id":186003,"date":"2019-07-24T16:46:45","date_gmt":"2019-07-24T13:46:45","guid":{"rendered":"http:\/\/www.tvturk.com\/index.php\/anne-keklik-kendini-feda-etti\/"},"modified":"2019-07-24T16:46:45","modified_gmt":"2019-07-24T13:46:45","slug":"anne-keklik-kendini-feda-etti","status":"publish","type":"post","link":"http:\/\/www.tvturk.com\/index.php\/anne-keklik-kendini-feda-etti\/","title":{"rendered":"Anne keklik kendini feda etti"},"content":{"rendered":"<p>An\u0131z yang\u0131nlar\u0131, do\u011fadaki canl\u0131lar\u0131n hayat\u0131na mal olmaya devam ediyor. An\u0131z yang\u0131n\u0131ndan sonra kar\u015f\u0131la\u015ft\u0131\u011f\u0131 manzaraya dayanamayan bir vatanda\u015f, vicdan azab\u0131n\u0131 sosyal medya hesab\u0131ndan payla\u015ft\u0131.<\/p>\n<p>Batman\u2019\u0131n Be\u015firi il\u00e7e k\u0131rsal\u0131nda an\u0131z yang\u0131n\u0131n\u0131n ard\u0131ndan bir kekli\u011fin de yand\u0131\u011f\u0131n\u0131 g\u00f6ren vatanda\u015f, g\u00f6rd\u00fc\u011f\u00fc manzara kar\u015f\u0131s\u0131nda \u015foke oldu. Ya\u015fad\u0131klar\u0131n\u0131 sosyal medya hesab\u0131ndan payla\u015fan vatanda\u015f g\u00f6rd\u00fcklerini \u015f\u00f6yle anlatt\u0131:<\/p>\n<p>\u201cAn\u0131zlar yand\u0131ktan sonra tarla i\u00e7erisinde gezerken yanan bir cismin oldu\u011funu fark ettim yan\u0131na yakla\u015f\u0131nca, yanan cismin keklik oldu\u011funu ve tamamen yand\u0131\u011f\u0131n\u0131 g\u00f6rd\u00fcm. Vicdan azab\u0131 ya\u015farken bir yandan da \u2019acaba bu keklik neden yang\u0131ndan ka\u00e7amam\u0131\u015f\u2019 diye d\u00fc\u015f\u00fcnd\u00fcm. Aya\u011f\u0131mla ku\u015fu itekleyince ba\u015f\u0131mdan kaynar sular d\u00f6k\u00fcld\u00fc, ku\u015fun alt\u0131nda 12 tane yavrusunun oldu\u011funu g\u00f6rd\u00fcm. Ku\u015f, yang\u0131ndan yavrular\u0131n\u0131 korumak i\u00e7in ka\u00e7mam\u0131\u015f ve kendini feda etmi\u015fti. Onu kurtarmak i\u00e7in \u00e7ok ge\u00e7 kalm\u0131\u015ft\u0131m.\u201d<\/p>\n<p>Foto\u011fraflar\u0131 sosyal medya hesab\u0131nda payla\u015fan vatanda\u015f an\u0131z yang\u0131nlar\u0131 i\u00e7in, \u201cAn\u0131zlar\u0131 yakmadan \u00f6nce l\u00fctfen bir kez daha d\u00fc\u015f\u00fcnelim\u201d diye uyar\u0131da bulundu.<\/p>\n","protected":false},"excerpt":{"rendered":"<p>ANNE KEKL\u0130K YUMURTALARINI KORUMAK \u0130\u00c7\u0130N KEND\u0130N\u0130 FEDA ETT\u0130<\/p>\n","protected":false},"author":1,"featured_media":186004,"comment_status":"closed","ping_status":"open","sticky":false,"template":"","format":"standard","meta":{"jetpack_post_was_ever_published":false,"_jetpack_newsletter_access":"","_jetpack_dont_email_post_to_subs":false,"_jetpack_newsletter_tier_id":0,"_jetpack_memberships_contains_paywalled_content":false,"_jetpack_memberships_contains_paid_content":false,"footnotes":"","jetpack_publicize_message":"","jetpack_publicize_feature_enabled":true,"jetpack_social_post_already_shared":true,"jetpack_social_options":{"image_generator_settings":{"template":"highway","default_image_id":0,"font":"","enabled":false},"version":2}},"categories":[1],"tags":[5582,207,11196,12524,5980],"class_list":["post-186003","post","type-post","status-publish","format-standard","has-post-thumbnail","hentry","category-genel","tag-anne","tag-etti","tag-feda","tag-keklik","tag-kendini"],"jetpack_publicize_connections":[],"jetpack_featured_media_url":"https:\/\/i0.wp.com\/www.tvturk.com\/wp-content\/uploads\/2019\/07\/anne-keklik-kendini-feda-etti_407166e.jpg?fit=900%2C497","jetpack_sharing_enabled":true,"jetpack_shortlink":"https:\/\/wp.me\/paKIfm-Mo3","_links":{"self":[{"href":"http:\/\/www.tvturk.com\/index.php\/wp-json\/wp\/v2\/posts\/186003","targetHints":{"allow":["GET"]}}],"collection":[{"href":"http:\/\/www.tvturk.com\/index.php\/wp-json\/wp\/v2\/posts"}],"about":[{"href":"http:\/\/www.tvturk.com\/index.php\/wp-json\/wp\/v2\/types\/post"}],"author":[{"embeddable":true,"href":"http:\/\/www.tvturk.com\/index.php\/wp-json\/wp\/v2\/users\/1"}],"replies":[{"embeddable":true,"href":"http:\/\/www.tvturk.com\/index.php\/wp-json\/wp\/v2\/comments?post=186003"}],"version-history":[{"count":0,"href":"http:\/\/www.tvturk.com\/index.php\/wp-json\/wp\/v2\/posts\/186003\/revisions"}],"wp:featuredmedia":[{"embeddable":true,"href":"http:\/\/www.tvturk.com\/index.php\/wp-json\/wp\/v2\/media\/186004"}],"wp:attachment":[{"href":"http:\/\/www.tvturk.com\/index.php\/wp-json\/wp\/v2\/media?parent=186003"}],"wp:term":[{"taxonomy":"category","embeddable":true,"href":"http:\/\/www.tvturk.com\/index.php\/wp-json\/wp\/v2\/categories?post=186003"},{"taxonomy":"post_tag","embeddable":true,"href":"http:\/\/www.tvturk.com\/index.php\/wp-json\/wp\/v2\/tags?post=186003"}],"curies":[{"name":"wp","href":"https:\/\/api.w.org\/{rel}","templated":true}]}}