{"id":186033,"date":"2019-07-24T17:17:25","date_gmt":"2019-07-24T14:17:25","guid":{"rendered":"http:\/\/www.tvturk.com\/index.php\/karacabey-belediyesporda-yilmaz-donemi\/"},"modified":"2019-07-24T17:17:25","modified_gmt":"2019-07-24T14:17:25","slug":"karacabey-belediyesporda-yilmaz-donemi","status":"publish","type":"post","link":"http:\/\/www.tvturk.com\/index.php\/karacabey-belediyesporda-yilmaz-donemi\/","title":{"rendered":"Karacabey Belediyespor\u2019da Y\u0131lmaz d\u00f6nemi"},"content":{"rendered":"<p>T\u00fcrkiye 3. Ligi\u2019nde m\u00fccadele eden Karacabey Belediyespor\u2019da teknik direkt\u00f6rl\u00fck g\u00f6revine Erdo\u011fan Y\u0131lmaz getirildi.<\/p>\n<p>Y\u0131lmaz, imza t\u00f6reni sonras\u0131nda Karacabey Belediyespor Ba\u015fkan\u0131 U\u011fur Ko\u00e7ak ile Karacabey Belediyespor atk\u0131s\u0131yla poz verdi. Erdo\u011fan Y\u0131lmaz ile 1 y\u0131ll\u0131k anla\u015fma yap\u0131ld\u0131\u011f\u0131 \u00f6\u011frenildi.<\/p>\n<p>Ba\u015fkan U\u011fur Ko\u00e7ak, \u201cKaracabey Belediyespor\u2019a ortak olmak isteyen bir i\u015f adam\u0131 vard\u0131. G\u00f6r\u00fc\u015fmelerimiz yakla\u015f\u0131k 15-20 g\u00fcn s\u00fcrd\u00fc. Ondan haber bekledik. Pazartesi g\u00fcn\u00fc kendisi ailevi meselerden \u00f6t\u00fcr\u00fc olumsuz bir g\u00f6r\u00fc\u015f bildirdi. Ortakl\u0131k hayata ge\u00e7seydi g\u00fczel bir olu\u015fum olacakt\u0131. Zaman\u0131m\u0131z darald\u0131\u011f\u0131 i\u00e7in biz de hemen harekete ge\u00e7erek teknik direkt\u00f6rl\u00fck i\u00e7in Erdo\u011fan Y\u0131lmaz ile 1 y\u0131ll\u0131k anla\u015ft\u0131k. Sportif direkt\u00f6rl\u00fc\u011fe de Zeynel Yald\u0131z\u2019\u0131 getirdik. Camiam\u0131za ve Karacabey\u2019imize hay\u0131rl\u0131 u\u011furlu olsun. Profesyonellik anlay\u0131\u015f\u0131na uygun do\u011fru ad\u0131mlar atarak g\u00fczel bir olu\u015fumun i\u00e7ine girmeyi hedefliyoruz\u201d ifadelerini kulland\u0131.<\/p>\n<p>Yeni y\u00f6netim olu\u015fturacaklar\u0131n\u0131 belirten ve bunun i\u00e7in Karacabeyli i\u015f adamlar\u0131n\u0131 y\u00f6netime beklediklerini belirten Ba\u015fkan Ko\u00e7ak, \u201cKaracabeyli i\u015f adamlar\u0131n\u0131 yeni olu\u015fturaca\u011f\u0131m\u0131z y\u00f6netime bekliyoruz. Maddi ve manevi deste\u011fe ihtiyac\u0131m\u0131z var. Y\u00f6netime girecek i\u015f adamlar\u0131m\u0131z istedi\u011fi takdirde ba\u015fkanl\u0131\u011f\u0131 da kendilerine devretmeye haz\u0131r\u0131m. Kul\u00fcbe ortak almaya \u00e7al\u0131\u015f\u0131rken bir\u00e7ok i\u015f adam\u0131m\u0131zdan tepkiler geliyordu. Maddi deste\u011fi vermeye haz\u0131r olduklar\u0131n\u0131 ve kul\u00fcb\u00fcn sat\u0131lmamas\u0131 gerekti\u011fi konusunda s\u00f6z ediyorlard\u0131. \u015eimdi bu i\u015f adamlar\u0131m\u0131zdan, kul\u00fcp y\u00f6netimine hatta istedikleri takdirde ba\u015fkanl\u0131\u011fa talip olmalar\u0131n\u0131 bekliyorum. Gelip destek versinler ve \u015fampiyonlu\u011fa oynayan bir tak\u0131m kural\u0131m. Taraftarlar\u0131m\u0131z\u0131n her zaman oldu\u011fu gibi, gerek bilet alarak gerekse tak\u0131ma destek vererek yan\u0131m\u0131zda olacaklar\u0131ndan hi\u00e7bir \u015f\u00fcphemiz yok. Bu sene protokole trib\u00fcn\u00fcne girecek misafirler haricindeki i\u015f adamlar\u0131m\u0131zdan y\u0131ll\u0131k 5 bin TL alarak protokol kombine kart\u0131 verece\u011fiz. Bu koltuklara kendi isimleri yaz\u0131larak yerleri ayr\u0131lacak\u201d \u015feklinde konu\u015ftu.<\/p>\n<p>Karacabey Belediyespor teknik direkt\u00f6rl\u00fc\u011f\u00fcne getirilen Erdo\u011fan Y\u0131lmaz da, \u201cBurada olmaktan mutluyum. B\u00fct\u00fcn ligleri s\u00fcrekli takip ediyorum. Kul\u00fcb\u00fcn profesyonelle\u015fmesi i\u00e7in buraday\u0131m. Bunu daha \u00f6nce Tav\u015fanl\u0131 Linyitspor ve Vanspor\u2019da yapt\u0131m. Sportif ba\u015far\u0131dan daha fazla kul\u00fcb\u00fcn kurumsalla\u015fmas\u0131 i\u00e7in geldim. Burada temelleri sa\u011flam ataca\u011f\u0131z. Ge\u00e7en sene yakalanm\u0131\u015f bir ba\u015far\u0131 var. Fakat bu sene bakt\u0131\u011f\u0131m\u0131zda ge\u00e7en seneden kalan neredeyse oyuncu yok. Buraya gelen oyuncuyu g\u00f6z boyamak i\u00e7in almayaca\u011f\u0131z. Ge\u00e7en sene kurulan tak\u0131m\u0131n temeli olmad\u0131\u011f\u0131 i\u00e7in da\u011f\u0131ld\u0131. Biz iskelet kadromuzu olu\u015fturaca\u011f\u0131z. Alt yap\u0131ndan oyuncu yeti\u015ftirerek A tak\u0131ma alaca\u011f\u0131z. Her sene bir s\u00fcr\u00fc transfer yaparak \u00e7ok para harcamak yerine alt yap\u0131dan oyuncu \u00e7\u0131karaca\u011f\u0131z. G\u00fczel kemik bir kadro olu\u015fturaca\u011f\u0131z. Lig bitiminde do\u011fru bir i\u015f yapt\u0131\u011f\u0131m\u0131z\u0131 herkes g\u00f6recek. Bu sene tak\u0131m\u0131n temelini olu\u015fturup ilerleyen y\u0131llarda daha iyi yerlere gelece\u011fiz\u201d dedi.<\/p>\n<p>54 ya\u015f\u0131nda Trabzon Of do\u011fumlu olan Erdo\u011fan Y\u0131lmaz, evli ve 1 \u00e7ocuk babas\u0131. \u0130stanbul \u00dcniversitesi Siyasi Bilimler Fak\u00fcltesi Kamu Y\u00f6netimi mezunu olan Erdo\u011fan Y\u0131lmaz, futbol hayat\u0131nda Fenerbah\u00e7e, Trabzonspor, Eski\u015fehirspor, Sakaryaspor, Gaziosmanpa\u015fa, K.Karab\u00fckspor ve \u00c7.Rizespor formalar\u0131 giydi. 2004 y\u0131l\u0131nda Antren\u00f6rl\u00fc\u011fe \u00c7.Rizespor\u2019da ba\u015flayan Erdo\u011fan Y\u0131lmaz, daha sonra s\u0131ras\u0131yla Eski\u015fehirspor, K.Karab\u00fckspor, Ofspor, Kas\u0131mpa\u015fa, Kahramanmara\u015f, Adanaspor, Ey\u00fcpspor, Tav\u015fanl\u0131 Linyitspor, Vanspor ve Alibeyk\u00f6yspor\u2019da teknik direkt\u00f6r olarak g\u00f6rev yapt\u0131.<\/p>\n","protected":false},"excerpt":{"rendered":"<p>T\u00dcRK\u0130YE 3\u2019\u00dcNC\u00dc L\u0130G\u0130\u2019NDE M\u00dcCADELE EDEN KARACABEY BELED\u0130YESPOR\u2019DA, TEKN\u0130K D\u0130REKT\u00d6RL\u00dcK G\u00d6REV\u0130NE ERDO\u011eAN YILMAZ GET\u0130R\u0130LD\u0130.<\/p>\n","protected":false},"author":1,"featured_media":186034,"comment_status":"closed","ping_status":"open","sticky":false,"template":"","format":"standard","meta":{"jetpack_post_was_ever_published":false,"_jetpack_newsletter_access":"","_jetpack_dont_email_post_to_subs":false,"_jetpack_newsletter_tier_id":0,"_jetpack_memberships_contains_paywalled_content":false,"_jetpack_memberships_contains_paid_content":false,"footnotes":"","jetpack_publicize_message":"","jetpack_publicize_feature_enabled":true,"jetpack_social_post_already_shared":true,"jetpack_social_options":{"image_generator_settings":{"template":"highway","default_image_id":0,"font":"","enabled":false},"version":2}},"categories":[657],"tags":[6509,2088,3268,4688],"class_list":["post-186033","post","type-post","status-publish","format-standard","has-post-thumbnail","hentry","category-spor","tag-belediyesporda","tag-donemi","tag-karacabey","tag-yilmaz"],"jetpack_publicize_connections":[],"jetpack_featured_media_url":"https:\/\/i0.wp.com\/www.tvturk.com\/wp-content\/uploads\/2019\/07\/karacabey-belediyesporda-yilmaz-donemi_c55b703.jpg?fit=1000%2C664","jetpack_sharing_enabled":true,"jetpack_shortlink":"https:\/\/wp.me\/paKIfm-Mox","_links":{"self":[{"href":"http:\/\/www.tvturk.com\/index.php\/wp-json\/wp\/v2\/posts\/186033","targetHints":{"allow":["GET"]}}],"collection":[{"href":"http:\/\/www.tvturk.com\/index.php\/wp-json\/wp\/v2\/posts"}],"about":[{"href":"http:\/\/www.tvturk.com\/index.php\/wp-json\/wp\/v2\/types\/post"}],"author":[{"embeddable":true,"href":"http:\/\/www.tvturk.com\/index.php\/wp-json\/wp\/v2\/users\/1"}],"replies":[{"embeddable":true,"href":"http:\/\/www.tvturk.com\/index.php\/wp-json\/wp\/v2\/comments?post=186033"}],"version-history":[{"count":0,"href":"http:\/\/www.tvturk.com\/index.php\/wp-json\/wp\/v2\/posts\/186033\/revisions"}],"wp:featuredmedia":[{"embeddable":true,"href":"http:\/\/www.tvturk.com\/index.php\/wp-json\/wp\/v2\/media\/186034"}],"wp:attachment":[{"href":"http:\/\/www.tvturk.com\/index.php\/wp-json\/wp\/v2\/media?parent=186033"}],"wp:term":[{"taxonomy":"category","embeddable":true,"href":"http:\/\/www.tvturk.com\/index.php\/wp-json\/wp\/v2\/categories?post=186033"},{"taxonomy":"post_tag","embeddable":true,"href":"http:\/\/www.tvturk.com\/index.php\/wp-json\/wp\/v2\/tags?post=186033"}],"curies":[{"name":"wp","href":"https:\/\/api.w.org\/{rel}","templated":true}]}}