{"id":186067,"date":"2019-07-24T19:46:34","date_gmt":"2019-07-24T16:46:34","guid":{"rendered":"http:\/\/www.tvturk.com\/index.php\/ak-parti-heyetinden-ovaciktaki-acili-ailelere-taziye-ziyareti\/"},"modified":"2019-07-24T19:46:34","modified_gmt":"2019-07-24T16:46:34","slug":"ak-parti-heyetinden-ovaciktaki-acili-ailelere-taziye-ziyareti","status":"publish","type":"post","link":"http:\/\/www.tvturk.com\/index.php\/ak-parti-heyetinden-ovaciktaki-acili-ailelere-taziye-ziyareti\/","title":{"rendered":"AK Parti heyetinden Ovac\u0131k\u2019taki ac\u0131l\u0131 ailelere taziye ziyareti"},"content":{"rendered":"<p>AK Parti Genel Ba\u015fkan Yard\u0131mc\u0131s\u0131 Leyla \u015eahin Usta ba\u015fkanl\u0131\u011f\u0131ndaki heyet, Tunceli\u2019de patlamada iki \u00e7ocu\u011funu kaybeden G\u00fclo\u011flu ailesi ile otob\u00fcs\u00fcn \u00e7arpmas\u0131 sonucu Munzur \u00c7ay\u0131\u2019na d\u00fc\u015ferek hayat\u0131n\u0131 kaybeden Engin Ero\u011flu\u2019nun babas\u0131n\u0131 ziyaret ederek taziye verdi.<\/p>\n<p>AK Parti Genel Ba\u015fkan Yard\u0131mc\u0131s\u0131 ve \u0130nsan Haklar\u0131 Bakan\u0131 Konya Milletvekili Leyla \u015eahin Usta ile birlikte Kocaeli Milletvekili R. Sezer Kat\u0131rc\u0131o\u011flu, Bal\u0131kesir Milletvekili Pakize Mutlu Aydemir, Elaz\u0131\u011f Milletvekili Sermin Bal\u0131k, Genel Merkez Kad\u0131n Kollar\u0131 \u0130HB Ba\u015fkan\u0131 Nihan Turna Sakalta\u015f\u2019\u0131n yer ald\u0131\u011f\u0131 AK Parti heyeti, Tunceli\u2019ye geldi. Vali Tuncay Sonel, Ovac\u0131k Kaymakam\u0131 Sel\u00e7uk Hask\u0131r\u0131\u015f, \u0130l Jandarma Komutan\u0131 Albay Sinan \u015een ve AK Parti \u0130l Ba\u015fkan\u0131 Fatih Tek\u2019in de e\u015flik etti\u011fi heyet, askeri helikopterle Ovac\u0131k il\u00e7esine gitti. Heyet, il\u00e7eye ba\u011fl\u0131 \u00c7akmakl\u0131 K\u00f6y\u00fc\u2019nde ya\u015fayan ve ter\u00f6r \u00f6rg\u00fct\u00fc PKK\u2019l\u0131 ter\u00f6ristler taraf\u0131ndan \u00f6nceden d\u00f6\u015fenen patlay\u0131c\u0131n\u0131n infilak etmesi sonucu iki \u00e7ocu\u011funu yitiren Ekber ve Cevriye G\u00fclo\u011flu \u00e7iftini ziyaret etti. Ovac\u0131k karayolunda seyir halindeki bir otob\u00fcs\u00fcn a\u00e7\u0131k bagaj kapa\u011f\u0131n\u0131n \u00e7arpmas\u0131 sonucu Munzur \u00c7ay\u0131\u2019na d\u00fc\u015ferek hayat\u0131n\u0131 kaybeden Engin Ero\u011flu\u2019nun babas\u0131 Ali \u0130brahim Ero\u011flu\u2019nun da bulundu\u011fu ziyarette heyet ac\u0131l\u0131 ailelere taziye mesajlar\u0131n\u0131 iletti.<\/p>\n<p>AK Parti Genel Ba\u015fkan Yard\u0131mc\u0131s\u0131 Leyla \u015eahin Usta anne Cevriye G\u00fclo\u011flu\u2019nu teselli ederek, \u201cAllah sab\u0131rlar versin. Sizlere cumhurba\u015fkan\u0131m\u0131z\u0131n selam\u0131n\u0131 getirdik. Sizlerle beraberiz. Ac\u0131n\u0131z\u0131 tazelemek istemeyiz ama sizleri de g\u00f6rmek istedik. Sabretmek zor ama sabredece\u011fiz. Bizi kabul etti\u011finiz i\u00e7in te\u015fekk\u00fcr ediyoruz\u201d dedi.<\/p>\n<p>Her iki aileye de ev al\u0131n\u0131p, \u00e7ocuklar ad\u0131na park yap\u0131lacak<\/p>\n<p>Ziyarette konu\u015fan Vali Tuncay Sonel ise, \u201cAilenin r\u0131zas\u0131n\u0131 alarak devletimizin katk\u0131lar\u0131yla iki ailemize ev alaca\u011f\u0131z. Tunceli\u2019de isterlerse orada Ovac\u0131k\u2019ta isterlerse burada alaca\u011f\u0131z. Desteklerimiz devam edecek\u201d diye konu\u015ftu.<\/p>\n<p>Vali Sonel, ayr\u0131ca \u00c7akmakl\u0131 K\u00f6y\u00fc\u2019nde Nupelda ve Ayaz G\u00fclo\u011flu an\u0131s\u0131na bir de \u00e7ocuk park\u0131 yapt\u0131racaklar\u0131n\u0131 dile getirdi.  Heyet, taziye ziyaretinin ard\u0131ndan il\u00e7e esnaf\u0131n\u0131 gezip,Munzur G\u00f6zeleri\u2019ni de g\u00f6rd\u00fckten sonra   il\u00e7eden ayr\u0131ld\u0131.<\/p>\n","protected":false},"excerpt":{"rendered":"<p>AK PART\u0130 GENEL BA\u015eKAN YARDIMCISI VE \u0130NSAN HAKLARI BA\u015eKANI KONYA M\u0130LLETVEK\u0130L\u0130 LEYLA \u015eAH\u0130N USTA BA\u015eKANLI\u011eINDAK\u0130 AK PART\u0130 HEYET\u0130, OVACIK \u0130L\u00c7ES\u0130\u2019NDE PATLAMADA \u0130K\u0130 \u00c7OCU\u011eUNU KAYBEDEN G\u00dcLO\u011eLU A\u0130LES\u0130 \u0130LE OTOB\u00dcS\u00dcN \u00c7ARPMASI SONUCU MUNZUR \u00c7AYI\u2019NA D\u00dc\u015eEREK HAYATINI KAYBEDEN ENG\u0130N ERO\u011eLU\u2019NUN BABASINI Z\u0130YARET EDEREK TAZ\u0130YELER\u0130N\u0130 \u0130LETT\u0130.<\/p>\n","protected":false},"author":1,"featured_media":186068,"comment_status":"closed","ping_status":"open","sticky":false,"template":"","format":"standard","meta":{"jetpack_post_was_ever_published":false,"_jetpack_newsletter_access":"","_jetpack_dont_email_post_to_subs":false,"_jetpack_newsletter_tier_id":0,"_jetpack_memberships_contains_paywalled_content":false,"_jetpack_memberships_contains_paid_content":false,"footnotes":"","jetpack_publicize_message":"","jetpack_publicize_feature_enabled":true,"jetpack_social_post_already_shared":true,"jetpack_social_options":{"image_generator_settings":{"template":"highway","default_image_id":0,"font":"","enabled":false},"version":2}},"categories":[1],"tags":[6470,1581,1669,46179,510,4691,1730],"class_list":["post-186067","post","type-post","status-publish","format-standard","has-post-thumbnail","hentry","category-genel","tag-acili","tag-ailelere","tag-heyetinden","tag-ovaciktaki","tag-parti","tag-taziye","tag-ziyareti"],"jetpack_publicize_connections":[],"jetpack_featured_media_url":"https:\/\/i0.wp.com\/www.tvturk.com\/wp-content\/uploads\/2019\/07\/ak-parti-heyetinden-ovaciktaki-acili-ailelere-taziye-ziyareti_7ae4d2b.jpg?fit=1000%2C663","jetpack_sharing_enabled":true,"jetpack_shortlink":"https:\/\/wp.me\/paKIfm-Mp5","_links":{"self":[{"href":"http:\/\/www.tvturk.com\/index.php\/wp-json\/wp\/v2\/posts\/186067","targetHints":{"allow":["GET"]}}],"collection":[{"href":"http:\/\/www.tvturk.com\/index.php\/wp-json\/wp\/v2\/posts"}],"about":[{"href":"http:\/\/www.tvturk.com\/index.php\/wp-json\/wp\/v2\/types\/post"}],"author":[{"embeddable":true,"href":"http:\/\/www.tvturk.com\/index.php\/wp-json\/wp\/v2\/users\/1"}],"replies":[{"embeddable":true,"href":"http:\/\/www.tvturk.com\/index.php\/wp-json\/wp\/v2\/comments?post=186067"}],"version-history":[{"count":0,"href":"http:\/\/www.tvturk.com\/index.php\/wp-json\/wp\/v2\/posts\/186067\/revisions"}],"wp:featuredmedia":[{"embeddable":true,"href":"http:\/\/www.tvturk.com\/index.php\/wp-json\/wp\/v2\/media\/186068"}],"wp:attachment":[{"href":"http:\/\/www.tvturk.com\/index.php\/wp-json\/wp\/v2\/media?parent=186067"}],"wp:term":[{"taxonomy":"category","embeddable":true,"href":"http:\/\/www.tvturk.com\/index.php\/wp-json\/wp\/v2\/categories?post=186067"},{"taxonomy":"post_tag","embeddable":true,"href":"http:\/\/www.tvturk.com\/index.php\/wp-json\/wp\/v2\/tags?post=186067"}],"curies":[{"name":"wp","href":"https:\/\/api.w.org\/{rel}","templated":true}]}}