{"id":186097,"date":"2019-07-25T09:16:29","date_gmt":"2019-07-25T06:16:29","guid":{"rendered":"http:\/\/www.tvturk.com\/index.php\/sokakta-kesfedildi-2-altin-1-gumus-madalya-kazandi\/"},"modified":"2019-07-25T09:16:29","modified_gmt":"2019-07-25T06:16:29","slug":"sokakta-kesfedildi-2-altin-1-gumus-madalya-kazandi","status":"publish","type":"post","link":"http:\/\/www.tvturk.com\/index.php\/sokakta-kesfedildi-2-altin-1-gumus-madalya-kazandi\/","title":{"rendered":"Sokakta ke\u015ffedildi, 2 alt\u0131n 1 g\u00fcm\u00fc\u015f madalya kazand\u0131"},"content":{"rendered":"<p>\u00c7aykur Rizespor Boks Kul\u00fcb\u00fc antren\u00f6rlerinin sokakta ke\u015ffetti\u011fi Alperen Y\u0131lmaz 3 y\u0131l boyunca kat\u0131ld\u0131\u011f\u0131 T\u00fcrkiye \u015eampiyonas\u0131\u2019nda 2 alt\u0131n, 1 bronz madalyan\u0131n sahibi oldu. Sokakta ke\u015ffedilen Hamiyet Demirel de 51 kiloda ilk kez kat\u0131ld\u0131\u011f\u0131 T\u00fcrkiye \u015eampiyonas\u0131\u2019nda alt\u0131n madalyay\u0131 kazand\u0131.<\/p>\n<p>\u00c7aykur Rizespor Boks Kul\u00fcb\u00fc antren\u00f6r\u00fc Ayd\u0131n Sakal, sokakta g\u00f6rd\u00fc\u011f\u00fc Alperen\u2019deki yetene\u011fi fark etti. Alperen\u2019i kul\u00fcbe getirmek i\u00e7in uzun u\u011fra\u015flar veren Sakal \u015fimdilerde \u00f6\u011frencisi ile gurur duyuyor. Alperen 3 y\u0131l boyunca kat\u0131ld\u0131\u011f\u0131 T\u00fcrkiye \u015eampiyonas\u0131nda 2 alt\u0131n 1  bronz madalyan\u0131n sahibi oldu.<\/p>\n<p>Kul\u00fcp antren\u00f6r\u00fc Ayd\u0131n Sakal \u00e7ocuklar\u0131 kul\u00fcbe kazand\u0131rmak i\u00e7in s\u00fcrekli giri\u015fimlerde bulundu\u011funu belirterek \u201dAlperen ile sokakta tesad\u00fcfen kar\u015f\u0131la\u015ft\u0131k. \u2019Kendisine boks yapar m\u0131s\u0131n?\u2019 diye sordu\u011fumda tamam dedi fakat salona \u00e7ekmem biraz zor oldu. S\u00fcrekli \u2019Bug\u00fcn yar\u0131n gelece\u011fim\u2019 diyerek oyalad\u0131 fakat en son zorla salona getirdim iyi ki de getirmi\u015fim\u201d dedi.<\/p>\n<p>&#8220;Rize\u2019ye kazand\u0131rd\u0131\u011f\u0131m\u0131z \u015fampiyonluklar Rize tarihinde bir ilk&#8221; diyen Sakal &#8220;Sporcular\u0131m 6 y\u0131ld\u0131r benimle birlikte \u00e7al\u0131\u015f\u0131yorlar. Alperen\u2019i salona getirdi\u011fim zaman Alperen\u2019de ola\u011fan \u00fcst\u00fc bir yetene\u011fin oldu\u011funu g\u00f6rd\u00fck ve ondan sonrada aral\u0131ks\u0131z \u00e7al\u0131\u015fmalara devam ettik. \u0130lk senesinde T\u00fcrkiye \u015fampiyonu oldu. \u0130kinci sene yine T\u00fcrkiye \u015fampiyonu oldu bu sene final ma\u00e7\u0131nda biraz k\u00f6t\u00fcyd\u00fck ikinci olduk\u201d ifadelerini kulland\u0131.<\/p>\n<p>Hamiyet Demirel ile 5 y\u0131ld\u0131r emek verdiklerini ifade eden Sakal \u201dAllah\u0131m\u0131za \u015f\u00fck\u00fcrler olsun ki eme\u011fimizin kar\u015f\u0131l\u0131\u011f\u0131n\u0131 ald\u0131k. \u0130lk senemizde T\u00fcrkiye \u015fampiyonlu\u011funu kazand\u0131k \u015fimdi ise s\u0131ra Avrupa \u015eampiyonas\u0131\u2019nda. Ben ve sporcular\u0131m hayallerimizle yat\u0131yoruz. Hamiyet ile olan hayal\u0131m olimpiyat. 2024 olimpiyatlar\u0131n\u0131n aday sporcular\u0131ndand\u0131r diye d\u00fc\u015f\u00fcn\u00fcyorum\u201d ifadelerini kulland\u0131.<\/p>\n<p>13 ya\u015f\u0131nda 2 alt\u0131n 1 bronz madalyan\u0131n sahibi olan Alperen Y\u0131lmaz ise \u201d2 y\u0131l \u00fcst \u00fcste \u015fampiyon oldum fakat bu sene 2. oldu\u011fum i\u00e7in \u00fcz\u00fcld\u00fcm. \u00d6n\u00fcm\u00fczdeki sene yine \u015fampiyon olup Avrupa\u2019ya giderek bunu telefi edece\u011fim\u201d dedi.<\/p>\n<p>14 Ya\u015f\u0131ndaki Hamiyet Demirel de ilk kez kat\u0131ld\u0131\u011f\u0131 T\u00fcrkiye \u015eampiyonas\u0131\u2019nda 1. olman\u0131n gururunu ya\u015fad\u0131\u011f\u0131n\u0131 s\u00f6yledi. Demirel &#8220;\u0130lk senede \u015fampiyon olmak hele de Avrupa\u2019ya gidecek olmam ve orada milli tak\u0131m formas\u0131n\u0131 temsil edecek olmam \u00e7ok gurur verici. Hedefim olimpiyat. \u0130n\u015fallah bu ba\u015far\u0131lar\u0131m\u0131 daha da ileriye g\u00f6t\u00fcr\u00fcr\u00fcm\u201d diye konu\u015ftu.<\/p>\n","protected":false},"excerpt":{"rendered":"<p>\u00c7AYKUR R\u0130ZESPOR BOKS KUL\u00dcB\u00dc ANTREN\u00d6R\u00dc AYDIN SAKAL SOKAKTA KE\u015eFETT\u0130\u011e\u0130 ALPEREN YILMAZ \u0130LE 3 YIL BOYUNCA KATILDI\u011eI T\u00dcRK\u0130YE \u015eAMP\u0130YONASINDA 2 ALTIN, 1 BRONZ MADALYANIN SAH\u0130B\u0130 OLDU. SAKAL\u2019IN B\u0130R D\u0130\u011eER \u00d6\u011eRENC\u0130S\u0130 HAM\u0130YET DEM\u0130REL\u2019DE 51 K\u0130LODA \u0130LK KEZ KATILDI\u011eI T\u00dcRK\u0130YE \u015eAMP\u0130YONASI\u2019NDA ALTIN MADALYAYI KAZANDI.<\/p>\n","protected":false},"author":1,"featured_media":186098,"comment_status":"closed","ping_status":"open","sticky":false,"template":"","format":"standard","meta":{"jetpack_post_was_ever_published":false,"_jetpack_newsletter_access":"","_jetpack_dont_email_post_to_subs":false,"_jetpack_newsletter_tier_id":0,"_jetpack_memberships_contains_paywalled_content":false,"_jetpack_memberships_contains_paid_content":false,"footnotes":"","jetpack_publicize_message":"","jetpack_publicize_feature_enabled":true,"jetpack_social_post_already_shared":true,"jetpack_social_options":{"image_generator_settings":{"template":"highway","default_image_id":0,"font":"","enabled":false},"version":2}},"categories":[657],"tags":[596,2680,3801,21866,3800,3031],"class_list":["post-186097","post","type-post","status-publish","format-standard","has-post-thumbnail","hentry","category-spor","tag-altin","tag-gumus","tag-kazandi","tag-kesfedildi","tag-madalya","tag-sokakta"],"jetpack_publicize_connections":[],"jetpack_featured_media_url":"https:\/\/i0.wp.com\/www.tvturk.com\/wp-content\/uploads\/2019\/07\/sokakta-kesfedildi-2-altin-1-gumus-madalya-kazandi_433a601.jpg?fit=1000%2C666","jetpack_sharing_enabled":true,"jetpack_shortlink":"https:\/\/wp.me\/paKIfm-Mpz","_links":{"self":[{"href":"http:\/\/www.tvturk.com\/index.php\/wp-json\/wp\/v2\/posts\/186097","targetHints":{"allow":["GET"]}}],"collection":[{"href":"http:\/\/www.tvturk.com\/index.php\/wp-json\/wp\/v2\/posts"}],"about":[{"href":"http:\/\/www.tvturk.com\/index.php\/wp-json\/wp\/v2\/types\/post"}],"author":[{"embeddable":true,"href":"http:\/\/www.tvturk.com\/index.php\/wp-json\/wp\/v2\/users\/1"}],"replies":[{"embeddable":true,"href":"http:\/\/www.tvturk.com\/index.php\/wp-json\/wp\/v2\/comments?post=186097"}],"version-history":[{"count":0,"href":"http:\/\/www.tvturk.com\/index.php\/wp-json\/wp\/v2\/posts\/186097\/revisions"}],"wp:featuredmedia":[{"embeddable":true,"href":"http:\/\/www.tvturk.com\/index.php\/wp-json\/wp\/v2\/media\/186098"}],"wp:attachment":[{"href":"http:\/\/www.tvturk.com\/index.php\/wp-json\/wp\/v2\/media?parent=186097"}],"wp:term":[{"taxonomy":"category","embeddable":true,"href":"http:\/\/www.tvturk.com\/index.php\/wp-json\/wp\/v2\/categories?post=186097"},{"taxonomy":"post_tag","embeddable":true,"href":"http:\/\/www.tvturk.com\/index.php\/wp-json\/wp\/v2\/tags?post=186097"}],"curies":[{"name":"wp","href":"https:\/\/api.w.org\/{rel}","templated":true}]}}