{"id":186103,"date":"2019-07-25T09:31:37","date_gmt":"2019-07-25T06:31:37","guid":{"rendered":"http:\/\/www.tvturk.com\/index.php\/ozel-balikesirde-haci-adaylari-kutsal-topraklara-ugurlandi\/"},"modified":"2019-07-25T09:31:37","modified_gmt":"2019-07-25T06:31:37","slug":"ozel-balikesirde-haci-adaylari-kutsal-topraklara-ugurlandi","status":"publish","type":"post","link":"http:\/\/www.tvturk.com\/index.php\/ozel-balikesirde-haci-adaylari-kutsal-topraklara-ugurlandi\/","title":{"rendered":"(\u00d6zel) Bal\u0131kesir\u2019de hac\u0131 adaylar\u0131 kutsal topraklara u\u011furland\u0131"},"content":{"rendered":"<p>Diyanet \u0130\u015fleri Ba\u015fkanl\u0131\u011f\u0131n\u0131n 2019 y\u0131l\u0131 Hac Organizasyonuyla kutsal topraklara gidecek hac\u0131 adaylar\u0131 u\u011furlanmaya ba\u015flad\u0131. Bal\u0131kesir \u0130l M\u00fcft\u00fcs\u00fc Ramazan Topcan bu y\u0131l Diyanet \u0130\u015fleri Ba\u015fkanl\u0131\u011f\u0131 organizasyonuyla 438\u2019i kad\u0131n, 337\u2019si erkek olmak \u00fczere toplamda 775 ki\u015finin Bal\u0131kesir\u2019den kutsal topraklara gidece\u011fini ifade etti.<\/p>\n<p>Bal\u0131kesir genelinde 2 bin 730\u2019u ilk kay\u0131t, 36 bin 771\u2019i ise Hac kayd\u0131 yenilenmi\u015f toplam 39 bin 501 hac\u0131 aday\u0131n\u0131n kuraya kat\u0131ld\u0131\u011f\u0131n\u0131 belirten \u0130l M\u00fcft\u00fcs\u00fc Ramazan Topcan hac\u0131 adaylar\u0131n\u0131n e\u011fitimlerinin tamamland\u0131\u011f\u0131n\u0131 a\u00e7\u0131klad\u0131. Kutsal topraklara hac\u0131 adaylar\u0131n\u0131 u\u011furlamaya ba\u015flad\u0131klar\u0131n\u0131 da belirten \u0130l M\u00fcft\u00fcs\u00fc Ramazan Topcan t\u00fcm kafilelerin yola \u00e7\u0131kaca\u011f\u0131n\u0131 vurgulad\u0131.<\/p>\n<p>&#8220;Hac\u0131 adaylar\u0131m\u0131za gerekli e\u011fitimleri verdik&#8221;<\/p>\n<p>Diyanet \u0130\u015fleri Ba\u015fkanl\u0131\u011f\u0131\u2019n\u0131n Hac Organizasyonu ile ilgili Bal\u0131kesir\u2019de y\u00fcr\u00fct\u00fclen \u00e7al\u0131\u015fmalar hakk\u0131nda \u0130hlas Haber Ajans\u0131\u2019na bilgi veren \u0130l M\u00fcft\u00fcs\u00fc Ramazan Topcan yapt\u0131\u011f\u0131 a\u00e7\u0131klamada, \u201cDiyanet \u0130\u015fleri Ba\u015fkanl\u0131\u011f\u0131 olarak Muhterem Ba\u015fkan\u0131m\u0131z\u0131n talimat\u0131yla il ve il\u00e7e m\u00fcft\u00fcl\u00fcklerimiz olarak y\u00fcr\u00fctt\u00fc\u011f\u00fcm\u00fcz hizmet kollar\u0131ndan bir tanesi de Hac ibadetidir. Bu konuda Hac \u00f6zleminde bulunan karde\u015flerimizin bu m\u00fcbarek kutsal b\u00f6lgelere haz\u0131rlamak i\u00e7in il, il\u00e7e m\u00fcft\u00fcl\u00fcklerimiz olarak e\u011fitim seminerlerini yaparak, vatanda\u015flar\u0131m\u0131z\u0131 o kutsal b\u00f6lgeye haz\u0131rl\u0131k i\u00e7erisinde yapt\u0131k. Di\u011fer taraftan Kur\u2019an-\u0131 Kerim\u2019i y\u00fcz\u00fcnden okumas\u0131n\u0131 bilmeyen karde\u015flerimize en az\u0131ndan hat\u0131ra kalmas\u0131 a\u00e7\u0131s\u0131ndan Kur\u2019an-\u0131 Kerim \u00f6\u011fretimi yapt\u0131r\u0131yoruz. B\u00fct\u00fcn bu e\u011fitimlerin sonunda Hac zaman\u0131 ba\u015fkanl\u0131\u011f\u0131m\u0131z taraf\u0131ndan belirtilen zamanlar i\u00e7erisinde hac\u0131 adaylar\u0131m\u0131z\u0131 yine Diyanet \u0130\u015fleri Ba\u015fkanl\u0131\u011f\u0131m\u0131z\u0131n koordinesinde, m\u00fcft\u00fcl\u00fcklerimizin organizesinde otob\u00fcslerle beraber hava limanlar\u0131na ta\u015f\u0131yoruz. Yetkili ve etkili karde\u015flerimiz nezaretinde biz bu sene takriben 350 arkada\u015f\u0131m\u0131z\u0131, bay-bayan karde\u015fimizi bu kutsal topraklara d\u00fczenlemek i\u00e7in e\u011fitim seminerlerini tamamlad\u0131k. Bug\u00fcn itibariyle ikinci kafilemizi g\u00f6nderdik. Takriben 170 hac\u0131 adaylar\u0131m\u0131z\u0131 kutsal b\u00f6lgelere dualarla g\u00f6nderdik. Bu da \u00f6nemli hizmet kollar\u0131m\u0131zdan birisidir\u201d diye konu\u015ftu.<\/p>\n<p>&#8220;\u0130n\u015fallah kazas\u0131z belas\u0131z ailelerine d\u00f6nerler&#8221;<\/p>\n<p>\u0130l M\u00fcft\u00fcs\u00fc Ramazan Topcan vatanda\u015flar\u0131n Hac organizasyonuna vatanda\u015flar\u0131n yo\u011fun ilgisinin bulundu\u011funu da belirterek, \u201cAma hamd olsun vatanda\u015f memnuniyetini g\u00f6r\u00fcnce hizmet yapma a\u015fk\u0131m\u0131z da art\u0131yor do\u011frusu. Burada hakk\u0131n\u0131 teslim edeyim; il-il\u00e7e m\u00fcft\u00fcl\u00fcklerimizde uzman personelimiz marifetiyle karde\u015flerimize yo\u011fun bir e\u011fitim yapt\u0131k. Yani o kutsal b\u00f6lgeyi maketleriyle e\u011fitim semineri yapt\u0131k. Sanki g\u00f6rm\u00fc\u015f gibi; Za\u011fnos Pa\u015fa Camii\u2019miz ba\u015fta olmak \u00fczere il\u00e7elerimizdeki merkezi camilerimizde bu e\u011fitimlerimizi tamamlad\u0131k. M\u00fcft\u00fclerimizden ald\u0131\u011f\u0131m\u0131z bilgi memnuniyet vericiydi. B\u00fct\u00fcn hac\u0131 adaylar\u0131m\u0131z yo\u011fun bir kat\u0131l\u0131m sa\u011flad\u0131. Di\u011fer taraftan biz bilgilendirme a\u00e7\u0131s\u0131ndan Diyanet \u0130\u015fleri Ba\u015fkanl\u0131\u011f\u0131m\u0131z taraf\u0131ndan bas\u0131m\u0131 yap\u0131lan Hac Kitaplar\u0131, Hac\u2019\u0131 anlama kitaplar\u0131m\u0131z\u0131 da\u011f\u0131tt\u0131k. Hamd olsun bilin\u00e7li olarak in\u015fallah orada b\u00fct\u00fcn d\u00fcnya M\u00fcsl\u00fcmanlar\u0131na \u00f6rnek olacak hac\u0131 adaylar\u0131m\u0131z\u0131 m\u00fcbarek kutsal b\u00f6lgelere g\u00f6nderdik. \u0130n\u015fallah kazas\u0131z, belas\u0131z memleketlerine, ailelerine d\u00f6nmelerini Cenab-\u0131 Hak\u2019tan niyaz ediyorum\u201d ifadelerini kulland\u0131.<\/p>\n<p>\u201c11 sene bekledim \u00e7ok mutluyum\u201d<\/p>\n<p>G\u00f6z ya\u015f\u0131 sevin\u00e7 ve h\u00fczn\u00fcn hakim oldu\u011fu u\u011furlama esnas\u0131nda Hac\u0131 aday\u0131 Mehmet Ali Ayhan kutsal topraklara gitti\u011fi i\u00e7in sevin\u00e7li oldu\u011funu dile getirirken e\u015fi Halime Ayhan  ise yine \u00e7ok mutlu oldu\u011funu ancak torunlar\u0131ndan ayr\u0131ld\u0131\u011f\u0131 i\u00e7in \u00fczg\u00fcn oldu\u011funu belirterek \u201cHam dolsun 11 sene bekledim. \u0130n\u015fallah sa\u011f salim dola\u015f\u0131p gelmek nasip olsun\u201ddedi.<\/p>\n<p>U\u011furlama esnas\u0131nda hac\u0131 adaylar\u0131na yol a\u00e7\u0131kl\u0131\u011f\u0131 dileyen M\u00fcft\u00fc Topcan \u201cKutsal topraklara bizden de selam g\u00f6t\u00fcr\u00fcn in\u015fallah. Ailemiz ba\u015fta olmak \u00fczere t\u00fcm milletimize dualar\u0131n\u0131z\u0131 bekliyoruz. Kazas\u0131z belas\u0131z hay\u0131rl\u0131 yolculuklar\u201d\u015feklinde konu\u015ftu.<\/p>\n","protected":false},"excerpt":{"rendered":"<p>BALIKES\u0130R\u2019DEN D\u0130YANET \u0130\u015eLER\u0130 BA\u015eKANLI\u011eININ 2019 YILI HAC ORGAN\u0130ZASYONUYLA KUTSAL TOPRAKLARA G\u0130DECEK HACI ADAYLARI U\u011eURLANMAYA BA\u015eLADI.<\/p>\n","protected":false},"author":1,"featured_media":186104,"comment_status":"closed","ping_status":"open","sticky":false,"template":"","format":"standard","meta":{"jetpack_post_was_ever_published":false,"_jetpack_newsletter_access":"","_jetpack_dont_email_post_to_subs":false,"_jetpack_newsletter_tier_id":0,"_jetpack_memberships_contains_paywalled_content":false,"_jetpack_memberships_contains_paid_content":false,"footnotes":"","jetpack_publicize_message":"","jetpack_publicize_feature_enabled":true,"jetpack_social_post_already_shared":true,"jetpack_social_options":{"image_generator_settings":{"template":"highway","default_image_id":0,"font":"","enabled":false},"version":2}},"categories":[1],"tags":[1073,4119,1113,9460,16841,16842,2516],"class_list":["post-186103","post","type-post","status-publish","format-standard","has-post-thumbnail","hentry","category-genel","tag-ozel","tag-adaylari","tag-balikesirde","tag-haci","tag-kutsal","tag-topraklara","tag-ugurlandi"],"jetpack_publicize_connections":[],"jetpack_featured_media_url":"https:\/\/i0.wp.com\/www.tvturk.com\/wp-content\/uploads\/2019\/07\/ozel-balikesirde-haci-adaylari-kutsal-topraklara-ugurlandi_b001c13.jpg?fit=1000%2C662","jetpack_sharing_enabled":true,"jetpack_shortlink":"https:\/\/wp.me\/paKIfm-MpF","_links":{"self":[{"href":"http:\/\/www.tvturk.com\/index.php\/wp-json\/wp\/v2\/posts\/186103","targetHints":{"allow":["GET"]}}],"collection":[{"href":"http:\/\/www.tvturk.com\/index.php\/wp-json\/wp\/v2\/posts"}],"about":[{"href":"http:\/\/www.tvturk.com\/index.php\/wp-json\/wp\/v2\/types\/post"}],"author":[{"embeddable":true,"href":"http:\/\/www.tvturk.com\/index.php\/wp-json\/wp\/v2\/users\/1"}],"replies":[{"embeddable":true,"href":"http:\/\/www.tvturk.com\/index.php\/wp-json\/wp\/v2\/comments?post=186103"}],"version-history":[{"count":0,"href":"http:\/\/www.tvturk.com\/index.php\/wp-json\/wp\/v2\/posts\/186103\/revisions"}],"wp:featuredmedia":[{"embeddable":true,"href":"http:\/\/www.tvturk.com\/index.php\/wp-json\/wp\/v2\/media\/186104"}],"wp:attachment":[{"href":"http:\/\/www.tvturk.com\/index.php\/wp-json\/wp\/v2\/media?parent=186103"}],"wp:term":[{"taxonomy":"category","embeddable":true,"href":"http:\/\/www.tvturk.com\/index.php\/wp-json\/wp\/v2\/categories?post=186103"},{"taxonomy":"post_tag","embeddable":true,"href":"http:\/\/www.tvturk.com\/index.php\/wp-json\/wp\/v2\/tags?post=186103"}],"curies":[{"name":"wp","href":"https:\/\/api.w.org\/{rel}","templated":true}]}}