{"id":186135,"date":"2019-07-25T10:16:59","date_gmt":"2019-07-25T07:16:59","guid":{"rendered":"http:\/\/www.tvturk.com\/index.php\/istanbulun-pagan-cagi-raflarda\/"},"modified":"2019-07-25T10:16:59","modified_gmt":"2019-07-25T07:16:59","slug":"istanbulun-pagan-cagi-raflarda","status":"publish","type":"post","link":"http:\/\/www.tvturk.com\/index.php\/istanbulun-pagan-cagi-raflarda\/","title":{"rendered":"\u0130stanbul\u2019un Pagan \u00c7a\u011f\u0131, raflarda"},"content":{"rendered":"<p>Erhan Altunay\u2019\u0131n yeni kitab\u0131 \u0130stanbul\u2019un Pagan \u00c7a\u011f\u0131 raflardaki yerini ald\u0131.<\/p>\n<p>Paganizm ve ezoterik \u00f6\u011fretiler ara\u015ft\u0131rmac\u0131s\u0131, yazar Erhan Altunay\u2019\u0131n yeni kitab\u0131 \u0130stanbul\u2019un Pagan \u00c7a\u011f\u0131, Destek Yay\u0131nlar\u0131\u2019ndan \u00e7\u0131kt\u0131.<\/p>\n<p>Bir\u00e7ok bak\u0131mdan e\u015fsiz bir \u015fehir olan \u0130stanbul\u2019un tarihi hen\u00fcz tam olarak ortaya \u00e7\u0131km\u0131\u015f de\u011fil&#8230; \u0130stanbul\u2019un Pagan \u00c7a\u011f\u0131\u2019nda T\u00fcrkiye\u2019nin do\u011fal ba\u015fkenti olan bu g\u00fczel \u015fehrin gizli kalm\u0131\u015f y\u00f6nleri inceleniyor. \u0130stanbul\u2019un ilk zamanlar\u0131ndan ba\u015flay\u0131p H\u0131ristiyanl\u0131\u011f\u0131n h\u00e2kimiyetine kadar ge\u00e7en s\u00fcrecin konu edildi\u011fi bu kitap \u0130stanbul\u2019un antik tarihinin geni\u015f kitlelere tan\u0131t\u0131lmas\u0131n\u0131 ama\u00e7l\u0131yor.<\/p>\n<p>Arka kapaktan<\/p>\n<p>Marmaray kaz\u0131lar\u0131yla zenginle\u015fen tarihi buluntular, \u00e7ok farkl\u0131 bir \u0130stanbul tarihini \u00e7\u0131kar\u0131yor g\u00fcn \u0131\u015f\u0131\u011f\u0131na&#8230;<\/p>\n<p>Bu kez ilk \u00e7a\u011flara kadar geri d\u00f6nebiliyoruz&#8230;<\/p>\n<p>Kaz\u0131larda hangi eserlere ula\u015f\u0131ld\u0131, hangileri topra\u011f\u0131n derinliklerine \u00fcstelik sonsuza dek terk edildi?<\/p>\n<p>\u0130stanbul\u2019un pagan \u00e7a\u011f\u0131nda neler ya\u015fand\u0131?<\/p>\n<p>Bu kadim \u015fehrin kurulu\u015f efsanesini dinlemeye haz\u0131r olun&#8230;<\/p>\n<p>Bir \u015fehrin kurulu\u015fundaki tanr\u0131sall\u0131k ya da ola\u011fan\u00fcst\u00fcl\u00fck, \u015fehrin varolu\u015fu boyunca ona e\u015flik edecek bir kutsall\u0131\u011f\u0131 olu\u015fturur ve bu da o \u015fehrin varolu\u015funu hakl\u0131 k\u0131lar, hatta o \u015fehrin di\u011fer \u015fehirlere olan \u00fcst\u00fcnl\u00fc\u011f\u00fcn\u00fc de belirler.<\/p>\n<p>\u0130\u015fte \u0130stanbul b\u00f6yle bir \u015fehir&#8230;<\/p>\n<p>Elinizdeki kitab\u0131n konusu \u0130stanbul\u2019un pagan \u00e7a\u011f\u0131&#8230; Yani ilk zamanlar\u0131ndan itibaren, Hristiyanl\u0131\u011f\u0131n h\u00e2kimiyetine kadar ge\u00e7en s\u00fcre\u00e7&#8230;<\/p>\n<p>\u0130stanbul\u2019un ilk d\u00f6nemlerinin tarihi, birka\u00e7 akademik yay\u0131n d\u0131\u015f\u0131nda pop\u00fcler bir yay\u0131n olarak hi\u00e7 yay\u0131mlanmad\u0131. \u0130stanbul\u2019un antik tarihinin b\u00fcy\u00fck kitleler taraf\u0131ndan bilinmesi gerekti\u011fini d\u00fc\u015f\u00fcnerek bu kitab\u0131 yay\u0131ma haz\u0131rlad\u0131k.<\/p>\n","protected":false},"excerpt":{"rendered":"<p>ERHAN ALTUNAY\u2019IN YEN\u0130 K\u0130TABI \u0130STANBUL&#8217;UN PAGAN \u00c7A\u011eI RAFLARDAK\u0130 YER\u0130N\u0130 ALDI.<\/p>\n","protected":false},"author":1,"featured_media":186136,"comment_status":"closed","ping_status":"open","sticky":false,"template":"","format":"standard","meta":{"jetpack_post_was_ever_published":false,"_jetpack_newsletter_access":"","_jetpack_dont_email_post_to_subs":false,"_jetpack_newsletter_tier_id":0,"_jetpack_memberships_contains_paywalled_content":false,"_jetpack_memberships_contains_paid_content":false,"footnotes":"","jetpack_publicize_message":"","jetpack_publicize_feature_enabled":true,"jetpack_social_post_already_shared":true,"jetpack_social_options":{"image_generator_settings":{"template":"highway","default_image_id":0,"font":"","enabled":false},"version":2}},"categories":[656],"tags":[6173,10066,46201,8319],"class_list":["post-186135","post","type-post","status-publish","format-standard","has-post-thumbnail","hentry","category-kultur-sanat","tag-cagi","tag-istanbulun","tag-pagan","tag-raflarda"],"jetpack_publicize_connections":[],"jetpack_featured_media_url":"https:\/\/i0.wp.com\/www.tvturk.com\/wp-content\/uploads\/2019\/07\/istanbulun-pagan-cagi-raflarda_a0b7846.jpg?fit=531%2C827","jetpack_sharing_enabled":true,"jetpack_shortlink":"https:\/\/wp.me\/paKIfm-Mqb","_links":{"self":[{"href":"http:\/\/www.tvturk.com\/index.php\/wp-json\/wp\/v2\/posts\/186135","targetHints":{"allow":["GET"]}}],"collection":[{"href":"http:\/\/www.tvturk.com\/index.php\/wp-json\/wp\/v2\/posts"}],"about":[{"href":"http:\/\/www.tvturk.com\/index.php\/wp-json\/wp\/v2\/types\/post"}],"author":[{"embeddable":true,"href":"http:\/\/www.tvturk.com\/index.php\/wp-json\/wp\/v2\/users\/1"}],"replies":[{"embeddable":true,"href":"http:\/\/www.tvturk.com\/index.php\/wp-json\/wp\/v2\/comments?post=186135"}],"version-history":[{"count":0,"href":"http:\/\/www.tvturk.com\/index.php\/wp-json\/wp\/v2\/posts\/186135\/revisions"}],"wp:featuredmedia":[{"embeddable":true,"href":"http:\/\/www.tvturk.com\/index.php\/wp-json\/wp\/v2\/media\/186136"}],"wp:attachment":[{"href":"http:\/\/www.tvturk.com\/index.php\/wp-json\/wp\/v2\/media?parent=186135"}],"wp:term":[{"taxonomy":"category","embeddable":true,"href":"http:\/\/www.tvturk.com\/index.php\/wp-json\/wp\/v2\/categories?post=186135"},{"taxonomy":"post_tag","embeddable":true,"href":"http:\/\/www.tvturk.com\/index.php\/wp-json\/wp\/v2\/tags?post=186135"}],"curies":[{"name":"wp","href":"https:\/\/api.w.org\/{rel}","templated":true}]}}