{"id":186159,"date":"2019-07-25T10:46:39","date_gmt":"2019-07-25T07:46:39","guid":{"rendered":"http:\/\/www.tvturk.com\/index.php\/kars-modern-yollarla-gurcistana-baglaniyor\/"},"modified":"2019-07-25T10:46:39","modified_gmt":"2019-07-25T07:46:39","slug":"kars-modern-yollarla-gurcistana-baglaniyor","status":"publish","type":"post","link":"http:\/\/www.tvturk.com\/index.php\/kars-modern-yollarla-gurcistana-baglaniyor\/","title":{"rendered":"Kars modern yollarla G\u00fcrcistan\u2019a ba\u011flan\u0131yor"},"content":{"rendered":"<p>Ula\u015ft\u0131rma Alt Yap\u0131 Bakanl\u0131\u011f\u0131 Kars\u2019\u0131 G\u00fcrcistan\u2019a modern yollarla ba\u011fl\u0131yor. Karayollar\u0131 18. B\u00f6lge M\u00fcd\u00fcrl\u00fc\u011f\u00fc ekiplerince 30 derece s\u0131cakta asfalt \u00e7al\u0131\u015fmalar\u0131 yap\u0131l\u0131yor.<\/p>\n<p>Kars-Arpa\u00e7ay-Ardahan-\u00c7\u0131ld\u0131r Akta\u015f S\u0131n\u0131r Kap\u0131s\u0131 aras\u0131 y\u00fcksek standartl\u0131 s\u0131cak asfalta kavu\u015fuyor, proje tamamland\u0131\u011f\u0131nda g\u00fczergahta uluslararas\u0131 ta\u015f\u0131mac\u0131l\u0131k daha sa\u011fl\u0131kl\u0131, daha g\u00fcvenli ve daha k\u0131sa s\u00fcrede yap\u0131lacak.<\/p>\n<p>Kars\u2019\u0131n Arpa\u00e7ay il\u00e7esi s\u0131n\u0131rlar\u0131nda devam eden ve Karayollar\u0131 18. B\u00f6lge M\u00fcd\u00fcrl\u00fc\u011f\u00fc ekiplerince 30 derece s\u0131cakta y\u00fcr\u00fct\u00fclen yol \u00e7al\u0131\u015fmalar\u0131 AK Parti Kars Milletvekilleri Ahmet Arslan, Prof. Dr. Yunus K\u0131l\u0131\u00e7, AK Parti \u0130l Ba\u015fkan\u0131 Adem \u00c7alk\u0131n, \u0130l Genel Meclisi Ba\u015fkan\u0131 Muzaffer Ya\u011fc\u0131 ile birlikte yerinde g\u00f6rd\u00fc. Milletvekilleri Ahmet Arslan ve Prof. Dr. Yunus K\u0131l\u0131\u00e7, y\u00fcr\u00fct\u00fclen \u00e7al\u0131\u015fmalar hakk\u0131nda Karayollar\u0131 18. B\u00f6lge M\u00fcd\u00fcr\u00fc Erhan \u00d6zkaya\u2019dan bilgi ald\u0131.<\/p>\n<p>30 derece s\u0131cakta \u00e7al\u0131\u015fan karayollar\u0131 \u00e7al\u0131\u015fanlar\u0131yla bir s\u00fcre sohbet eden milletvekilleri Kars\u2019\u0131n G\u00fcrcistan\u2019a modern yolla ba\u011flanaca\u011f\u0131n\u0131 belirttiler.<\/p>\n<p>AK Parti Kars Milletvekili Ahmet Arslan, \u0130hlas Haber Ajans\u0131\u2019na (\u0130HA) yapt\u0131\u011f\u0131 a\u00e7\u0131klamada, \u201cBiz Kars\u2019\u0131 Arpa\u00e7ay\u2019a, Arpa\u00e7ay\u2019\u0131 \u00c7\u0131ld\u0131r G\u00f6l\u00fc\u2019ne, oradan G\u00fcrcistan\u2019a ba\u011flayan bu g\u00fczergah\u0131, ayn\u0131 zamanda turistik olarakta bu b\u00f6lgenin kalk\u0131nmas\u0131 ad\u0131na \u00e7ok \u00e7ok \u00f6nemsemi\u015ftik. \u0130\u015fte bu projeyi o zaman ba\u015flatt\u0131k. Memnuniyetle g\u00f6r\u00fcyoruz ki, daha \u00f6nce 14 kilometresi 1 A standard\u0131na getirilen yolumuz \u015fimdi s\u0131cak asfalt oluyor. Bu \u00f6nemli, kalan 11 kilometrelik k\u0131sm\u0131 hem 1 A standard\u0131na, 12 metre geni\u015fli\u011fe getiriliyor ki bu \u015fu anlama geliyor. Bir yolda bir trakt\u00f6r giderken, yandan iki araba kar\u015f\u0131l\u0131kl\u0131 bir birini ge\u00e7ebilir hale gelecek bu \u00f6nemli,  1 A standard\u0131na getiriliyor. Ve ayn\u0131 zaman da kalan bu 11 kilometre de yine bit\u00fcml\u00fc s\u0131cak kar\u015f\u0131m, yine BSK olacak. Bunu \u00e7ok \u00e7ok \u00f6nemsiyoruz\u201d dedi.<\/p>\n<p>Ama\u00e7lar\u0131n\u0131n g\u00fczergah\u0131n kalan k\u0131s\u0131mlar\u0131n\u0131n biran \u00f6nce bitirilmesi oldu\u011funu ifade eden milletvekili Ahmet Arslan, \u201cDolay\u0131s\u0131yla Kars ile Arpa\u00e7ay aras\u0131n\u0131n eri\u015fim olarak hem konforlu, hem kolay hale getirilmesi ve yine Arpa\u00e7ay\u2019\u0131m\u0131z\u0131 biz K\u00fc\u00e7\u00fck \u00c7atma \u00fczerinden Akyaka\u2019ya daha kestirme ba\u011flayacak bir yol yapt\u0131k ki, onu da ge\u00e7en y\u0131l Karayollar\u0131 B\u00f6lge M\u00fcd\u00fcrl\u00fc\u011f\u00fcm\u00fcz yapt\u0131 bitirdi. Onun i\u00e7in de kendilerine te\u015fekk\u00fcr ediyoruz. Bundan sonraki hedefimiz Arpa\u00e7ay a\u00e7\u0131s\u0131ndan \u00f6ncelikle bu projenin bitirilmesi ve daha sonra da Arpa\u00e7ay sonras\u0131n\u0131n \u00f6nce Do\u011fruyol, sonra A\u015f\u0131k\u015fenlik \u00fczerinden \u00c7\u0131ld\u0131r\u2019a 1 A standard\u0131nda konforlu bir \u015fekilde ba\u011flanmas\u0131, onun projesi de son a\u015famaya geldi. Art\u0131k bakanl\u0131k son a\u015famas\u0131n\u0131 onaylad\u0131ktan sonra yat\u0131r\u0131m program\u0131na girmesi s\u00f6z konusu olacak ki, bu g\u00fczergah G\u00fcrcistan\u2019\u0131, Kars\u2019a ba\u011flamak ad\u0131na en k\u0131sa g\u00fczergah, in\u015fallah G\u00fcrcistan s\u0131n\u0131r\u0131ndaki, Akta\u015f s\u0131n\u0131r\u0131ndaki A\u015f\u0131k \u015eenlik T\u00fcneli de bitti\u011finde buras\u0131 \u00e7ok daha avantajl\u0131 hale gelecek. Uluslar aras\u0131 ta\u015f\u0131ma koridoru haline gelecek. Tabi ula\u015f\u0131m\u0131n bu b\u00f6lgeden olmas\u0131 demek, ticaretin geli\u015fmesi anlam\u0131na geliyor. Ve turizm b\u00f6lgesi olan Arpa\u00e7ay\u2019\u0131 gerek \u00c7\u0131ld\u0131r G\u00f6l\u00fc\u2019ne kendisine d\u00fc\u015fen k\u0131sm\u0131yla, gerek Kuyucuk Ku\u015f Cenneti ile birlikte Ramsar Alan\u0131\u2019d\u0131r oras\u0131, bunlarla birlikte in\u015fallah bu b\u00f6lgenin turizmi de canlanm\u0131\u015f olacak. Dolay\u0131s\u0131yla Biz Arpa\u00e7ay\u2019\u0131m\u0131z\u0131 sadece \u00c7\u0131ld\u0131r\u2019a, Kars\u2019a de\u011fil, Akyaka\u2019ya oras\u0131 \u00fczerinden de Ani\u2019ye \u00e7ok k\u0131sa s\u00fcrede ba\u011flanabilecek g\u00fczergahlara kavu\u015fturuyoruz. \u0130n\u015fallah bunlarla birlikte \u015fehirlerimiz \u00e7ehresi de\u011fi\u015fiyor, geli\u015fiyor. \u0130nsan\u0131m\u0131z bulundu\u011fu b\u00f6lge de, ya\u015fad\u0131\u011f\u0131 b\u00f6lgede imkana eri\u015ftik\u00e7e b\u0131rak\u0131n g\u00f6\u00e7 etmeyi, tam tersine, tersine g\u00f6\u00e7 s\u00f6z konusu olacak ki, bu konuda eme\u011fi olan herkese te\u015fekk\u00fcr ediyorum\u201d diye konu\u015ftu.<\/p>\n<p>Milletvekili Ahmet Arslan ve beraberindekiler bir s\u00fcre yap\u0131lan s\u0131cak asfalta yolda inceleme yapt\u0131. Arslan, karayollar\u0131 \u00e7al\u0131\u015fanlar\u0131yla sohbet etti. 30 derece s\u0131cakta \u00e7al\u0131\u015fan i\u015f\u00e7ilerle bir de hat\u0131ra foto\u011fraf\u0131 \u00e7ekildi.<\/p>\n","protected":false},"excerpt":{"rendered":"<p>ULA\u015eTIRMA ALT YAPI BAKANLI\u011eI KARS\u2019I G\u00dcRC\u0130STAN\u2019A MODERN YOLLARLA BA\u011eLIYOR. KARAYOLLARI 18. B\u00d6LGE M\u00dcD\u00dcRL\u00dc\u011e\u00dc EK\u0130PLER\u0130NCE 30 DERECE SICAKTA ASFALT \u00c7ALI\u015eMALARI YAPILIYOR.<\/p>\n","protected":false},"author":1,"featured_media":186160,"comment_status":"closed","ping_status":"open","sticky":false,"template":"","format":"standard","meta":{"jetpack_post_was_ever_published":false,"_jetpack_newsletter_access":"","_jetpack_dont_email_post_to_subs":false,"_jetpack_newsletter_tier_id":0,"_jetpack_memberships_contains_paywalled_content":false,"_jetpack_memberships_contains_paid_content":false,"footnotes":"","jetpack_publicize_message":"","jetpack_publicize_feature_enabled":true,"jetpack_social_post_already_shared":true,"jetpack_social_options":{"image_generator_settings":{"template":"highway","default_image_id":0,"font":"","enabled":false},"version":2}},"categories":[1],"tags":[46208,4906,4301,4144,46207],"class_list":["post-186159","post","type-post","status-publish","format-standard","has-post-thumbnail","hentry","category-genel","tag-baglaniyor","tag-gurcistana","tag-kars","tag-modern","tag-yollarla"],"jetpack_publicize_connections":[],"jetpack_featured_media_url":"https:\/\/i0.wp.com\/www.tvturk.com\/wp-content\/uploads\/2019\/07\/kars-modern-yollarla-gurcistana-baglaniyor_7f84fff.jpg?fit=1000%2C664","jetpack_sharing_enabled":true,"jetpack_shortlink":"https:\/\/wp.me\/paKIfm-Mqz","_links":{"self":[{"href":"http:\/\/www.tvturk.com\/index.php\/wp-json\/wp\/v2\/posts\/186159","targetHints":{"allow":["GET"]}}],"collection":[{"href":"http:\/\/www.tvturk.com\/index.php\/wp-json\/wp\/v2\/posts"}],"about":[{"href":"http:\/\/www.tvturk.com\/index.php\/wp-json\/wp\/v2\/types\/post"}],"author":[{"embeddable":true,"href":"http:\/\/www.tvturk.com\/index.php\/wp-json\/wp\/v2\/users\/1"}],"replies":[{"embeddable":true,"href":"http:\/\/www.tvturk.com\/index.php\/wp-json\/wp\/v2\/comments?post=186159"}],"version-history":[{"count":0,"href":"http:\/\/www.tvturk.com\/index.php\/wp-json\/wp\/v2\/posts\/186159\/revisions"}],"wp:featuredmedia":[{"embeddable":true,"href":"http:\/\/www.tvturk.com\/index.php\/wp-json\/wp\/v2\/media\/186160"}],"wp:attachment":[{"href":"http:\/\/www.tvturk.com\/index.php\/wp-json\/wp\/v2\/media?parent=186159"}],"wp:term":[{"taxonomy":"category","embeddable":true,"href":"http:\/\/www.tvturk.com\/index.php\/wp-json\/wp\/v2\/categories?post=186159"},{"taxonomy":"post_tag","embeddable":true,"href":"http:\/\/www.tvturk.com\/index.php\/wp-json\/wp\/v2\/tags?post=186159"}],"curies":[{"name":"wp","href":"https:\/\/api.w.org\/{rel}","templated":true}]}}