{"id":186165,"date":"2019-07-25T10:46:53","date_gmt":"2019-07-25T07:46:53","guid":{"rendered":"http:\/\/www.tvturk.com\/index.php\/firsatcilar-40-donumu-yok-etti\/"},"modified":"2019-07-25T10:46:53","modified_gmt":"2019-07-25T07:46:53","slug":"firsatcilar-40-donumu-yok-etti","status":"publish","type":"post","link":"http:\/\/www.tvturk.com\/index.php\/firsatcilar-40-donumu-yok-etti\/","title":{"rendered":"F\u0131rsat\u00e7\u0131lar 40 d\u00f6n\u00fcm\u00fc yok etti"},"content":{"rendered":"<p>\u0130zmir\u2019in akci\u011ferlerinde, ormanl\u0131k alanlar\u0131n korunmas\u0131 i\u00e7in seferberlik ilan eden Buca Belediyesi, uydu g\u00f6r\u00fcnt\u00fcleri arac\u0131l\u0131\u011f\u0131yla imar aff\u0131ndan yararlanmak isteyen f\u0131rsat\u00e7\u0131lar taraf\u0131ndan K\u0131r\u0131klar\u2019da talan edilen alanlarda y\u0131k\u0131m ger\u00e7ekle\u015ftirdi. Y\u0131k\u0131m\u0131n ard\u0131ndan ye\u015fil d\u00fc\u015fmanlar\u0131n\u0131n, yakla\u015f\u0131k 40 d\u00f6n\u00fcml\u00fck ormanl\u0131k alan\u0131 yok etti\u011fi ortaya \u00e7\u0131kt\u0131.<\/p>\n<p>Kentin ye\u015fil varl\u0131\u011f\u0131n\u0131 korumak i\u00e7in havadan ve karadan ka\u00e7ak yap\u0131lar\u0131 engelleme \u00e7al\u0131\u015fmalar\u0131na h\u0131zla devam eden Buca Belediyesi, Buca ormanlar\u0131nda, imar aff\u0131 f\u0131rsat\u00e7\u0131lar\u0131na g\u00f6z a\u00e7t\u0131rm\u0131yor. \u00c7evre ve \u015eehircilik Bakanl\u0131\u011f\u0131 taraf\u0131ndan \u00e7\u0131kar\u0131lan ve imar aff\u0131 olarak bilinen \u201cYap\u0131 Kay\u0131t Belgesi\u201d d\u00fczenlemesinin sona ermesine ra\u011fmen, bu yasadan faydalanabilmek i\u00e7in Buca\u2019n\u0131n ormanl\u0131k alanlar\u0131ndaki ormanlar\u0131 tahrip ederek in\u015fa edilen ka\u00e7ak yap\u0131lar\u0131 tespit etmeye devam ediliyor.<\/p>\n<p>K\u0131r\u0131klar\u2019da 50 yap\u0131l\u0131k y\u0131k\u0131m<\/p>\n<p>K\u0131r\u0131klar, Kaynaklar, Belenba\u015f\u0131, Karacaa\u011fa\u00e7 ve Do\u011fanc\u0131lar b\u00f6lgesinde ye\u015fil talan\u0131na kar\u015f\u0131 teyakkuza ge\u00e7en ekipler, uydu g\u00f6r\u00fcnt\u00fcleri arac\u0131l\u0131\u011f\u0131yla K\u0131r\u0131klar Mahallesi Delio\u011flan mevki\u2019inde hazineye kay\u0131tl\u0131 orman arazisi \u00fczerinde in\u015fa edilen 50 yap\u0131y\u0131 tespit etti. Tespitin ard\u0131ndan yasal s\u00fcrecin sonu\u00e7land\u0131\u011f\u0131 b\u00f6lgede Buca Belediyesi Zab\u0131ta M\u00fcd\u00fcrl\u00fc\u011f\u00fc, Buca \u0130l\u00e7e Jandarma Komutanl\u0131\u011f\u0131 ve \u0130zmir Orman B\u00f6lge M\u00fcd\u00fcrl\u00fc\u011f\u00fcne ba\u011fl\u0131 ekipler y\u0131k\u0131m i\u015flemlerini ger\u00e7ekle\u015ftirdi.<\/p>\n<p>Korkun\u00e7 bilan\u00e7o<\/p>\n<p>Y\u0131k\u0131m i\u015fleminin ger\u00e7ekle\u015ftirilmesinin ard\u0131ndan b\u00f6lgede ortaya \u00e7\u0131kan tablo dudak u\u00e7uklatt\u0131. K\u0131r\u0131klar ormanlar\u0131n\u0131n oldu\u011fu yerde imar aff\u0131ndan yararlanabilmek i\u00e7in yakla\u015f\u0131k 40 bin metrekarelik arazide yer alan a\u011fa\u00e7lar\u0131n teker teker yok edildi\u011fi, orman arazisinin adeta toplu konut arazisine d\u00f6n\u00fc\u015ft\u00fcr\u00fcld\u00fc\u011f\u00fc ortaya \u00e7\u0131kt\u0131. Y\u0131k\u0131m at\u0131klar\u0131n\u0131n b\u00f6lgeden temizlenmesinin ard\u0131ndan talan edilen alan\u0131n yeniden ormanl\u0131k alana d\u00f6n\u00fc\u015ft\u00fcr\u00fclmesi i\u00e7in \u0130zmir Orman B\u00f6lge M\u00fcd\u00fcrl\u00fc\u011f\u00fc taraf\u0131ndan a\u011fa\u00e7land\u0131rma \u00e7al\u0131\u015fmalar\u0131 ger\u00e7ekle\u015ftirilecek.<\/p>\n","protected":false},"excerpt":{"rendered":"<p>BUCA BELED\u0130YES\u0130, UYDU G\u00d6R\u00dcNT\u00dcLER\u0130 ARACILI\u011eIYLA \u0130MAR AFFINDAN YARARLANMAK \u0130STEYEN FIRSAT\u00c7ILAR TARAFINDAN KIRIKLAR\u2019DA TALAN ED\u0130LEN ALANLARDA YIKIM GER\u00c7EKLE\u015eT\u0130RD\u0130.<\/p>\n","protected":false},"author":1,"featured_media":186166,"comment_status":"closed","ping_status":"open","sticky":false,"template":"","format":"standard","meta":{"jetpack_post_was_ever_published":false,"_jetpack_newsletter_access":"","_jetpack_dont_email_post_to_subs":false,"_jetpack_newsletter_tier_id":0,"_jetpack_memberships_contains_paywalled_content":false,"_jetpack_memberships_contains_paid_content":false,"footnotes":"","jetpack_publicize_message":"","jetpack_publicize_feature_enabled":true,"jetpack_social_post_already_shared":true,"jetpack_social_options":{"image_generator_settings":{"template":"highway","default_image_id":0,"font":"","enabled":false},"version":2}},"categories":[1],"tags":[4038,207,13732,664],"class_list":["post-186165","post","type-post","status-publish","format-standard","has-post-thumbnail","hentry","category-genel","tag-donumu","tag-etti","tag-firsatcilar","tag-yok"],"jetpack_publicize_connections":[],"jetpack_featured_media_url":"https:\/\/i0.wp.com\/www.tvturk.com\/wp-content\/uploads\/2019\/07\/firsatcilar-40-donumu-yok-etti_3e1d6a7.jpg?fit=1000%2C562","jetpack_sharing_enabled":true,"jetpack_shortlink":"https:\/\/wp.me\/paKIfm-MqF","_links":{"self":[{"href":"http:\/\/www.tvturk.com\/index.php\/wp-json\/wp\/v2\/posts\/186165","targetHints":{"allow":["GET"]}}],"collection":[{"href":"http:\/\/www.tvturk.com\/index.php\/wp-json\/wp\/v2\/posts"}],"about":[{"href":"http:\/\/www.tvturk.com\/index.php\/wp-json\/wp\/v2\/types\/post"}],"author":[{"embeddable":true,"href":"http:\/\/www.tvturk.com\/index.php\/wp-json\/wp\/v2\/users\/1"}],"replies":[{"embeddable":true,"href":"http:\/\/www.tvturk.com\/index.php\/wp-json\/wp\/v2\/comments?post=186165"}],"version-history":[{"count":0,"href":"http:\/\/www.tvturk.com\/index.php\/wp-json\/wp\/v2\/posts\/186165\/revisions"}],"wp:featuredmedia":[{"embeddable":true,"href":"http:\/\/www.tvturk.com\/index.php\/wp-json\/wp\/v2\/media\/186166"}],"wp:attachment":[{"href":"http:\/\/www.tvturk.com\/index.php\/wp-json\/wp\/v2\/media?parent=186165"}],"wp:term":[{"taxonomy":"category","embeddable":true,"href":"http:\/\/www.tvturk.com\/index.php\/wp-json\/wp\/v2\/categories?post=186165"},{"taxonomy":"post_tag","embeddable":true,"href":"http:\/\/www.tvturk.com\/index.php\/wp-json\/wp\/v2\/tags?post=186165"}],"curies":[{"name":"wp","href":"https:\/\/api.w.org\/{rel}","templated":true}]}}