{"id":186171,"date":"2019-07-25T11:09:00","date_gmt":"2019-07-25T08:09:00","guid":{"rendered":"http:\/\/www.tvturk.com\/?p=186171"},"modified":"2019-07-25T11:16:20","modified_gmt":"2019-07-25T08:16:20","slug":"ulkemi-dusunuyorum-gozlerim-acik","status":"publish","type":"post","link":"http:\/\/www.tvturk.com\/index.php\/ulkemi-dusunuyorum-gozlerim-acik\/","title":{"rendered":"\ufeff\u00dcLKEM\u0130 D\u00dc\u015e\u00dcN\u00dcYORUM, G\u00d6ZLER\u0130M A\u00c7IK"},"content":{"rendered":"\n<p>\u00dcLKE SORUNLARINA NASIL \u00c7\u00d6Z\u00dcM BULUNAB\u0130LECE\u011e\u0130N\u0130\nTARTI\u015eTIK!<\/p>\n\n\n\n<p>Kat\u0131l\u0131mc\u0131lar\naras\u0131nda, eski Bakan\nNam\u0131k Kemal Zeybek, eski bakan Cengiz Alt\u0131nkaya,\n20\nve 21. D\u00f6nem\nMilletvekili Kemal Albayrak, 22. D\u00f6nem Milletvekili H\u00fcseyin G\u00fcler eski Milletvekili Gaffar (Yak\u0131n) ev sahipli\u011fi\nyapan eski Milletvekili Hamdi\nEri\u015f, organizasyonu yapan Gazeteci yazar\nMehmet Akyol, Cumhuriyet yazar\u0131 Ahmet Tan ve ismini\nsayamad\u0131\u011f\u0131m bir \u00e7ok kat\u0131l\u0131mc\u0131.<\/p>\n\n\n\n<p>Baz\u0131lar\u0131 halen\nlider aray\u0131\u015f\u0131 i\u00e7ersinde, baz\u0131lar\u0131 halen ideolojilerine tak\u0131lm\u0131\u015f \u015fekilde olsa da ortak ak\u0131l\nad\u0131na\nbir \u00e7at\u0131 alt\u0131nda toplanmak g\u00fczeldi.\nBenim \u00f6zetle g\u00f6r\u00fc\u015flerim:<\/p>\n\n\n\n<p>-Her ne zaman bir parti ortaya \u00e7\u0131k\u0131p herkesi kucaklayan bir\nyakla\u015f\u0131m sergilemi\u015f\nise\n(1950\u2019de DP,\n1983\u2019de ANAP 1994\u2019de k\u0131smen RP ve 2002\u2019de AKP) bu \u00fclke halk\u0131n\u0131n oylar\u0131n\u0131\ntoplayabilm\u0131\u015fdir. Ancak bu\nkucaklama maalesef uzun\ns\u00fcrmemi\u015f ve ilk 4 y\u0131l sonras\u0131 da\u011f\u0131lmay\u0131\nve\noy kayb\u0131n\u0131 getirmi\u015fTir. (AKP Bu s\u00fcreci biraz daha uzatt\u0131)<\/p>\n\n\n\n<p>-Cumhurba\u015fkanl\u0131\u011f\u0131\nsistemi ele\u015ftirilerine ise daha \u00f6nce Parlamenter sistemi de ele\u015ftirdi\u011fimizi unutmayal\u0131m. Rahmetlik\n\u201c\u00d6zal\u201d\nBakanlar\u0131n meclisden olmas\u0131 o bakan\u0131n se\u00e7ilme kayg\u0131s\u0131\nile kendi iline l\u00fczumsuz ve haddinden fazla\nyat\u0131\u0131rm yapmas\u0131na,\nkaynak aktarmas\u0131na\nneden oluyor. \u201cKe\u015fke bakanlar d\u0131\u015fardan ba\u015fbalan\u0131n atamas\u0131yla ger\u00e7ekle\u015fse\u201d demi\u015fti. Ayn\u0131 nedenle olmasa da\nsay\u0131n Demirel de\nparlamenter sistemi\nele\u015ftirmi\u015fdi. \u00d6nemli olan\u0131n mevcut sistemi ger\u00e7ek ba\u015fkanl\u0131k sistemine\nuyralayabilmekl. Bunlar nelerdir &nbsp;Yarg\u0131-Yasama-Y\u00fcr\u00fctmenin\ng\u00f6revlerinin iyi belirlenmesi ve ba\u011f\u0131ms\u0131z\nolmas\u0131. Milletvekillerinin \u00fc\u00e7te birini\nher iki y\u0131lda bir yenilemek ve b\u00f6ylece meclis\nde\ng\u00fc\u00e7 dengeleri\nhalk\u0131n iste\u011fi do\u011frultusunda \u015fekillenmesi iki y\u0131ll\u0131k bir s\u00fcrece indirgemek.\nDar\nb\u00f6lge se\u00e7im sistemi uygulayarak\nliderin de\u011fil o b\u00f6lgenin se\u00e7ti\u011fi\ntemsilcileri milletin\nmeclisine g\u00f6nderebilmek. Se\u00e7ilen\nba\u015fkan ya da Cumhurba\u015fkan\u0131n,\nse\u00e7ildikten sonra parti ile ili\u015fkilerinin kesilmesi ve h\u00fck\u00fcmete ba\u015fkanl\u0131k etmesi.<\/p>\n\n\n\n<p>-Anadolu y\u00fczy\u0131llard\u0131r\nbir ge\u00e7i\u015f yeri olarak \u00e7ok uluslu ve \u00e7ok k\u00fclt\u00fcrl\u00fc oldu\u011funu ve bunun tek bir \u0131rka indirgenmemesi\ngerekti\u011fini belirttim.\nAtat\u00fcrk\u2019\u00fcn dahi bu d\u00fc\u015f\u00fcncesinden vazge\u00e7ip Anadoluda ya\u015fam\u0131\u015f \u00f6nceki kavimleri\nsahiplenmi\u015f olmas\u0131\nbuna g\u00fczel bir \u00f6rnekdir.<\/p>\n\n\n\n<p>-Atalar\u0131m\u0131z\nAllah\u2019\u0131n bize bah\u015fetti\u011fi\nd\u00fcnyan\u0131n en\ng\u00fczel co\u011frafyas\u0131n\u0131\nmiras b\u0131rakm\u0131\u015flar. Ge\u00e7ti\u011fimiz hafta\nSinop d\u00f6n\u00fc\u015f\u00fc\nge\u00e7ti\u011fim yollar\u0131n manzaras\u0131n\u0131 hi\u00e7bir yerde g\u00f6remezsiniz. Ancak \u015fehir i\u00e7leri bir o kadar rezalet.\nMaalesef insan\u0131m\u0131z, daha\ndo\u011frusu\nk\u0131fayetsiz y\u00f6neticilerimiz sayesinde\n\u00f6zellikle \u015fehir\ni\u00e7lerini berbat ediyor, ya\u015fanmaz hale getiriyoruz. \u015eehirlerde da\u011f ta\u015f\u0131 beton-asfalt atarak\nsuyun toprak\u00e7a emilimini yok ederek sel felaketlerinin hat safhaya ula\u015ft\u0131rd\u0131k.<\/p>\n\n\n\n<p>-G\u00fcn\u00fcm\u00fcz\nd\u00fcnyas\u0131nda &nbsp;k\u00fclt\u00fcrel\nve\nya\u015fam &nbsp;tarz\u0131 de\u011fi\u015fimin \u00e7ok h\u0131zl\u0131\nger\u00e7ekle\u015fmekte. \u00d6rne\u011fin\nge\u00e7mi\u015f y\u00fczy\u0131llarda 100 hatta 1000 y\u0131lda\nger\u00e7ekle\u015fen bu de\u011fi\u015fimler g\u00fcn\u00fcm\u00fczde bir &nbsp;y\u0131la\ns\u0131\u011fd\u0131rabiliyoruz.<\/p>\n\n\n\n<p>-Toplumu iyi anlamak ad\u0131na 35 ya\u015f\nalt\u0131 gen\u00e7leri \u00f6nemsememizi ve beklentilerini anlamam\u0131z ve mutlaka y\u00f6netimlerde yer almalar\u0131n\u0131\nsa\u011fl\u0131yarak sorumluluk sahibi yapmamz\u0131 gerekir.<\/p>\n\n\n\n<p>Gen\u00e7lere ge\u00e7mi\u015fi de\u011fil gelece\u011fi\nanlatmal\u0131y\u0131z ki umitvar olsunlar.Hayat zaten\nileri do\u011fru ya\u015fan\u0131r,\nge\u00e7mi\u015fden sadece ders \u00e7\u0131kart\u0131l\u0131r.<\/p>\n\n\n\n<p>Universitelerin say\u0131s\u0131n\u0131\n\u00e7o\u011faltmak ile yap\u0131lan sadece i\u015fsizli\u011fi 4 y\u0131l\ndaha \u00f6telemeden ba\u015fka bir\ni\u015flevi\nolmuyor. \u0130htiyac\u0131m\u0131za\ng\u00f6re\n\u00f6zellikle b\u00f6lgelerin ihtiya\u00e7lar\u0131 dikkate al\u0131narak universite kapasitesi belirlemeliyiz. Mezun\nettiklerimizi de masada de\u011fil\nsahada, uygulamada g\u00f6rmeliyiz. As\u0131l\ne\u011fitim ya\u015famdan tecr\u00fcbeyle al\u0131nand\u0131r.Herkes\nuniversite mezunu\nolmas\u0131 gerekmez. Ara elaman a\u00e7\u0131\u011f\u0131m\u0131z \u00e7ok\ndaha\nfazla. Unviersitelere herkesi doldurman\u0131n anlam\u0131 yok. E\u011fer Meslek y\u00fcksekokulu mezunlar\u0131n\u0131 tecr\u00fcbeli, uygulama yapm\u0131\u015f \u015fekilde ve piyasan\u0131n\nihtiyac\u0131 do\u011frultusunda yeti\u015ftirir ve i\u015f g\u00fcc sahibi yaparsak san\u0131r\u0131m bu okullara e\u011filim daha\nfazla olacakt\u0131r. Bir\ndi\u011fer husus da meslek okulu mezunlar\u0131 ile \u00f6rne\u011fin m\u00fchendisler aras\u0131ndaki maa\u015f fark\u0131n\u0131n \u00e7ok b\u00fcy\u00fck olmamas\u0131\ngerekti\u011fidir. Bu da \u00f6\u011frencilerin bu okullar\u0131\ntercih etmesi i\u00e7in ve k\u0131sa yoldan hayata at\u0131lmalar\u0131 i\u00e7in\niyi bir sebeb.<\/p>\n\n\n\n<p>Teknik elemanlar\u0131m\u0131z\u0131\nda y\u00f6netici olarak de\u011fil teknik bilgilerini\nicra edecekleri bir i\u015f\nortam\u0131 i\u00e7erisnde de\u011ferlendirmeliyiz.<\/p>\n\n\n\n<p>-Asla lider yarat\u0131lmamas\u0131\ngerekti\u011fini, e\u015fitler aras\u0131nda birinin belli bir s\u00fcreli\u011fine\ntam\ntan\u0131m\u0131 do\u011fru olmamakla birlikte liderli\u011fi\ng\u00f6t\u00fcrmesini, s\u00fcresi dolunca da bir\nba\u015fkas\u0131na devretmesini<\/p>\n\n\n\n<p>-Tersine \u00f6nce kurallar\u0131 koymam\u0131z gerekti\u011fini.Bu kurallarda\nda<\/p>\n\n\n\n<p>i.&nbsp;&nbsp;&nbsp;&nbsp;&nbsp;&nbsp;&nbsp;&nbsp;&nbsp;&nbsp;&nbsp;&nbsp;&nbsp;&nbsp;&nbsp; ADALET<\/p>\n\n\n\n<p>ii.&nbsp;&nbsp;&nbsp;&nbsp;&nbsp;&nbsp;&nbsp;&nbsp;&nbsp;&nbsp;&nbsp;&nbsp;&nbsp;&nbsp; \u00d6ZG\u00dcRL\u00dcK<\/p>\n\n\n\n<p>iii.&nbsp;&nbsp;&nbsp;&nbsp;&nbsp;&nbsp;&nbsp;&nbsp;&nbsp;&nbsp;&nbsp;&nbsp;&nbsp; L\u0130YAKAT<\/p>\n\n\n\n<p>iv.&nbsp;&nbsp;&nbsp;&nbsp;&nbsp;&nbsp;&nbsp;&nbsp;&nbsp;&nbsp;&nbsp;&nbsp;&nbsp; DEMOKRAT\u0130K KURALLAR\n(Her\u015feyden \u00f6nce parti i\u00e7i demokrasi)<\/p>\n\n\n\n<p>v.&nbsp;&nbsp;&nbsp;&nbsp;&nbsp;&nbsp;&nbsp;&nbsp;&nbsp;&nbsp;&nbsp;&nbsp;&nbsp;&nbsp; HERKESE\nE\u015e\u0130T MESAFEDE B\u0130R\nY\u00d6NET\u0130M<\/p>\n\n\n\n<p>Halk\u0131n g\u00f6r\u00fc\u015flerine her s\u00fcre\u00e7te itibar edilmesi<\/p>\n\n\n\n<p>En \u00f6nemli\nunsurlar . Hi\u00e7bir Avrupa \u00fclkesinde liderler\nbu derece g\u00fcndeme gelmez. Neden? \u00c7\u00fcnk\u00fc her\u015fey yerli yerinde ve kurallar \u00e7er\u00e7evesinde y\u00f6netilir. Ve bu\nkurallar herkese uygulan\u0131r, y\u00f6netimler\nherkese e\u015fit mesafededir. O nedenle bir \u00e7\u00f6z\u00fcm sa\u011flanacaksa ve bunun i\u00e7in yeni bir\nliderden \u00e7ok herkese uygulanacak bir yap\u0131y\u0131, kurallar\u0131 ortaya \u00e7\u0131karmal\u0131.<\/p>\n\n\n\n<p><strong>Zuhuri YAMAN<\/strong><\/p>\n","protected":false},"excerpt":{"rendered":"<p>\u00dcLKE SORUNLARINA NASIL \u00c7\u00d6Z\u00dcM BULUNAB\u0130LECE\u011e\u0130N\u0130 TARTI\u015eTIK! Kat\u0131l\u0131mc\u0131lar aras\u0131nda, eski Bakan Nam\u0131k Kemal Zeybek, eski bakan Cengiz Alt\u0131nkaya, 20 ve 21. D\u00f6nem Milletvekili Kemal Albayrak, 22. D\u00f6nem Milletvekili H\u00fcseyin G\u00fcler eski Milletvekili Gaffar (Yak\u0131n) ev sahipli\u011fi yapan eski Milletvekili Hamdi Eri\u015f, organizasyonu yapan Gazeteci yazar Mehmet Akyol, Cumhuriyet yazar\u0131 Ahmet Tan ve ismini sayamad\u0131\u011f\u0131m bir \u00e7ok [&hellip;]<\/p>\n","protected":false},"author":11,"featured_media":186177,"comment_status":"closed","ping_status":"open","sticky":false,"template":"","format":"standard","meta":{"jetpack_post_was_ever_published":false,"_jetpack_newsletter_access":"","_jetpack_dont_email_post_to_subs":false,"_jetpack_newsletter_tier_id":0,"_jetpack_memberships_contains_paywalled_content":false,"_jetpack_memberships_contains_paid_content":false,"footnotes":"","jetpack_publicize_message":"","jetpack_publicize_feature_enabled":true,"jetpack_social_post_already_shared":true,"jetpack_social_options":{"image_generator_settings":{"template":"highway","default_image_id":0,"font":"","enabled":false},"version":2}},"categories":[8,5,646,9],"tags":[],"class_list":["post-186171","post","type-post","status-publish","format-standard","has-post-thumbnail","hentry","category-analiz","category-gundem","category-kose-yazilari","category-siyaset"],"jetpack_publicize_connections":[],"jetpack_featured_media_url":"https:\/\/i0.wp.com\/www.tvturk.com\/wp-content\/uploads\/2019\/07\/zuhuri_yaman_resim1.jpg?fit=917%2C715","jetpack_sharing_enabled":true,"jetpack_shortlink":"https:\/\/wp.me\/paKIfm-MqL","_links":{"self":[{"href":"http:\/\/www.tvturk.com\/index.php\/wp-json\/wp\/v2\/posts\/186171","targetHints":{"allow":["GET"]}}],"collection":[{"href":"http:\/\/www.tvturk.com\/index.php\/wp-json\/wp\/v2\/posts"}],"about":[{"href":"http:\/\/www.tvturk.com\/index.php\/wp-json\/wp\/v2\/types\/post"}],"author":[{"embeddable":true,"href":"http:\/\/www.tvturk.com\/index.php\/wp-json\/wp\/v2\/users\/11"}],"replies":[{"embeddable":true,"href":"http:\/\/www.tvturk.com\/index.php\/wp-json\/wp\/v2\/comments?post=186171"}],"version-history":[{"count":2,"href":"http:\/\/www.tvturk.com\/index.php\/wp-json\/wp\/v2\/posts\/186171\/revisions"}],"predecessor-version":[{"id":186178,"href":"http:\/\/www.tvturk.com\/index.php\/wp-json\/wp\/v2\/posts\/186171\/revisions\/186178"}],"wp:featuredmedia":[{"embeddable":true,"href":"http:\/\/www.tvturk.com\/index.php\/wp-json\/wp\/v2\/media\/186177"}],"wp:attachment":[{"href":"http:\/\/www.tvturk.com\/index.php\/wp-json\/wp\/v2\/media?parent=186171"}],"wp:term":[{"taxonomy":"category","embeddable":true,"href":"http:\/\/www.tvturk.com\/index.php\/wp-json\/wp\/v2\/categories?post=186171"},{"taxonomy":"post_tag","embeddable":true,"href":"http:\/\/www.tvturk.com\/index.php\/wp-json\/wp\/v2\/tags?post=186171"}],"curies":[{"name":"wp","href":"https:\/\/api.w.org\/{rel}","templated":true}]}}