{"id":186203,"date":"2019-07-25T11:46:41","date_gmt":"2019-07-25T08:46:41","guid":{"rendered":"http:\/\/www.tvturk.com\/index.php\/suriye-sinirina-komando-sevkiyati\/"},"modified":"2019-07-25T11:46:41","modified_gmt":"2019-07-25T08:46:41","slug":"suriye-sinirina-komando-sevkiyati","status":"publish","type":"post","link":"http:\/\/www.tvturk.com\/index.php\/suriye-sinirina-komando-sevkiyati\/","title":{"rendered":"Suriye s\u0131n\u0131r\u0131na komando sevk\u0131yat\u0131"},"content":{"rendered":"<p>\u015eanl\u0131urfa\u2019n\u0131n Suru\u00e7 il\u00e7esinin kar\u015f\u0131s\u0131nda bulunan Suriye s\u0131n\u0131r\u0131ndaki askeri birliklere takviye olarak 15 ara\u00e7l\u0131k komando sevk\u0131yat\u0131 yap\u0131ld\u0131.<\/p>\n<p>Suriye s\u0131n\u0131r\u0131ndaki askeri birliklere askeri ara\u00e7 ve komando sevk\u0131yat\u0131 s\u00fcr\u00fcyor. Bat\u0131 illerinden s\u0131n\u0131r birliklerine sevk edilen komandolar\u0131 ta\u015f\u0131yan z\u0131rhl\u0131 ara\u00e7lar \u015eanl\u0131urfa\u2019ya ula\u015ft\u0131. \u015eanl\u0131urfa\u2019da gerekli ikmalleri yap\u0131lan 15 ara\u00e7l\u0131k konvoy daha sonra Suru\u00e7 il\u00e7esinin kar\u015f\u0131s\u0131nda bulunan Suriye s\u0131n\u0131r\u0131na do\u011fru yola \u00e7\u0131kt\u0131. Konvoydaki askeri ara\u00e7lar\u0131n ve komandolar\u0131n \u015eanl\u0131urfa s\u0131n\u0131r\u0131ndaki birliklere takviye olarak yerle\u015ftirilece\u011fi bildirildi.<\/p>\n","protected":false},"excerpt":{"rendered":"<p>SUR\u0130YE SINIRINA KOMANDO SEVKIYATI<\/p>\n","protected":false},"author":1,"featured_media":186204,"comment_status":"closed","ping_status":"open","sticky":false,"template":"","format":"standard","meta":{"jetpack_post_was_ever_published":false,"_jetpack_newsletter_access":"","_jetpack_dont_email_post_to_subs":false,"_jetpack_newsletter_tier_id":0,"_jetpack_memberships_contains_paywalled_content":false,"_jetpack_memberships_contains_paid_content":false,"footnotes":"","jetpack_publicize_message":"","jetpack_publicize_feature_enabled":true,"jetpack_social_post_already_shared":true,"jetpack_social_options":{"image_generator_settings":{"template":"highway","default_image_id":0,"font":"","enabled":false},"version":2}},"categories":[1],"tags":[854,11428,15445,6521],"class_list":["post-186203","post","type-post","status-publish","format-standard","has-post-thumbnail","hentry","category-genel","tag-komando","tag-sevkiyati","tag-sinirina","tag-suriye"],"jetpack_publicize_connections":[],"jetpack_featured_media_url":"https:\/\/i0.wp.com\/www.tvturk.com\/wp-content\/uploads\/2019\/07\/suriye-sinirina-komando-sevkiyati_4d67858.jpg?fit=1000%2C562","jetpack_sharing_enabled":true,"jetpack_shortlink":"https:\/\/wp.me\/paKIfm-Mrh","_links":{"self":[{"href":"http:\/\/www.tvturk.com\/index.php\/wp-json\/wp\/v2\/posts\/186203","targetHints":{"allow":["GET"]}}],"collection":[{"href":"http:\/\/www.tvturk.com\/index.php\/wp-json\/wp\/v2\/posts"}],"about":[{"href":"http:\/\/www.tvturk.com\/index.php\/wp-json\/wp\/v2\/types\/post"}],"author":[{"embeddable":true,"href":"http:\/\/www.tvturk.com\/index.php\/wp-json\/wp\/v2\/users\/1"}],"replies":[{"embeddable":true,"href":"http:\/\/www.tvturk.com\/index.php\/wp-json\/wp\/v2\/comments?post=186203"}],"version-history":[{"count":0,"href":"http:\/\/www.tvturk.com\/index.php\/wp-json\/wp\/v2\/posts\/186203\/revisions"}],"wp:featuredmedia":[{"embeddable":true,"href":"http:\/\/www.tvturk.com\/index.php\/wp-json\/wp\/v2\/media\/186204"}],"wp:attachment":[{"href":"http:\/\/www.tvturk.com\/index.php\/wp-json\/wp\/v2\/media?parent=186203"}],"wp:term":[{"taxonomy":"category","embeddable":true,"href":"http:\/\/www.tvturk.com\/index.php\/wp-json\/wp\/v2\/categories?post=186203"},{"taxonomy":"post_tag","embeddable":true,"href":"http:\/\/www.tvturk.com\/index.php\/wp-json\/wp\/v2\/tags?post=186203"}],"curies":[{"name":"wp","href":"https:\/\/api.w.org\/{rel}","templated":true}]}}