{"id":186226,"date":"2019-07-25T12:17:30","date_gmt":"2019-07-25T09:17:30","guid":{"rendered":"http:\/\/www.tvturk.com\/index.php\/goztepe-stadi-yukseliyor\/"},"modified":"2019-07-25T12:17:30","modified_gmt":"2019-07-25T09:17:30","slug":"goztepe-stadi-yukseliyor","status":"publish","type":"post","link":"http:\/\/www.tvturk.com\/index.php\/goztepe-stadi-yukseliyor\/","title":{"rendered":"G\u00f6ztepe Stad\u0131 y\u00fckseliyor"},"content":{"rendered":"<p>S\u00fcper Lig ekiplerinden G\u00f6ztepe\u2019nin ligin ikinci yar\u0131s\u0131na yeti\u015fmesi beklenen stadyumunda \u00e7al\u0131\u015fmalar aral\u0131ks\u0131z olarak devam ediyor.<\/p>\n<p>S\u00fcper Lig\u2019in \u0130zmir temsilcisi G\u00f6ztepe\u2019de stadyum heyecan\u0131 ya\u015fan\u0131yor. Ge\u00e7ti\u011fimiz g\u00fcnlerde G\u00f6ztepe Ba\u015fkan\u0131 Mehmet Sepil\u2019in ligin ikinci yar\u0131s\u0131na yeti\u015fece\u011fi m\u00fcjdesini verdi\u011fi stadyumda \u00e7al\u0131\u015fmalar aral\u0131ks\u0131z olarak devam ediyor. Y\u0131l sonuna yeti\u015ftirilmesi i\u00e7in b\u00fcy\u00fck bir \u00e7aba sarf edilen stadyumda 24 saat \u00e7al\u0131\u015fmalar\u0131n s\u00fcrd\u00fc\u011f\u00fc belirtilirken, ilerleyen g\u00fcnlerde \u00e7al\u0131\u015fan personel say\u0131s\u0131n\u0131n da y\u00fczde 20 oran\u0131nda artt\u0131r\u0131laca\u011f\u0131 bildirildi.<\/p>\n<p>Eyl\u00fcl\u2019de \u00e7imler serilecek<\/p>\n<p>Yakla\u015f\u0131k y\u00fczde 70\u2019i tamamlanan stadyumda yava\u015f yava\u015f sona gelinmeye ba\u015fland\u0131. \u00c7at\u0131 montaj\u0131n\u0131n b\u00fcy\u00fck oranda bitirilen stadyumda Eyl\u00fcl ay\u0131nda \u00e7im serme i\u015fleminin yap\u0131lmas\u0131 bekleniyor. \u00d6te yandan, G\u00fcrsel Aksel Sa\u011fl\u0131kl\u0131 Ya\u015fam ve Spor Merkezi\u2019nin trib\u00fcnlerinde ve graf cephe \u00e7al\u0131\u015fmalar\u0131 da b\u00fcy\u00fck \u00f6l\u00e7\u00fcde bitirildi. 365 g\u00fcn ya\u015fayan bir stadyum konseptiyle in\u015fa edilen G\u00f6ztepe\u2019nin yeni mabedinin alt\u0131nda \u00e7e\u015fitli ma\u011fazalar, kul\u00fcp binas\u0131 ve sosyal tesisler de yer alacak. Stad\u0131n alt taraf\u0131 d\u00fckkanlara ayr\u0131l\u0131rken, stadyumun \u00fczeri de y\u00fcr\u00fcy\u00fc\u015f park\u0131 olarak \u00e7evrede ya\u015fayan halka hizmet verecek. Vatanda\u015flar, \u00e7at\u0131n\u0131n \u00fczerine yap\u0131lacak olan d\u00fczenlemelerin ard\u0131ndan serilecek olan \u00e7imlerin \u00fczerinde zaman ge\u00e7irme ve spor yapabilme imkan\u0131na sahip olacak.<\/p>\n<p>T\u00fcrkiye\u2019de ilk olacak<\/p>\n<p>\u00c7at\u0131s\u0131nda y\u00fcr\u00fcy\u00fc\u015f alan\u0131 bulunduran ilk stadyum olan G\u00fcrsel Aksel Sa\u011fl\u0131kl\u0131 Ya\u015fam ve Spor Merkezi\u2019nde ilkler bununla da s\u0131n\u0131rl\u0131 kalmayacak. Yeni \u00e7\u0131kan yasayla birlikte sar\u0131-k\u0131rm\u0131z\u0131l\u0131lar\u0131n yeni evinde \u0130n\u00f6n\u00fc Caddesine yak\u0131n olan kale arkas\u0131nda koltuklar yer almayacak. Bu sayede G\u00fcrsel Aksel Sa\u011fl\u0131kl\u0131 Ya\u015fam ve Spor Merkezi\u2019nin kapasitesinde yakla\u015f\u0131k 5 bin ki\u015filik art\u0131\u015f sa\u011flanaca\u011f\u0131 ge\u00e7ti\u011fimiz g\u00fcnlerde a\u00e7\u0131klanm\u0131\u015ft\u0131.<\/p>\n","protected":false},"excerpt":{"rendered":"<p>S\u00dcPER L\u0130G EK\u0130PLER\u0130NDEN G\u00d6ZTEPE\u2019N\u0130N L\u0130G\u0130N \u0130K\u0130NC\u0130 YARISINA YET\u0130\u015eMES\u0130 BEKLENEN STADYUMUNDA \u00c7ALI\u015eMALAR ARALIKSIZ OLARAK DEVAM ED\u0130YOR.<\/p>\n","protected":false},"author":1,"featured_media":186227,"comment_status":"closed","ping_status":"open","sticky":false,"template":"","format":"standard","meta":{"jetpack_post_was_ever_published":false,"_jetpack_newsletter_access":"","_jetpack_dont_email_post_to_subs":false,"_jetpack_newsletter_tier_id":0,"_jetpack_memberships_contains_paywalled_content":false,"_jetpack_memberships_contains_paid_content":false,"footnotes":"","jetpack_publicize_message":"","jetpack_publicize_feature_enabled":true,"jetpack_social_post_already_shared":true,"jetpack_social_options":{"image_generator_settings":{"template":"highway","default_image_id":0,"font":"","enabled":false},"version":2}},"categories":[657],"tags":[2633,26824,401],"class_list":["post-186226","post","type-post","status-publish","format-standard","has-post-thumbnail","hentry","category-spor","tag-goztepe","tag-stadi","tag-yukseliyor"],"jetpack_publicize_connections":[],"jetpack_featured_media_url":"https:\/\/i0.wp.com\/www.tvturk.com\/wp-content\/uploads\/2019\/07\/goztepe-stadi-yukseliyor_22aa198.jpg?fit=1000%2C666","jetpack_sharing_enabled":true,"jetpack_shortlink":"https:\/\/wp.me\/paKIfm-MrE","_links":{"self":[{"href":"http:\/\/www.tvturk.com\/index.php\/wp-json\/wp\/v2\/posts\/186226","targetHints":{"allow":["GET"]}}],"collection":[{"href":"http:\/\/www.tvturk.com\/index.php\/wp-json\/wp\/v2\/posts"}],"about":[{"href":"http:\/\/www.tvturk.com\/index.php\/wp-json\/wp\/v2\/types\/post"}],"author":[{"embeddable":true,"href":"http:\/\/www.tvturk.com\/index.php\/wp-json\/wp\/v2\/users\/1"}],"replies":[{"embeddable":true,"href":"http:\/\/www.tvturk.com\/index.php\/wp-json\/wp\/v2\/comments?post=186226"}],"version-history":[{"count":0,"href":"http:\/\/www.tvturk.com\/index.php\/wp-json\/wp\/v2\/posts\/186226\/revisions"}],"wp:featuredmedia":[{"embeddable":true,"href":"http:\/\/www.tvturk.com\/index.php\/wp-json\/wp\/v2\/media\/186227"}],"wp:attachment":[{"href":"http:\/\/www.tvturk.com\/index.php\/wp-json\/wp\/v2\/media?parent=186226"}],"wp:term":[{"taxonomy":"category","embeddable":true,"href":"http:\/\/www.tvturk.com\/index.php\/wp-json\/wp\/v2\/categories?post=186226"},{"taxonomy":"post_tag","embeddable":true,"href":"http:\/\/www.tvturk.com\/index.php\/wp-json\/wp\/v2\/tags?post=186226"}],"curies":[{"name":"wp","href":"https:\/\/api.w.org\/{rel}","templated":true}]}}