{"id":186250,"date":"2019-07-25T12:46:34","date_gmt":"2019-07-25T09:46:34","guid":{"rendered":"http:\/\/www.tvturk.com\/index.php\/sebze-meyve-halinde-sabah-mesaisi\/"},"modified":"2019-07-25T12:46:34","modified_gmt":"2019-07-25T09:46:34","slug":"sebze-meyve-halinde-sabah-mesaisi","status":"publish","type":"post","link":"http:\/\/www.tvturk.com\/index.php\/sebze-meyve-halinde-sabah-mesaisi\/","title":{"rendered":"Sebze meyve halinde sabah mesaisi"},"content":{"rendered":"<p>Y\u0131ld\u0131r\u0131m Belediye Ba\u015fkan\u0131 Oktay Y\u0131lmaz, Bursa Perakendeciler Derne\u011fi Ba\u015fkan\u0131 Ha\u015fim K\u0131l\u0131\u00e7 ile birlikte sabah\u0131n ilk \u0131\u015f\u0131klar\u0131nda Hikmet \u015eahin Kent Hali\u2019ni ziyaret ederek, esnaf\u0131n dertlerini dinledi.<\/p>\n<p>Y\u0131ld\u0131r\u0131m Belediye Ba\u015fkan\u0131 Oktay Y\u0131lmaz, Hikmet \u015eahin Kent Hali\u2019ni ziyaret etti. Hal esnaf\u0131n\u0131n g\u00fcne en erken ba\u015flayan meslek guruplar\u0131ndan oldu\u011funu hat\u0131rlatan Ba\u015fkan Y\u0131lmaz, \u201cHem hal esnaf\u0131m\u0131z hem de pazarc\u0131lar\u0131m\u0131z, g\u00fcn do\u011fmadan r\u0131zklar\u0131n\u0131n pe\u015finde ko\u015fmak i\u00e7in i\u015f ba\u015f\u0131 yap\u0131yorlar. Sebze ve meyveyi en taze \u015fekliyle t\u00fcketicilerimiz ula\u015ft\u0131rmak i\u00e7in yo\u011fun bir \u00e7aba sarf ediyorlar.  Biz de esnaf\u0131m\u0131z\u0131 ziyaret ederek, onlarla hasbihal etmek, \u2018hay\u0131rl\u0131 i\u015fler dilemek\u2019 istedik. Hem onlar\u0131n bizlerden beklenti ve taleplerini dinledik, hem de \u00e7al\u0131\u015fmalar\u0131m\u0131z hakk\u0131nda kendilerine bilgi verdik. \u00dcretimden t\u00fcketime giden bu yolda Y\u0131ld\u0131r\u0131m Belediyesi olarak kendilerine nas\u0131l katk\u0131 sa\u011flayabilece\u011fimiz konusunda isti\u015farelerde bulunduk. Aln\u0131n\u0131n teriyle \u00e7al\u0131\u015fan t\u00fcm hal esnaf\u0131m\u0131za hay\u0131rl\u0131 kazan\u00e7lar diliyorum\u201d diye konu\u015ftu.<\/p>\n<p>Bursa Perakendeciler Derne\u011fi Ba\u015fkan\u0131 Ha\u015fim K\u0131l\u0131\u00e7 ise \u201cBizleri ziyaret ederek her f\u0131rsatta deste\u011fini esirgemeyen ve esnaf\u0131n derdiyle hemh\u00e2l olan Y\u0131ld\u0131r\u0131m Belediye Ba\u015fkan\u0131m\u0131z Say\u0131n Oktay Y\u0131lmaz\u2019a b\u00fct\u00fcn hal esnaf\u0131m\u0131z ad\u0131na te\u015fekk\u00fcr ediyorum\u201d ifadelerini kulland\u0131.<\/p>\n","protected":false},"excerpt":{"rendered":"<p>YILDIRIM BELED\u0130YE BA\u015eKANI OKTAY YILMAZ, BURSA PERAKENDEC\u0130LER DERNE\u011e\u0130 BA\u015eKANI HA\u015e\u0130M KILI\u00c7 \u0130LE B\u0130RL\u0130KTE SABAHIN \u0130LK I\u015eIKLARINDA H\u0130KMET \u015eAH\u0130N KENT HAL\u0130\u2019N\u0130 Z\u0130YARET EDEREK, ESNAFLA G\u00d6R\u00dc\u015eT\u00dc, HAYIRLI KAZAN\u00c7LAR D\u0130LED\u0130.<\/p>\n","protected":false},"author":1,"featured_media":186251,"comment_status":"closed","ping_status":"open","sticky":false,"template":"","format":"standard","meta":{"jetpack_post_was_ever_published":false,"_jetpack_newsletter_access":"","_jetpack_dont_email_post_to_subs":false,"_jetpack_newsletter_tier_id":0,"_jetpack_memberships_contains_paywalled_content":false,"_jetpack_memberships_contains_paid_content":false,"footnotes":"","jetpack_publicize_message":"","jetpack_publicize_feature_enabled":true,"jetpack_social_post_already_shared":true,"jetpack_social_options":{"image_generator_settings":{"template":"highway","default_image_id":0,"font":"","enabled":false},"version":2}},"categories":[1],"tags":[4875,2634,3753,7062,2974],"class_list":["post-186250","post","type-post","status-publish","format-standard","has-post-thumbnail","hentry","category-genel","tag-halinde","tag-mesaisi","tag-meyve","tag-sabah","tag-sebze"],"jetpack_publicize_connections":[],"jetpack_featured_media_url":"https:\/\/i0.wp.com\/www.tvturk.com\/wp-content\/uploads\/2019\/07\/sebze-meyve-halinde-sabah-mesaisi_fd5c927.jpg?fit=1000%2C667","jetpack_sharing_enabled":true,"jetpack_shortlink":"https:\/\/wp.me\/paKIfm-Ms2","_links":{"self":[{"href":"http:\/\/www.tvturk.com\/index.php\/wp-json\/wp\/v2\/posts\/186250","targetHints":{"allow":["GET"]}}],"collection":[{"href":"http:\/\/www.tvturk.com\/index.php\/wp-json\/wp\/v2\/posts"}],"about":[{"href":"http:\/\/www.tvturk.com\/index.php\/wp-json\/wp\/v2\/types\/post"}],"author":[{"embeddable":true,"href":"http:\/\/www.tvturk.com\/index.php\/wp-json\/wp\/v2\/users\/1"}],"replies":[{"embeddable":true,"href":"http:\/\/www.tvturk.com\/index.php\/wp-json\/wp\/v2\/comments?post=186250"}],"version-history":[{"count":0,"href":"http:\/\/www.tvturk.com\/index.php\/wp-json\/wp\/v2\/posts\/186250\/revisions"}],"wp:featuredmedia":[{"embeddable":true,"href":"http:\/\/www.tvturk.com\/index.php\/wp-json\/wp\/v2\/media\/186251"}],"wp:attachment":[{"href":"http:\/\/www.tvturk.com\/index.php\/wp-json\/wp\/v2\/media?parent=186250"}],"wp:term":[{"taxonomy":"category","embeddable":true,"href":"http:\/\/www.tvturk.com\/index.php\/wp-json\/wp\/v2\/categories?post=186250"},{"taxonomy":"post_tag","embeddable":true,"href":"http:\/\/www.tvturk.com\/index.php\/wp-json\/wp\/v2\/tags?post=186250"}],"curies":[{"name":"wp","href":"https:\/\/api.w.org\/{rel}","templated":true}]}}