{"id":186298,"date":"2019-07-25T13:31:47","date_gmt":"2019-07-25T10:31:47","guid":{"rendered":"http:\/\/www.tvturk.com\/index.php\/sel-bolgesinde-her-gun-bin-500-kisiye-sicak-yemek-ulastiriliyor\/"},"modified":"2019-07-25T13:31:47","modified_gmt":"2019-07-25T10:31:47","slug":"sel-bolgesinde-her-gun-bin-500-kisiye-sicak-yemek-ulastiriliyor","status":"publish","type":"post","link":"http:\/\/www.tvturk.com\/index.php\/sel-bolgesinde-her-gun-bin-500-kisiye-sicak-yemek-ulastiriliyor\/","title":{"rendered":"Sel b\u00f6lgesinde her g\u00fcn bin 500 ki\u015fiye s\u0131cak yemek ula\u015ft\u0131r\u0131l\u0131yor"},"content":{"rendered":"<p>K\u0131z\u0131lay, D\u00fczce\u2019de selin vurdu\u011fu k\u00f6ylerde her g\u00fcn bin 500 ki\u015fiye s\u0131cak yemek ve su ula\u015ft\u0131r\u0131yor.<\/p>\n<p>D\u00fczce\u2019de yo\u011fun sa\u011fanak ya\u011f\u0131\u015f sonras\u0131nda sel, su bask\u0131nlar\u0131 ve heyelanlar\u0131n meydana geldi\u011fi Ak\u00e7akoca ve Cumayeri il\u00e7elerindeki mahalle ve k\u00f6ylerde yaralar sar\u0131lmaya devam ediyor. Selin vurdu\u011fu Ak\u00e7akoca il\u00e7esine ba\u011fl\u0131 Esmahan\u0131m k\u00f6y\u00fcnde kaybolan 2 \u00e7ocu\u011fun bulunmas\u0131 i\u00e7in \u00e7al\u0131\u015fmalar s\u00fcrd\u00fcr\u00fcl\u00fcrken, bir yandan da onar\u0131m, temizlik ve hasar tespit \u00e7al\u0131\u015fmalar\u0131 yap\u0131l\u0131yor. Ya\u015fanan sel felaketinin ilk g\u00fcn\u00fcnden itibaren b\u00f6lgeye gelerek vatanda\u015flar\u0131n ihtiya\u00e7lar\u0131n\u0131n giderilmesi i\u00e7in hizmet veren K\u0131z\u0131lay ekipleri, vatanda\u015flara g\u0131da ve su yard\u0131m\u0131nda bulunuyor. K\u00f6ylerde vatanda\u015flara su ula\u015ft\u0131ran K\u0131z\u0131lay, her g\u00fcn bin 500 ki\u015fiye s\u0131cak yemek da\u011f\u0131t\u0131yor. \u00dc\u00e7 \u00f6\u011f\u00fcn olarak verilen yemeklerden b\u00f6lgede hizmet veren ekipler de faydalanabiliyor.<\/p>\n<p>\u201cBin 500 ki\u015filik yemek da\u011f\u0131t\u0131m\u0131m\u0131z devam ediyor&#8221;<\/p>\n<p>Vatanda\u015flardan gelen talepleri an\u0131nda kar\u015f\u0131lad\u0131klar\u0131n\u0131 s\u00f6yleyen K\u0131z\u0131lay Bat\u0131 Karadeniz Afet Y\u00f6netim Merkezi B\u00f6lge M\u00fcd\u00fcr Vekili Murat Ta\u015fl\u0131, \u201cAfetin ilk g\u00fcn\u00fcnden beri biz K\u0131z\u0131lay olarak sahada g\u00f6rev yapmaya devam<\/p>\n<p>ediyoruz. Afetzedelerin ve g\u00f6revli bulunan hizmet gruplar\u0131n\u0131n beslenme hizmetini sa\u011flamak i\u00e7in elimizden geldi\u011fince \u00e7al\u0131\u015f\u0131yoruz. \u015eu ana kadar sabah, \u00f6\u011flen ve ak\u015fam \u00f6\u011f\u00fcnlerinde bin 500 ki\u015filik yemek da\u011f\u0131t\u0131m\u0131m\u0131z devam ediyor. Ayr\u0131ca k\u00f6ylerde ihtiya\u00e7 tespiti yaparak insanlar\u0131n su ihtiya\u00e7lar\u0131n\u0131 kar\u015f\u0131lad\u0131k. Bize gelen talepleri yerine getirmeye \u00e7al\u0131\u015f\u0131yoruz. Sahada hijyen ve g\u0131da malzemesi taleplerimiz de oluyor. Onlar\u0131n da kar\u015f\u0131lanmas\u0131n\u0131 sa\u011fl\u0131yoruz. \u015eu anda b\u00f6lgemizde 45 ki\u015filik Ankara ekibi, D\u00fczce B\u00f6lge M\u00fcd\u00fcrl\u00fc\u011f\u00fcm\u00fcz, \u015fube personeli ve g\u00f6n\u00fcll\u00fclerimizle hareket ediyoruz\u201d dedi.<\/p>\n","protected":false},"excerpt":{"rendered":"<p>KIZILAY, D\u00dcZCE\u2019DE SEL\u0130N VURDU\u011eU K\u00d6YLERDE HER G\u00dcN B\u0130N 500 K\u0130\u015e\u0130YE SICAK YEMEK VE SU ULA\u015eTIRIYOR.<\/p>\n","protected":false},"author":1,"featured_media":186299,"comment_status":"closed","ping_status":"open","sticky":false,"template":"","format":"standard","meta":{"jetpack_post_was_ever_published":false,"_jetpack_newsletter_access":"","_jetpack_dont_email_post_to_subs":false,"_jetpack_newsletter_tier_id":0,"_jetpack_memberships_contains_paywalled_content":false,"_jetpack_memberships_contains_paid_content":false,"footnotes":"","jetpack_publicize_message":"","jetpack_publicize_feature_enabled":true,"jetpack_social_post_already_shared":true,"jetpack_social_options":{"image_generator_settings":{"template":"highway","default_image_id":0,"font":"","enabled":false},"version":2}},"categories":[1],"tags":[695,565,213,2028,2579,73,2667,256,46250,4709],"class_list":["post-186298","post","type-post","status-publish","format-standard","has-post-thumbnail","hentry","category-genel","tag-sel","tag-565","tag-bin","tag-bolgesinde","tag-gun","tag-her","tag-kisiye","tag-sicak","tag-ulastiriliyor","tag-yemek"],"jetpack_publicize_connections":[],"jetpack_featured_media_url":"https:\/\/i0.wp.com\/www.tvturk.com\/wp-content\/uploads\/2019\/07\/sel-bolgesinde-her-gun-bin-500-kisiye-sicak-yemek-ulastiriliyor_e393c77.jpg?fit=1000%2C666","jetpack_sharing_enabled":true,"jetpack_shortlink":"https:\/\/wp.me\/paKIfm-MsO","_links":{"self":[{"href":"http:\/\/www.tvturk.com\/index.php\/wp-json\/wp\/v2\/posts\/186298","targetHints":{"allow":["GET"]}}],"collection":[{"href":"http:\/\/www.tvturk.com\/index.php\/wp-json\/wp\/v2\/posts"}],"about":[{"href":"http:\/\/www.tvturk.com\/index.php\/wp-json\/wp\/v2\/types\/post"}],"author":[{"embeddable":true,"href":"http:\/\/www.tvturk.com\/index.php\/wp-json\/wp\/v2\/users\/1"}],"replies":[{"embeddable":true,"href":"http:\/\/www.tvturk.com\/index.php\/wp-json\/wp\/v2\/comments?post=186298"}],"version-history":[{"count":0,"href":"http:\/\/www.tvturk.com\/index.php\/wp-json\/wp\/v2\/posts\/186298\/revisions"}],"wp:featuredmedia":[{"embeddable":true,"href":"http:\/\/www.tvturk.com\/index.php\/wp-json\/wp\/v2\/media\/186299"}],"wp:attachment":[{"href":"http:\/\/www.tvturk.com\/index.php\/wp-json\/wp\/v2\/media?parent=186298"}],"wp:term":[{"taxonomy":"category","embeddable":true,"href":"http:\/\/www.tvturk.com\/index.php\/wp-json\/wp\/v2\/categories?post=186298"},{"taxonomy":"post_tag","embeddable":true,"href":"http:\/\/www.tvturk.com\/index.php\/wp-json\/wp\/v2\/tags?post=186298"}],"curies":[{"name":"wp","href":"https:\/\/api.w.org\/{rel}","templated":true}]}}