{"id":186312,"date":"2019-07-25T13:46:38","date_gmt":"2019-07-25T10:46:38","guid":{"rendered":"http:\/\/www.tvturk.com\/index.php\/turkiye-kenyadaki-somalili-multecilere-sifa-goturdu\/"},"modified":"2019-07-25T13:46:38","modified_gmt":"2019-07-25T10:46:38","slug":"turkiye-kenyadaki-somalili-multecilere-sifa-goturdu","status":"publish","type":"post","link":"http:\/\/www.tvturk.com\/index.php\/turkiye-kenyadaki-somalili-multecilere-sifa-goturdu\/","title":{"rendered":"T\u00fcrkiye Kenya\u2019daki Somalili m\u00fcltecilere \u015fifa g\u00f6t\u00fcrd\u00fc"},"content":{"rendered":"<p>T\u00fcrk \u0130\u015fbirli\u011fi ve Koordinasyon Ajans\u0131 (T\u0130KA) taraf\u0131ndan 15 Temmuz \u015fehitlerinin aziz hat\u0131ralar\u0131n\u0131n ya\u015fat\u0131lmas\u0131 ad\u0131na Kenya\u2019da d\u00fczenlenen \u2018G\u00f6ren G\u00f6zler G\u00fcl\u00fcmseyen Y\u00fczler Sa\u011fl\u0131k Kamp\u0131\u2019, Garissa eyaletinin ard\u0131ndan Somali s\u0131n\u0131r\u0131ndaki Dadaab M\u00fclteci Kamp\u0131\u2019nda devam ediyor.<\/p>\n<p>T\u0130KA, UNHCR ve Hayrat Vakf\u0131 i\u015fbirli\u011finde Kenya\u2019da d\u00fczenlenen sa\u011fl\u0131k kamp\u0131nda 26 Temmuz\u2019a kadar 250\u2019den fazla g\u00f6z ameliyat\u0131 ger\u00e7ekle\u015ftirilecek. \u0130lk etab\u0131 Tecr\u00fcbe Payla\u015f\u0131m Program\u0131 ile T\u00fcrkiye\u2019den Kenya\u2019ya gelen T\u00fcrk \u00f6\u011frencilerin kat\u0131l\u0131m\u0131 ile Garissa eyaletinde d\u00fczenlenen sa\u011fl\u0131k kamp\u0131n\u0131n ikinci etab\u0131 22-27 Temmuz tarihleri aras\u0131nda T\u0130KA, UNHCR i\u015fbirli\u011finde Hayrat Vakf\u0131 ve Kenyal\u0131 sa\u011fl\u0131k sivil toplum kurulu\u015flar\u0131n\u0131n destekleri ile Hagadera M\u00fclteci Kamp\u0131\u2019ndaki International Rescue Committee (IRC) Hastanesi ile Ifo ve Dagahaley m\u00fclteci kamplar\u0131na hizmet veren S\u0131n\u0131r Tan\u0131mayan Doktorlar (MSF) Hastanesinde s\u00fcrd\u00fcr\u00fcl\u00fcyor. Kamp\u0131n ilk \u00fc\u00e7 g\u00fcn\u00fcnde aralar\u0131nda 20\u2019den fazla \u00e7ocu\u011fun da bulundu\u011fu 150 hastan\u0131n ameliyat\u0131 ger\u00e7ekle\u015ftirildi. M\u00fcltecilerin yo\u011fun ilgi g\u00f6sterdi\u011fi sa\u011fl\u0131k kamp\u0131n\u0131n sonuna kadar 250\u2019den fazla hastan\u0131n ameliyat edilmesi hedefleniyor.<\/p>\n<p>Projenin ana destek\u00e7ilerinden UNHCR Dadaab Kamp\u0131 Direkt\u00f6r\u00fc Magatte Guisse, sa\u011fl\u0131k heyetini kabul\u00fcnde Dadaab\u2019in daha fazla yard\u0131m kurulu\u015funun sekt\u00f6rel deste\u011fine ihtiyac\u0131 oldu\u011funu dile getirerek, Dadaab ve Kuzey Kenya\u2019ya dair olumsuz g\u00fcvenlik kayg\u0131lar\u0131n\u0131n ancak bu tip sa\u011fl\u0131k \u00e7al\u0131\u015fmalar\u0131 sayesinde giderilebilece\u011fini belirtti. Guisse, b\u00f6lgede daha \u00e7ok uzman yabanc\u0131 sa\u011fl\u0131k ekibi g\u00f6rmek istediklerini de ifade etti.<\/p>\n<p>Kamp sakinleri aylarca g\u00f6z kamp\u0131n\u0131 bekliyor<\/p>\n<p>Dadaap M\u00fclteci Kamp\u0131 kompleksi Dagahaley, Ifo, Ifo 2 and Hagadera adl\u0131 d\u00f6rt farkl\u0131 kamp alan\u0131ndan olu\u015fuyor. Daha \u00e7ok s\u0131n\u0131r kom\u015fusu Somali\u2019den gelen m\u00fcltecilerin kald\u0131\u011f\u0131 kamplardaki ya\u015fam ko\u015fullar\u0131n\u0131n a\u011f\u0131rl\u0131\u011f\u0131 dikkat \u00e7ekiyor.<\/p>\n<p>Hagadera kamp\u0131 C b\u00f6lgesinde \u00e7al\u0131lardan ve UNHCR taraf\u0131ndan temin edilen \u00e7ad\u0131r bezinden yap\u0131lm\u0131\u015f bir evde ya\u015fayan 74 ya\u015f\u0131ndaki Hasan Abdile, 2000 y\u0131l\u0131nda Somali\u2019deki i\u00e7 sava\u015f\u0131n yo\u011fun ya\u015fand\u0131\u011f\u0131 Kismayo \u015fehrinden ka\u00e7arak kampa geldi\u011fini anlatt\u0131. 9 \u00e7ocu\u011fu ile birlikte kampta kalan Abdile, 7 y\u0131ld\u0131r katarakt hastas\u0131 ve yakla\u015f\u0131k 1 y\u0131ld\u0131r bu ameliyat\u0131 olmay\u0131 bekledi\u011fini dile getirdi. Ba\u015far\u0131l\u0131 bir ameliyat ge\u00e7iren Abdile\u2019nin refakat\u00e7isi olan o\u011flu Ahmet Hasan ve k\u0131z\u0131 Habiba Hasan, babalar\u0131n\u0131n sa\u011fl\u0131\u011f\u0131na kavu\u015fmas\u0131ndan dolay\u0131 T\u00fcrk halk\u0131na te\u015fekk\u00fcrlerini ifade etti. Kamptaki sa\u011fl\u0131k hizmetlerinde uzman doktor s\u0131k\u0131nt\u0131s\u0131n\u0131n ya\u015fand\u0131\u011f\u0131n\u0131 belirten Habiba Hasan, g\u00f6z, kad\u0131n do\u011fum ve di\u015f sa\u011fl\u0131\u011f\u0131 alanlar\u0131nda uzman doktor bulunmad\u0131\u011f\u0131 i\u00e7in hastalar\u0131n Garissa\u2019ya sevk edildi\u011fini s\u00f6yledi. Garissa\u2019ya sevk edilemeyen hastalar ise tedavilerini ertelemek zorunda kal\u0131yor.<\/p>\n<p>T\u0130KA\u2019n\u0131n \u201cKapsay\u0131c\u0131 ve Kaliteli Sa\u011fl\u0131k Hizmetlerine Eri\u015fimi Destekleme Program\u0131\u201d kapsam\u0131nda TPP ve Hayrat Vakf\u0131 g\u00f6n\u00fcll\u00fclerinin kat\u0131l\u0131mlar\u0131 ile ger\u00e7ekle\u015ftirilen projede, aralar\u0131nda 20\u2019den fazla \u00e7ocu\u011fun bulundu\u011fu 500\u2019den fazla katarakt operasyonu, 5 bin g\u00f6z taramas\u0131 ve 500 g\u00f6zl\u00fck da\u011f\u0131t\u0131m\u0131 ger\u00e7ekle\u015ftirildi.<\/p>\n","protected":false},"excerpt":{"rendered":"<p>\u2018G\u00d6REN G\u00d6ZLER G\u00dcL\u00dcMSEYEN Y\u00dcZLER\u2019 SA\u011eLIK KAMPI GAR\u0130SSA EYALET\u0130N\u0130N ARDINDAN SOMAL\u0130 SINIRINDAK\u0130 DADAAB M\u00dcLTEC\u0130 KAMPI\u2019NDA DEVAM ED\u0130YOR.<\/p>\n","protected":false},"author":1,"featured_media":186313,"comment_status":"closed","ping_status":"open","sticky":false,"template":"","format":"standard","meta":{"jetpack_post_was_ever_published":false,"_jetpack_newsletter_access":"","_jetpack_dont_email_post_to_subs":false,"_jetpack_newsletter_tier_id":0,"_jetpack_memberships_contains_paywalled_content":false,"_jetpack_memberships_contains_paid_content":false,"footnotes":"","jetpack_publicize_message":"","jetpack_publicize_feature_enabled":true,"jetpack_social_post_already_shared":true,"jetpack_social_options":{"image_generator_settings":{"template":"highway","default_image_id":0,"font":"","enabled":false},"version":2}},"categories":[1],"tags":[17801,46257,22271,7666,23011,453],"class_list":["post-186312","post","type-post","status-publish","format-standard","has-post-thumbnail","hentry","category-genel","tag-goturdu","tag-kenyadaki","tag-multecilere","tag-sifa","tag-somalili","tag-turkiye"],"jetpack_publicize_connections":[],"jetpack_featured_media_url":"https:\/\/i0.wp.com\/www.tvturk.com\/wp-content\/uploads\/2019\/07\/turkiye-kenyadaki-somalili-multecilere-sifa-goturdu_28caf90.jpg?fit=1000%2C666","jetpack_sharing_enabled":true,"jetpack_shortlink":"https:\/\/wp.me\/paKIfm-Mt2","_links":{"self":[{"href":"http:\/\/www.tvturk.com\/index.php\/wp-json\/wp\/v2\/posts\/186312","targetHints":{"allow":["GET"]}}],"collection":[{"href":"http:\/\/www.tvturk.com\/index.php\/wp-json\/wp\/v2\/posts"}],"about":[{"href":"http:\/\/www.tvturk.com\/index.php\/wp-json\/wp\/v2\/types\/post"}],"author":[{"embeddable":true,"href":"http:\/\/www.tvturk.com\/index.php\/wp-json\/wp\/v2\/users\/1"}],"replies":[{"embeddable":true,"href":"http:\/\/www.tvturk.com\/index.php\/wp-json\/wp\/v2\/comments?post=186312"}],"version-history":[{"count":0,"href":"http:\/\/www.tvturk.com\/index.php\/wp-json\/wp\/v2\/posts\/186312\/revisions"}],"wp:featuredmedia":[{"embeddable":true,"href":"http:\/\/www.tvturk.com\/index.php\/wp-json\/wp\/v2\/media\/186313"}],"wp:attachment":[{"href":"http:\/\/www.tvturk.com\/index.php\/wp-json\/wp\/v2\/media?parent=186312"}],"wp:term":[{"taxonomy":"category","embeddable":true,"href":"http:\/\/www.tvturk.com\/index.php\/wp-json\/wp\/v2\/categories?post=186312"},{"taxonomy":"post_tag","embeddable":true,"href":"http:\/\/www.tvturk.com\/index.php\/wp-json\/wp\/v2\/tags?post=186312"}],"curies":[{"name":"wp","href":"https:\/\/api.w.org\/{rel}","templated":true}]}}