{"id":186370,"date":"2019-07-25T15:17:26","date_gmt":"2019-07-25T12:17:26","guid":{"rendered":"http:\/\/www.tvturk.com\/index.php\/eskisehirspor-taktik-ve-koordinasyon-calisti\/"},"modified":"2019-07-25T15:17:26","modified_gmt":"2019-07-25T12:17:26","slug":"eskisehirspor-taktik-ve-koordinasyon-calisti","status":"publish","type":"post","link":"http:\/\/www.tvturk.com\/index.php\/eskisehirspor-taktik-ve-koordinasyon-calisti\/","title":{"rendered":"Eski\u015fehirspor taktik ve koordinasyon \u00e7al\u0131\u015ft\u0131"},"content":{"rendered":"<p>Spor Toto 1. Lig ekibi Eski\u015fehirspor, 2019-2020 sezonu \u00f6ncesi haz\u0131rl\u0131klar\u0131n\u0131 Afyonkarahisar\u2019da s\u00fcrd\u00fcr\u00fcyor.<\/p>\n<p>Eski\u015fehirspor, sezon haz\u0131rl\u0131klar\u0131na Afyonkarahisar\u2019da ki 2. etap kamp\u0131 ile devam etti. Teknik Direkt\u00f6r Fuat \u00c7apa y\u00f6netiminde sabah saatlerinde ba\u015flayan antrenman, yakla\u015f\u0131k 65 dakika s\u00fcrd\u00fc. Is\u0131nma hareketleriyle ba\u015flayan antrenmanda; koordinasyon \u00e7al\u0131\u015fmalar\u0131, dar alan oyunu ve yar\u0131m saha ma\u00e7 yap\u0131ld\u0131. Antrenmanda sakatl\u0131k ya\u015fanmazken, kamp\u0131n verimli ge\u00e7ti\u011fi \u00f6\u011frenildi.<\/p>\n","protected":false},"excerpt":{"rendered":"<p>SPOR TOTO 1. L\u0130G EK\u0130B\u0130 ESK\u0130\u015eEH\u0130RSPOR, 2019-2020 SEZONU \u00d6NCES\u0130 HAZIRLIKLARINI AFYONKARAH\u0130SAR&#8217;DA S\u00dcRD\u00dcRD\u00dc<\/p>\n","protected":false},"author":1,"featured_media":186371,"comment_status":"closed","ping_status":"open","sticky":false,"template":"","format":"standard","meta":{"jetpack_post_was_ever_published":false,"_jetpack_newsletter_access":"","_jetpack_dont_email_post_to_subs":false,"_jetpack_newsletter_tier_id":0,"_jetpack_memberships_contains_paywalled_content":false,"_jetpack_memberships_contains_paid_content":false,"footnotes":"","jetpack_publicize_message":"","jetpack_publicize_feature_enabled":true,"jetpack_social_post_already_shared":true,"jetpack_social_options":{"image_generator_settings":{"template":"highway","default_image_id":0,"font":"","enabled":false},"version":2}},"categories":[657],"tags":[5060,7638,358,5059],"class_list":["post-186370","post","type-post","status-publish","format-standard","has-post-thumbnail","hentry","category-spor","tag-calisti","tag-eskisehirspor","tag-koordinasyon","tag-taktik"],"jetpack_publicize_connections":[],"jetpack_featured_media_url":"https:\/\/i0.wp.com\/www.tvturk.com\/wp-content\/uploads\/2019\/07\/eskisehirspor-taktik-ve-koordinasyon-calisti_6d2b0eb.jpg?fit=600%2C526","jetpack_sharing_enabled":true,"jetpack_shortlink":"https:\/\/wp.me\/paKIfm-MtY","_links":{"self":[{"href":"http:\/\/www.tvturk.com\/index.php\/wp-json\/wp\/v2\/posts\/186370","targetHints":{"allow":["GET"]}}],"collection":[{"href":"http:\/\/www.tvturk.com\/index.php\/wp-json\/wp\/v2\/posts"}],"about":[{"href":"http:\/\/www.tvturk.com\/index.php\/wp-json\/wp\/v2\/types\/post"}],"author":[{"embeddable":true,"href":"http:\/\/www.tvturk.com\/index.php\/wp-json\/wp\/v2\/users\/1"}],"replies":[{"embeddable":true,"href":"http:\/\/www.tvturk.com\/index.php\/wp-json\/wp\/v2\/comments?post=186370"}],"version-history":[{"count":0,"href":"http:\/\/www.tvturk.com\/index.php\/wp-json\/wp\/v2\/posts\/186370\/revisions"}],"wp:featuredmedia":[{"embeddable":true,"href":"http:\/\/www.tvturk.com\/index.php\/wp-json\/wp\/v2\/media\/186371"}],"wp:attachment":[{"href":"http:\/\/www.tvturk.com\/index.php\/wp-json\/wp\/v2\/media?parent=186370"}],"wp:term":[{"taxonomy":"category","embeddable":true,"href":"http:\/\/www.tvturk.com\/index.php\/wp-json\/wp\/v2\/categories?post=186370"},{"taxonomy":"post_tag","embeddable":true,"href":"http:\/\/www.tvturk.com\/index.php\/wp-json\/wp\/v2\/tags?post=186370"}],"curies":[{"name":"wp","href":"https:\/\/api.w.org\/{rel}","templated":true}]}}