{"id":186402,"date":"2019-07-25T16:02:40","date_gmt":"2019-07-25T13:02:40","guid":{"rendered":"http:\/\/www.tvturk.com\/index.php\/cocuklara-dunya-sikligi\/"},"modified":"2019-07-25T16:02:40","modified_gmt":"2019-07-25T13:02:40","slug":"cocuklara-dunya-sikligi","status":"publish","type":"post","link":"http:\/\/www.tvturk.com\/index.php\/cocuklara-dunya-sikligi\/","title":{"rendered":"\u00c7ocuklara d\u00fcnya \u015f\u0131kl\u0131\u011f\u0131"},"content":{"rendered":"<p>D\u00fcnyaca \u00fcnl\u00fc markalar\u0131n en yeni \u00e7ocuk koleksiyonlar\u0131 ayn\u0131 \u00e7at\u0131 alt\u0131nda topland\u0131.<\/p>\n<p>Beymen Ni\u015fanta\u015f\u0131, yeni a\u00e7\u0131lan Kids departman\u0131 ile d\u00fcnyaca \u00fcnl\u00fc markalar\u0131n en yeni \u00e7ocuk koleksiyonlar\u0131n\u0131 ayn\u0131 \u00e7at\u0131 alt\u0131nda modaseverlerle bulu\u015fturuyor. Ma\u011fazan\u0131n eksi ikinci kat\u0131nda a\u00e7\u0131lan Kids departman\u0131; \u00fcnl\u00fc markalar\u0131n t-shirtten ayakkab\u0131ya, elbiseden e\u015fofman tak\u0131mlar\u0131na ve mayolara uzanan tasar\u0131mlar\u0131n\u0131 0-12 ya\u015f grubu \u00e7ocuklara sunuyor.<\/p>\n","protected":false},"excerpt":{"rendered":"<p>BEYMEN N\u0130\u015eANTA\u015eI, YEN\u0130 A\u00c7ILAN K\u0130DS DEPARTMANI \u0130LE D\u00dcNYACA \u00dcNL\u00dc MARKALARIN EN YEN\u0130 \u00c7OCUK KOLEKS\u0130YONLARINI AYNI \u00c7ATI ALTINDA MODASEVERLERLE BULU\u015eTURUYOR.<\/p>\n","protected":false},"author":1,"featured_media":186403,"comment_status":"closed","ping_status":"open","sticky":false,"template":"","format":"standard","meta":{"jetpack_post_was_ever_published":false,"_jetpack_newsletter_access":"","_jetpack_dont_email_post_to_subs":false,"_jetpack_newsletter_tier_id":0,"_jetpack_memberships_contains_paywalled_content":false,"_jetpack_memberships_contains_paid_content":false,"footnotes":"","jetpack_publicize_message":"","jetpack_publicize_feature_enabled":true,"jetpack_social_post_already_shared":true,"jetpack_social_options":{"image_generator_settings":{"template":"highway","default_image_id":0,"font":"","enabled":false},"version":2}},"categories":[656],"tags":[349,353,41513],"class_list":["post-186402","post","type-post","status-publish","format-standard","has-post-thumbnail","hentry","category-kultur-sanat","tag-dunya","tag-cocuklara","tag-sikligi"],"jetpack_publicize_connections":[],"jetpack_featured_media_url":"https:\/\/i0.wp.com\/www.tvturk.com\/wp-content\/uploads\/2019\/07\/cocuklara-dunya-sikligi_ce7dc83.jpg?fit=1000%2C749","jetpack_sharing_enabled":true,"jetpack_shortlink":"https:\/\/wp.me\/paKIfm-Muu","_links":{"self":[{"href":"http:\/\/www.tvturk.com\/index.php\/wp-json\/wp\/v2\/posts\/186402","targetHints":{"allow":["GET"]}}],"collection":[{"href":"http:\/\/www.tvturk.com\/index.php\/wp-json\/wp\/v2\/posts"}],"about":[{"href":"http:\/\/www.tvturk.com\/index.php\/wp-json\/wp\/v2\/types\/post"}],"author":[{"embeddable":true,"href":"http:\/\/www.tvturk.com\/index.php\/wp-json\/wp\/v2\/users\/1"}],"replies":[{"embeddable":true,"href":"http:\/\/www.tvturk.com\/index.php\/wp-json\/wp\/v2\/comments?post=186402"}],"version-history":[{"count":0,"href":"http:\/\/www.tvturk.com\/index.php\/wp-json\/wp\/v2\/posts\/186402\/revisions"}],"wp:featuredmedia":[{"embeddable":true,"href":"http:\/\/www.tvturk.com\/index.php\/wp-json\/wp\/v2\/media\/186403"}],"wp:attachment":[{"href":"http:\/\/www.tvturk.com\/index.php\/wp-json\/wp\/v2\/media?parent=186402"}],"wp:term":[{"taxonomy":"category","embeddable":true,"href":"http:\/\/www.tvturk.com\/index.php\/wp-json\/wp\/v2\/categories?post=186402"},{"taxonomy":"post_tag","embeddable":true,"href":"http:\/\/www.tvturk.com\/index.php\/wp-json\/wp\/v2\/tags?post=186402"}],"curies":[{"name":"wp","href":"https:\/\/api.w.org\/{rel}","templated":true}]}}