{"id":186410,"date":"2019-07-25T16:16:34","date_gmt":"2019-07-25T13:16:34","guid":{"rendered":"http:\/\/www.tvturk.com\/index.php\/vatandaslarin-tepkisi-marzincin-ced-raporu-toplantisini-iptal-ettirdi\/"},"modified":"2019-07-25T16:16:34","modified_gmt":"2019-07-25T13:16:34","slug":"vatandaslarin-tepkisi-marzincin-ced-raporu-toplantisini-iptal-ettirdi","status":"publish","type":"post","link":"http:\/\/www.tvturk.com\/index.php\/vatandaslarin-tepkisi-marzincin-ced-raporu-toplantisini-iptal-ettirdi\/","title":{"rendered":"Vatanda\u015flar\u0131n tepkisi MARZ\u0130NC\u2019in \u00c7ED raporu toplant\u0131s\u0131n\u0131 iptal ettirdi"},"content":{"rendered":"<p>Karab\u00fck\u2019te bulunan Marmara Geri Kazan\u0131m Tesisi (MARZ\u0130NC) kapasite art\u0131r\u0131m \u00e7al\u0131\u015fmalar\u0131 \u00f6ncesi \u00c7evresel Etki De\u011ferlendirme (\u00c7ED) raporu almak i\u00e7in yapaca\u011f\u0131 toplant\u0131 vatanda\u015flar\u0131n yo\u011fun tepkisi nedeniyle iptal edildi.<\/p>\n<p>Organize Sanayi B\u00f6lgesinde kurulan MARZ\u0130NC kapasite art\u0131r\u0131m\u0131 \u00e7al\u0131\u015fmalar\u0131 \u00f6ncesi \u00c7ED raporu almak i\u00e7in resmi ba\u015fvurular\u0131n\u0131 yaparak halk\u0131 bilgilendirmek i\u00e7in toplant\u0131 yapmaya karar verdi. Kurulu\u015f a\u015famas\u0131nda ve daha sonras\u0131nda do\u011fay\u0131 kirletti\u011fi i\u00e7in tepkilere maruz kalan MARZ\u0130NC ger\u00e7ekle\u015ftirmek istedi\u011fi toplant\u0131 \u00f6ncesi \u00f6n\u00fcnde geni\u015f g\u00fcvenlik \u00f6nlemleri al\u0131nd\u0131.<\/p>\n<p>\u00d6nce salona girmek istemediler<\/p>\n<p>Okul bah\u00e7esinde toplanan kalabal\u0131k MARZ\u0130NC\u2019in kapasite art\u0131rma i\u00e7in \u00c7ED raporu almak i\u00e7in ba\u015fvuruyu yapt\u0131ktan sonraki toplant\u0131s\u0131n\u0131 protesto etmek istedi. Salona girmeyerek tepkilerini g\u00f6steren kalabal\u0131k \u201cKarab\u00fck sahipsiz de\u011fildir\u201d, \u201cZehir solumak istemiyoruz\u201d gibi sloganlar att\u0131. Toplant\u0131n\u0131n ger\u00e7ekle\u015fmemesi i\u00e7in salona girmeme karar\u0131 alan kabal\u0131k daha sonra salonda iki ki\u015fi dahi olsa toplant\u0131n\u0131n yap\u0131laca\u011f\u0131n\u0131 \u00f6\u011frenince i\u00e7erideki yerini ald\u0131.<\/p>\n<p>Polis kontrol\u00fcnde salona al\u0131nan kalabal\u0131k i\u00e7eride de tepki g\u00f6stermeye devam etti. MARZ\u0130NC \u00e7al\u0131\u015fanlar\u0131n\u0131n \u00fczerine y\u00fcr\u00fcmeye \u00e7al\u0131\u015fan vatanda\u015flar\u0131 polisler engelledi. Tepkilerin devam etmesi \u00fczerine ger\u00e7ekle\u015ftirilmesi planlanan toplant\u0131 iptal edildi.<\/p>\n","protected":false},"excerpt":{"rendered":"<p>KARAB\u00dcK\u2019TE BULUNAN MARMARA GER\u0130 KAZANIM TES\u0130S\u0130 (MARZ\u0130NC) KAPAS\u0130TE ARTIRIM \u00c7ALI\u015eMALARI \u00d6NCES\u0130 \u00c7EVRESEL ETK\u0130 DE\u011eERLEND\u0130RME (\u00c7ED) RAPORU ALMAK \u0130\u00c7\u0130N YAPACA\u011eI TOPLANTI VATANDA\u015eLARIN YO\u011eUN TEPK\u0130S\u0130 NEDEN\u0130YLE \u0130PTAL ED\u0130LD\u0130.<\/p>\n","protected":false},"author":1,"featured_media":186411,"comment_status":"closed","ping_status":"open","sticky":false,"template":"","format":"standard","meta":{"jetpack_post_was_ever_published":false,"_jetpack_newsletter_access":"","_jetpack_dont_email_post_to_subs":false,"_jetpack_newsletter_tier_id":0,"_jetpack_memberships_contains_paywalled_content":false,"_jetpack_memberships_contains_paid_content":false,"footnotes":"","jetpack_publicize_message":"","jetpack_publicize_feature_enabled":true,"jetpack_social_post_already_shared":true,"jetpack_social_options":{"image_generator_settings":{"template":"highway","default_image_id":0,"font":"","enabled":false},"version":2}},"categories":[1],"tags":[17880,3628,3466,46288,741,9601,291,369],"class_list":["post-186410","post","type-post","status-publish","format-standard","has-post-thumbnail","hentry","category-genel","tag-ced","tag-ettirdi","tag-iptal","tag-marzincin","tag-raporu","tag-tepkisi","tag-toplantisini","tag-vatandaslarin"],"jetpack_publicize_connections":[],"jetpack_featured_media_url":"https:\/\/i0.wp.com\/www.tvturk.com\/wp-content\/uploads\/2019\/07\/vatandaslarin-tepkisi-marzincin-ced-raporu-toplantisini-iptal-ettirdi_2a98918.jpg?fit=1000%2C666","jetpack_sharing_enabled":true,"jetpack_shortlink":"https:\/\/wp.me\/paKIfm-MuC","_links":{"self":[{"href":"http:\/\/www.tvturk.com\/index.php\/wp-json\/wp\/v2\/posts\/186410","targetHints":{"allow":["GET"]}}],"collection":[{"href":"http:\/\/www.tvturk.com\/index.php\/wp-json\/wp\/v2\/posts"}],"about":[{"href":"http:\/\/www.tvturk.com\/index.php\/wp-json\/wp\/v2\/types\/post"}],"author":[{"embeddable":true,"href":"http:\/\/www.tvturk.com\/index.php\/wp-json\/wp\/v2\/users\/1"}],"replies":[{"embeddable":true,"href":"http:\/\/www.tvturk.com\/index.php\/wp-json\/wp\/v2\/comments?post=186410"}],"version-history":[{"count":0,"href":"http:\/\/www.tvturk.com\/index.php\/wp-json\/wp\/v2\/posts\/186410\/revisions"}],"wp:featuredmedia":[{"embeddable":true,"href":"http:\/\/www.tvturk.com\/index.php\/wp-json\/wp\/v2\/media\/186411"}],"wp:attachment":[{"href":"http:\/\/www.tvturk.com\/index.php\/wp-json\/wp\/v2\/media?parent=186410"}],"wp:term":[{"taxonomy":"category","embeddable":true,"href":"http:\/\/www.tvturk.com\/index.php\/wp-json\/wp\/v2\/categories?post=186410"},{"taxonomy":"post_tag","embeddable":true,"href":"http:\/\/www.tvturk.com\/index.php\/wp-json\/wp\/v2\/tags?post=186410"}],"curies":[{"name":"wp","href":"https:\/\/api.w.org\/{rel}","templated":true}]}}