{"id":186442,"date":"2019-07-25T17:01:30","date_gmt":"2019-07-25T14:01:30","guid":{"rendered":"http:\/\/www.tvturk.com\/index.php\/ingiltere-basbakani-johnsondan-kardesine-jest\/"},"modified":"2019-07-25T17:01:30","modified_gmt":"2019-07-25T14:01:30","slug":"ingiltere-basbakani-johnsondan-kardesine-jest","status":"publish","type":"post","link":"http:\/\/www.tvturk.com\/index.php\/ingiltere-basbakani-johnsondan-kardesine-jest\/","title":{"rendered":"\u0130ngiltere Ba\u015fbakan\u0131 Johnson\u2019dan karde\u015fine jest"},"content":{"rendered":"<p>\u0130ngiltere Ba\u015fbakan\u0131 Boris Johnson, karde\u015fi Jo Johnson\u2019\u0131 \u0130\u015f, Enerji ve End\u00fcstriyel Strateji ve E\u011fitimden sorumlu Devlet Bakan\u0131 olarak atad\u0131.<\/p>\n<p>Theresa May\u2019den devrald\u0131\u011f\u0131 g\u00f6reve resmen ba\u015flayan \u0130ngiltere Ba\u015fbakan\u0131 Boris Johnson, kabinesindeki bakanl\u0131klara atamalar\u0131 yapt\u0131. Avrupa Birli\u011fi\u2019nden \u00e7\u0131k\u0131\u015f s\u00fcrecinin anla\u015fmal\u0131 ya da anla\u015fmas\u0131z olarak 31 Mart\u2019ta ger\u00e7ekle\u015fece\u011fini s\u00f6yleyen Johnson, kendine e\u015flik edecek bakanlar\u0131 da belirledi. \u0130ngiltere\u2019nin yeni Ba\u015fbakan\u0131 Boris Johnson, karde\u015fi Jo Johnson\u2019\u0131 \u0130\u015f, Enerji, End\u00fcstriyel Strateji ve E\u011fitimden sorumlu Devlet Bakan\u0131 olarak atad\u0131. Johnson taraf\u0131ndan belirlenen di\u011fer kabine \u00fcyeleri \u015f\u00f6yle:<\/p>\n<p>\u201cBa\u015fbakan Yard\u0131mc\u0131s\u0131 ve D\u0131\u015fi\u015fleri Bakan\u0131, Theresa May\u2019in ilk d\u00f6neminde Avrupa Birli\u011fi\u2019nden \u00c7\u0131k\u0131\u015f Bakan\u0131 olan Dominic Raab.<\/p>\n<p>Maliye Bakan\u0131, daha \u00f6nce K\u00fclt\u00fcr, Medya ve Spor Bakanl\u0131\u011f\u0131, \u0130\u015f, Enerji ve End\u00fcstriyel Strateji Bakanl\u0131\u011f\u0131 g\u00f6revlerini \u00fcstlenmi\u015f olan Sajid Javid.<\/p>\n<p>\u0130\u00e7i\u015fleri Bakan\u0131, daha \u00f6nce Uluslararas\u0131 Kalk\u0131nma Bakanl\u0131\u011f\u0131 g\u00f6revini \u00fcstlenmi\u015f olan Priti Patel.<\/p>\n<p>Savunma Bakan\u0131, daha \u00f6nce Kuzey \u0130rlanda Bakanl\u0131\u011f\u0131 g\u00f6revini \u00fcstlenmi\u015f olan Ben Wallace.<\/p>\n<p>Uluslararas\u0131 Ticaret Bakan\u0131 ve Ticaret Kurulu Ba\u015fkan\u0131, daha \u00f6nceden Adalet Bakanl\u0131\u011f\u0131 ve eski Maliye Bakan\u0131 Yard\u0131mc\u0131l\u0131\u011f\u0131 g\u00f6revlerini \u00fcstlenmi\u015f olan Elizabeth Truss.<\/p>\n<p>Lancaster D\u00fckl\u00fc\u011f\u00fc \u015eans\u00f6lyesi, \u00f6nceden E\u011fitim Bakanl\u0131\u011f\u0131, \u00c7evre, G\u0131da ve K\u0131rsal \u0130\u015fler Bakanl\u0131\u011f\u0131 gibi g\u00f6revler \u00fcstlenen Micheal Gove.<\/p>\n<p>Avrupa Birli\u011fi\u2019nden \u00c7\u0131k\u0131\u015f Bakan\u0131, Stephen Barclay.<\/p>\n<p>Avam Kamaras\u0131 Ba\u015f Denet\u00e7isi ve Hazine Parlamento Sekreteri, Mark Spencer.<\/p>\n<p>E\u011fitim Bakan\u0131 Gavin Williamson&#8221;<\/p>\n","protected":false},"excerpt":{"rendered":"<p>\u0130NG\u0130LTERE BA\u015eBAKANI BORIS JOHNSON, KARDE\u015e\u0130 JO JOHNSON\u2019I \u0130\u015e, ENERJ\u0130 VE END\u00dcSTR\u0130YEL STRATEJ\u0130 VE E\u011e\u0130T\u0130M ALANINDA DEVLET BAKANI OLARAK ATADI.<\/p>\n","protected":false},"author":1,"featured_media":186443,"comment_status":"closed","ping_status":"open","sticky":false,"template":"","format":"standard","meta":{"jetpack_post_was_ever_published":false,"_jetpack_newsletter_access":"","_jetpack_dont_email_post_to_subs":false,"_jetpack_newsletter_tier_id":0,"_jetpack_memberships_contains_paywalled_content":false,"_jetpack_memberships_contains_paid_content":false,"footnotes":"","jetpack_publicize_message":"","jetpack_publicize_feature_enabled":true,"jetpack_social_post_already_shared":true,"jetpack_social_options":{"image_generator_settings":{"template":"highway","default_image_id":0,"font":"","enabled":false},"version":2}},"categories":[10],"tags":[651,838,9223,46303,2540],"class_list":["post-186442","post","type-post","status-publish","format-standard","has-post-thumbnail","hentry","category-dunya","tag-basbakani","tag-ingiltere","tag-jest","tag-johnsondan","tag-kardesine"],"jetpack_publicize_connections":[],"jetpack_featured_media_url":"https:\/\/i0.wp.com\/www.tvturk.com\/wp-content\/uploads\/2019\/07\/ingiltere-basbakani-johnsondan-kardesine-jest_ac11f2c.jpg?fit=960%2C540","jetpack_sharing_enabled":true,"jetpack_shortlink":"https:\/\/wp.me\/paKIfm-Mv8","_links":{"self":[{"href":"http:\/\/www.tvturk.com\/index.php\/wp-json\/wp\/v2\/posts\/186442","targetHints":{"allow":["GET"]}}],"collection":[{"href":"http:\/\/www.tvturk.com\/index.php\/wp-json\/wp\/v2\/posts"}],"about":[{"href":"http:\/\/www.tvturk.com\/index.php\/wp-json\/wp\/v2\/types\/post"}],"author":[{"embeddable":true,"href":"http:\/\/www.tvturk.com\/index.php\/wp-json\/wp\/v2\/users\/1"}],"replies":[{"embeddable":true,"href":"http:\/\/www.tvturk.com\/index.php\/wp-json\/wp\/v2\/comments?post=186442"}],"version-history":[{"count":0,"href":"http:\/\/www.tvturk.com\/index.php\/wp-json\/wp\/v2\/posts\/186442\/revisions"}],"wp:featuredmedia":[{"embeddable":true,"href":"http:\/\/www.tvturk.com\/index.php\/wp-json\/wp\/v2\/media\/186443"}],"wp:attachment":[{"href":"http:\/\/www.tvturk.com\/index.php\/wp-json\/wp\/v2\/media?parent=186442"}],"wp:term":[{"taxonomy":"category","embeddable":true,"href":"http:\/\/www.tvturk.com\/index.php\/wp-json\/wp\/v2\/categories?post=186442"},{"taxonomy":"post_tag","embeddable":true,"href":"http:\/\/www.tvturk.com\/index.php\/wp-json\/wp\/v2\/tags?post=186442"}],"curies":[{"name":"wp","href":"https:\/\/api.w.org\/{rel}","templated":true}]}}