{"id":186448,"date":"2019-07-25T17:16:19","date_gmt":"2019-07-25T14:16:19","guid":{"rendered":"http:\/\/www.tvturk.com\/index.php\/deik-baskani-olpak-finansal-maliyetlerin-dususu-enflasyondaki-dususle-uyumlu-hale-gelmistir\/"},"modified":"2019-07-25T17:16:19","modified_gmt":"2019-07-25T14:16:19","slug":"deik-baskani-olpak-finansal-maliyetlerin-dususu-enflasyondaki-dususle-uyumlu-hale-gelmistir","status":"publish","type":"post","link":"http:\/\/www.tvturk.com\/index.php\/deik-baskani-olpak-finansal-maliyetlerin-dususu-enflasyondaki-dususle-uyumlu-hale-gelmistir\/","title":{"rendered":"DE\u0130K Ba\u015fkan\u0131 Olpak: \u201cFinansal maliyetlerin d\u00fc\u015f\u00fc\u015f\u00fc enflasyondaki d\u00fc\u015f\u00fc\u015fle uyumlu hale gelmi\u015ftir\u201d"},"content":{"rendered":"<p>DE\u0130K Ba\u015fkan\u0131 Nail Olpak, \u201cMerkez Bankas\u0131 Para Politikas\u0131 Kurulu\u2019nun bug\u00fcn politika faizinde yapt\u0131\u011f\u0131 425 baz puan indirimle faiz oran\u0131n\u0131 19.75\u2019e indirmesi olumlu gidi\u015fata uygun bir yakla\u015f\u0131m olmu\u015ftur. Faiz oran\u0131n\u0131n psikolojik s\u0131n\u0131r olan 20\u2019nin alt\u0131na \u00e7ekilmesini ayr\u0131ca \u00f6nemli buluyoruz\u201d dedi.<\/p>\n<p>D\u0131\u015f Ekonomik \u0130li\u015fkiler Kurulu (DE\u0130K) Ba\u015fkan\u0131 Nail Olpak, Merkez Bankas\u0131\u2019n\u0131n faiz indirim karar\u0131 ile ilgili yaz\u0131l\u0131 bir de\u011ferlendirme yapt\u0131.<\/p>\n<p>Olpak de\u011ferlendirmesinde \u015funlar\u0131 kaydetti:<\/p>\n<p>\u201cEnflasyonda devam eden iyile\u015fme finans maliyetlerinin de a\u015fa\u011f\u0131ya do\u011fru \u00e7ekilmesini gerektiriyordu. D\u0131\u015f dengedeki ve k\u00fcresel risk i\u015ftah\u0131ndaki iyile\u015fme bu gereklili\u011fi daha da uygun hale getirmi\u015ftir. Merkez Bankas\u0131 Para Politikas\u0131 Kurulu\u2019nun bug\u00fcn politika faizinde yapt\u0131\u011f\u0131 425 baz puan indirimle faiz oran\u0131n\u0131 19.75\u2019e indirmesi olumlu gidi\u015fata uygun bir yakla\u015f\u0131m olmu\u015ftur. Faiz oran\u0131n\u0131n psikolojik s\u0131n\u0131r olan 20\u2019nin alt\u0131na \u00e7ekilmesini ayr\u0131ca \u00f6nemli buluyoruz.<\/p>\n<p>\u00d6n\u00fcm\u00fczdeki d\u00f6nemde cari a\u00e7\u0131ktaki azalma, enflasyondaki d\u00fc\u015f\u00fc\u015f ve finansal ko\u015fullardaki iyile\u015fme ile ekonomideki kademeli toparlanman\u0131n devam edece\u011fi \u00f6ng\u00f6r\u00fcs\u00fc, i\u015f d\u00fcnyas\u0131n\u0131n g\u00fcveninin per\u00e7inlenmesi a\u00e7\u0131s\u0131ndan b\u00fcy\u00fck \u00f6nem ta\u015f\u0131yor. \u0130\u015f d\u00fcnyas\u0131 olarak, finans sekt\u00f6r\u00fcn\u00fcn de bu kararla uyumlu aksiyon almas\u0131n\u0131 ve Merkez Bankas\u0131\u2019n\u0131n \u00f6n\u00fcm\u00fczdeki d\u00f6nemde piyasa \u015fartlar\u0131na uygun ad\u0131mlar\u0131n\u0131n devam etmesini bekliyoruz. Karar\u0131 olumlu kar\u015f\u0131l\u0131yor ve k\u00fcresel piyasalardan da faiz indirim sinyalleri olaca\u011f\u0131n\u0131 \u00f6ng\u00f6r\u00fcyoruz.\u201d<\/p>\n","protected":false},"excerpt":{"rendered":"<p>DE\u0130K BA\u015eKANI NA\u0130L OLPAK<\/p>\n","protected":false},"author":1,"featured_media":186449,"comment_status":"closed","ping_status":"open","sticky":false,"template":"","format":"standard","meta":{"jetpack_post_was_ever_published":false,"_jetpack_newsletter_access":"","_jetpack_dont_email_post_to_subs":false,"_jetpack_newsletter_tier_id":0,"_jetpack_memberships_contains_paywalled_content":false,"_jetpack_memberships_contains_paid_content":false,"footnotes":"","jetpack_publicize_message":"","jetpack_publicize_feature_enabled":true,"jetpack_social_post_already_shared":true,"jetpack_social_options":{"image_generator_settings":{"template":"highway","default_image_id":0,"font":"","enabled":false},"version":2}},"categories":[19],"tags":[216,15728,5668,46307,46308,16067,46309,1355,33271,29696,8024],"class_list":["post-186448","post","type-post","status-publish","format-standard","has-post-thumbnail","hentry","category-ekonomi","tag-baskani","tag-deik","tag-dususle","tag-dususu","tag-enflasyondaki","tag-finansal","tag-gelmistir","tag-hale","tag-maliyetlerin","tag-olpak","tag-uyumlu"],"jetpack_publicize_connections":[],"jetpack_featured_media_url":"https:\/\/i0.wp.com\/www.tvturk.com\/wp-content\/uploads\/2019\/07\/deik-baskani-olpak-finansal-maliyetlerin-dususu-enflasyondaki-dususle-uyumlu-hale-gelmistir_8a09acc.jpg?fit=1000%2C713","jetpack_sharing_enabled":true,"jetpack_shortlink":"https:\/\/wp.me\/paKIfm-Mve","_links":{"self":[{"href":"http:\/\/www.tvturk.com\/index.php\/wp-json\/wp\/v2\/posts\/186448","targetHints":{"allow":["GET"]}}],"collection":[{"href":"http:\/\/www.tvturk.com\/index.php\/wp-json\/wp\/v2\/posts"}],"about":[{"href":"http:\/\/www.tvturk.com\/index.php\/wp-json\/wp\/v2\/types\/post"}],"author":[{"embeddable":true,"href":"http:\/\/www.tvturk.com\/index.php\/wp-json\/wp\/v2\/users\/1"}],"replies":[{"embeddable":true,"href":"http:\/\/www.tvturk.com\/index.php\/wp-json\/wp\/v2\/comments?post=186448"}],"version-history":[{"count":0,"href":"http:\/\/www.tvturk.com\/index.php\/wp-json\/wp\/v2\/posts\/186448\/revisions"}],"wp:featuredmedia":[{"embeddable":true,"href":"http:\/\/www.tvturk.com\/index.php\/wp-json\/wp\/v2\/media\/186449"}],"wp:attachment":[{"href":"http:\/\/www.tvturk.com\/index.php\/wp-json\/wp\/v2\/media?parent=186448"}],"wp:term":[{"taxonomy":"category","embeddable":true,"href":"http:\/\/www.tvturk.com\/index.php\/wp-json\/wp\/v2\/categories?post=186448"},{"taxonomy":"post_tag","embeddable":true,"href":"http:\/\/www.tvturk.com\/index.php\/wp-json\/wp\/v2\/tags?post=186448"}],"curies":[{"name":"wp","href":"https:\/\/api.w.org\/{rel}","templated":true}]}}