{"id":186456,"date":"2019-07-25T17:17:20","date_gmt":"2019-07-25T14:17:20","guid":{"rendered":"http:\/\/www.tvturk.com\/index.php\/bb-erzurumspor-cenk-ahmet-alkilici-transfer-etti\/"},"modified":"2019-07-25T17:17:20","modified_gmt":"2019-07-25T14:17:20","slug":"bb-erzurumspor-cenk-ahmet-alkilici-transfer-etti","status":"publish","type":"post","link":"http:\/\/www.tvturk.com\/index.php\/bb-erzurumspor-cenk-ahmet-alkilici-transfer-etti\/","title":{"rendered":"BB Erzurumspor Cenk Ahmet Alk\u0131l\u0131\u00e7\u2019\u0131 transfer etti"},"content":{"rendered":"<p>BB Erzurumspor son olarak Alanyaspor\u2019da forma giyen orta saha oyuncusu Cenk Ahmet Alk\u0131l\u0131\u00e7\u2019\u0131 kadrosuna katt\u0131.<\/p>\n<p>TFF 1. Lig ekiplerinden BB Erzurumspor orta saha b\u00f6lgesini 31 ya\u015f\u0131ndaki Cenk Ahmet Alk\u0131l\u0131\u00e7 ile g\u00fc\u00e7lendirdi. Mavi &#8211; Beyazl\u0131 ekibin ge\u00e7en hafta anla\u015fmaya vard\u0131\u011f\u0131 defans b\u00f6lgesinin sa\u011f\u0131nda da oynayabilen Alk\u0131l\u0131\u00e7, bug\u00fcn Erzurum ekibinin D\u00fczce kamp\u0131na kat\u0131ld\u0131.<\/p>\n<p>Alk\u0131l\u0131\u00e7, ge\u00e7ti\u011fimiz sezon Alanyaspor formas\u0131n\u0131 18 kez giyerken tak\u0131m\u0131 ad\u0131na 3\u2019de gol pas\u0131 verdi.<\/p>\n","protected":false},"excerpt":{"rendered":"<p>BB ERZURUMSPOR SON OLARAK ALANYASPOR\u2019DA FORMA G\u0130YEN ORTA SAHA OYUNCUSU CENK AHMET ALKILI\u00c7\u2019I KADROSUNA KATTI.<\/p>\n","protected":false},"author":1,"featured_media":186457,"comment_status":"closed","ping_status":"open","sticky":false,"template":"","format":"standard","meta":{"jetpack_post_was_ever_published":false,"_jetpack_newsletter_access":"","_jetpack_dont_email_post_to_subs":false,"_jetpack_newsletter_tier_id":0,"_jetpack_memberships_contains_paywalled_content":false,"_jetpack_memberships_contains_paid_content":false,"footnotes":"","jetpack_publicize_message":"","jetpack_publicize_feature_enabled":true,"jetpack_social_post_already_shared":true,"jetpack_social_options":{"image_generator_settings":{"template":"highway","default_image_id":0,"font":"","enabled":false},"version":2}},"categories":[657],"tags":[3678,3634,46316,18802,207,2518],"class_list":["post-186456","post","type-post","status-publish","format-standard","has-post-thumbnail","hentry","category-spor","tag-erzurumspor","tag-ahmet","tag-alkilici","tag-cenk","tag-etti","tag-transfer"],"jetpack_publicize_connections":[],"jetpack_featured_media_url":"https:\/\/i0.wp.com\/www.tvturk.com\/wp-content\/uploads\/2019\/07\/bb-erzurumspor-cenk-ahmet-alkilici-transfer-etti_4c5173c.jpg?fit=750%2C673","jetpack_sharing_enabled":true,"jetpack_shortlink":"https:\/\/wp.me\/paKIfm-Mvm","_links":{"self":[{"href":"http:\/\/www.tvturk.com\/index.php\/wp-json\/wp\/v2\/posts\/186456","targetHints":{"allow":["GET"]}}],"collection":[{"href":"http:\/\/www.tvturk.com\/index.php\/wp-json\/wp\/v2\/posts"}],"about":[{"href":"http:\/\/www.tvturk.com\/index.php\/wp-json\/wp\/v2\/types\/post"}],"author":[{"embeddable":true,"href":"http:\/\/www.tvturk.com\/index.php\/wp-json\/wp\/v2\/users\/1"}],"replies":[{"embeddable":true,"href":"http:\/\/www.tvturk.com\/index.php\/wp-json\/wp\/v2\/comments?post=186456"}],"version-history":[{"count":0,"href":"http:\/\/www.tvturk.com\/index.php\/wp-json\/wp\/v2\/posts\/186456\/revisions"}],"wp:featuredmedia":[{"embeddable":true,"href":"http:\/\/www.tvturk.com\/index.php\/wp-json\/wp\/v2\/media\/186457"}],"wp:attachment":[{"href":"http:\/\/www.tvturk.com\/index.php\/wp-json\/wp\/v2\/media?parent=186456"}],"wp:term":[{"taxonomy":"category","embeddable":true,"href":"http:\/\/www.tvturk.com\/index.php\/wp-json\/wp\/v2\/categories?post=186456"},{"taxonomy":"post_tag","embeddable":true,"href":"http:\/\/www.tvturk.com\/index.php\/wp-json\/wp\/v2\/tags?post=186456"}],"curies":[{"name":"wp","href":"https:\/\/api.w.org\/{rel}","templated":true}]}}