{"id":186460,"date":"2019-07-25T17:46:13","date_gmt":"2019-07-25T14:46:13","guid":{"rendered":"http:\/\/www.tvturk.com\/index.php\/ispanyada-sanchez-hukumeti-icin-guven-oylamasinda-ikinci-tur\/"},"modified":"2019-07-25T17:46:13","modified_gmt":"2019-07-25T14:46:13","slug":"ispanyada-sanchez-hukumeti-icin-guven-oylamasinda-ikinci-tur","status":"publish","type":"post","link":"http:\/\/www.tvturk.com\/index.php\/ispanyada-sanchez-hukumeti-icin-guven-oylamasinda-ikinci-tur\/","title":{"rendered":"\u0130spanya\u2019da Sanchez h\u00fck\u00fcmeti i\u00e7in g\u00fcven oylamas\u0131nda ikinci tur"},"content":{"rendered":"<p>Nisan\u2019da yap\u0131lan erken genel se\u00e7im sonras\u0131nda \u0130spanya Ba\u015fbakan\u0131 ve Sosyalist \u0130\u015f\u00e7i Partisi lideri Pedro Sanchez\u2019in kurmak istedi\u011fi az\u0131nl\u0131k h\u00fck\u00fcmeti i\u00e7in bug\u00fcnk\u00fc g\u00fcven oylamas\u0131nda sonu\u00e7 yine olumsuz oldu.<\/p>\n<p>\u0130spanya Ba\u015fbakan\u0131 ve Sosyalist \u0130\u015f\u00e7i Partisi (PSOE) lideri Pedro Sanchez\u2019in, 28 Nisan\u2019da yap\u0131lan erken genel se\u00e7im sonras\u0131nda kurmak istedi\u011fi az\u0131nl\u0131k h\u00fck\u00fcmeti i\u00e7in bug\u00fcnk\u00fc ikinci tur oylamada basit \u00e7o\u011funlu\u011fa ihtiyac\u0131 vard\u0131. 346 milletvekilinin kat\u0131ld\u0131\u011f\u0131 ikinci turda 124 evet, 155 hay\u0131r ve 67 \u00e7ekimser oy kullan\u0131lmas\u0131 neticesinde Sanchez, h\u00fck\u00fcmet kuramayacak.<\/p>\n<p>\u0130lk turun aksine basit \u00e7o\u011funlu\u011fun yeterli olaca\u011f\u0131 ikinci tur oylamas\u0131 \u00f6ncesinde Sanchez, \u201cMevcut parlamento aritmeti\u011fiyle, anla\u015fmalara ihtiya\u00e7 duyuyoruz ama bir anla\u015fma m\u00fcmk\u00fcn de\u011fildi. PSOE\u2019nin soluna bir g\u00fc\u00e7 eklemek i\u00e7in kaybetti\u011fimiz tarihi f\u0131rsat nedeniyle \u00fczg\u00fcn\u00fcm\u201d diyerek yeterince deste\u011fe sahip olmad\u0131\u011f\u0131n\u0131 kabul etmi\u015fti. Sal\u0131 g\u00fcn\u00fc ger\u00e7ekle\u015ftirilen ilk turda, Pedro Sanchez \u00fclkede 28 Nisan\u2019da yap\u0131lan erken genel se\u00e7im sonras\u0131nda kurmak istedi\u011fi az\u0131nl\u0131k h\u00fck\u00fcmeti i\u00e7in ihtiya\u00e7 duydu\u011fu mutlak \u00e7o\u011funlu\u011fun oyunu alamam\u0131\u015ft\u0131. Sal\u0131 g\u00fcn\u00fc 350 vekilden 124\u2019\u00fc evet, 170\u2019i hay\u0131r ve 52\u2019si \u00e7ekimser oy kullan\u0131rken 4 tutuklu vekil oylamaya kat\u0131lamam\u0131\u015ft\u0131.<\/p>\n<p>\u015eimdi ne olacak?<\/p>\n<p>Sanchez\u2019in ikinci turda da hedefledi\u011fi oy oran\u0131na ula\u015famamas\u0131 nedeniyle \u0130spanya, ba\u015fka bir ismin \u00f6nderli\u011finde 23 Eyl\u00fcl\u2019e kadar s\u00fcrebilecek pazarl\u0131klara yeniden ba\u015flayacak. Bug\u00fcnden itibaren, Kongre Y\u00f6netmeli\u011fi\u2019nin 172\u2019nci maddesinde belirtildi\u011fi gibi, taraflar aras\u0131nda yeni bir koalisyon pazarl\u0131\u011f\u0131 ve h\u00fck\u00fcmet kurma \u00e7al\u0131\u015fmalar\u0131 i\u00e7in 60 g\u00fcnl\u00fck s\u00fcre ba\u015fl\u0131yor. 23 Eyl\u00fcl Pazartesi g\u00fcn\u00fc, yeni h\u00fck\u00fcmet kurulabilmesi i\u00e7in son tarih olacak. Anla\u015fma sa\u011flanamamas\u0131 halinde \u0130spanya Kral\u0131 6. Felipe, 24 Eyl\u00fcl\u2019de meclisi feshederek yeniden se\u00e7im duyurusunda bulunacak. Se\u00e7imler i\u00e7in belirlenen 47 g\u00fcnl\u00fck s\u00fcrenin sonu olan 10 Kas\u0131m\u2019da halk yeniden sand\u0131\u011fa gidecek.<\/p>\n<p>PSOE-Unidas Podemos koalisyonu Sanchez i\u00e7in tek ihtimal<\/p>\n<p>A\u015f\u0131r\u0131 solcu Unidas Podemos Partisi\u2019nden gelen koalisyon \u00f6nerisini kabul etmesi, PSOE\u2019nin yeni h\u00fck\u00fcmeti kurabilmesi i\u00e7in tek alternatif olarak g\u00f6z\u00fck\u00fcyor. \u0130kinci turda h\u00fck\u00fcmetin kurulabilmesi i\u00e7in, koalisyon h\u00fck\u00fcmeti kurulmas\u0131n\u0131 \u015fart ko\u015fan ve ilk turda \u00e7ekimser kalan Unidas Podemos, kilit pozisyonda bulunuyor.<\/p>\n<p>PSOE lideri Sanchez, &#8220;turizm, konut ve spor&#8221; bakanl\u0131klar\u0131n\u0131 Unidas Podemos\u2019a \u00f6nerisini &#8220;g\u00f6sterme bir koalisyon&#8221; olarak tan\u0131mlayan Unidas Podemos lideri Pablo Iglesias teklifi reddetti\u011fi \u0130spanyol bas\u0131n\u0131 taraf\u0131ndan \u00f6ne s\u00fcr\u00fcld\u00fc.<\/p>\n<p>PSOE ve Unidas Podemos aras\u0131nda son 48 saat i\u00e7inde bir anla\u015fma sa\u011flanamamas\u0131, bir ilk olacak koalisyon h\u00fck\u00fcmeti \u0130spanya siyaset tarihinde kurulmas\u0131 ihtimalini de ortadan kald\u0131rd\u0131. Dahas\u0131 \u00fclkede, ayr\u0131l\u0131k\u00e7\u0131 Katalan siyasi partilerle sol partilerin \u00f6zellikle ka\u00e7\u0131nd\u0131klar\u0131 yeni bir erken se\u00e7imin daha \u00f6n\u00fc a\u00e7\u0131lacak.<\/p>\n<p>Siyasi belirsizlik s\u00fcr\u00fcyor<\/p>\n<p>Son 4 y\u0131lda 3\u2019\u00fcnc\u00fc kez erken se\u00e7im yap\u0131lan \u0130spanya\u2019da, 28 Nisan\u2019daki se\u00e7imlerden birinci parti \u00e7\u0131kmas\u0131 sebebiyle PSOE lideri Sanchez, 6 Haziran\u2019da \u0130spanya Kral\u0131 6. Felipe taraf\u0131ndan h\u00fck\u00fcmeti kurmakla g\u00f6revlendirmi\u015fti.<\/p>\n<p>Ne sa\u011f ne de sol kanad\u0131n mecliste yeterli \u00e7o\u011funlu\u011fu elde edemedi\u011fi Nisan se\u00e7imleri, \u00fclkedeki siyasi belirsizli\u011fin devam\u0131 olarak yorumlanm\u0131\u015ft\u0131. A\u015f\u0131r\u0131 milliyet\u00e7ili\u011fin yan\u0131 s\u0131ra g\u00f6\u00e7men ve \u0130slam kar\u015f\u0131tlar\u0131 politikas\u0131yla genel se\u00e7imlere kat\u0131larak 24 milletvekili \u00e7\u0131karan a\u015f\u0131r\u0131 sa\u011fc\u0131 Vox Partisi ise girdi\u011fi bu ilk se\u00e7imde \u0130spanya\u2019da yeni bir tehdit olarak de\u011ferlendirilmi\u015fti.<\/p>\n<p>Sanchez, \u00fclkedeki en temel sorunlardan biri olan Katalanlar\u0131n ba\u011f\u0131ms\u0131zl\u0131k taleplerine y\u00f6nelik &#8220;Ayr\u0131l\u0131k de\u011fil birlikte ya\u015fayamamak\u201d cevab\u0131n\u0131 vermi\u015f ve kurulacak h\u00fck\u00fcmetin, &#8220;sosyal adalet, istihdam, e\u011fitim, konut ve y\u00fcksek kira sorunu, cinsiyet e\u015fitli\u011fi ve asgari \u00fccret ile emekli maa\u015flar\u0131nda iyile\u015ftirmeye&#8221; odaklanmas\u0131 gerekti\u011fini savunmu\u015ftu.<\/p>\n","protected":false},"excerpt":{"rendered":"<p>\u0130SPANYA\u2019DA SANCHEZ H\u00dcK\u00dcMET KURMAK \u0130\u00c7\u0130N GEREKL\u0130 OYU ALAMADI<\/p>\n","protected":false},"author":1,"featured_media":186461,"comment_status":"closed","ping_status":"open","sticky":false,"template":"","format":"standard","meta":{"jetpack_post_was_ever_published":false,"_jetpack_newsletter_access":"","_jetpack_dont_email_post_to_subs":false,"_jetpack_newsletter_tier_id":0,"_jetpack_memberships_contains_paywalled_content":false,"_jetpack_memberships_contains_paid_content":false,"footnotes":"","jetpack_publicize_message":"","jetpack_publicize_feature_enabled":true,"jetpack_social_post_already_shared":true,"jetpack_social_options":{"image_generator_settings":{"template":"highway","default_image_id":0,"font":"","enabled":false},"version":2}},"categories":[10],"tags":[1707,11572,44,2087,799,37519,42618,780],"class_list":["post-186460","post","type-post","status-publish","format-standard","has-post-thumbnail","hentry","category-dunya","tag-guven","tag-hukumeti","tag-icin","tag-ikinci","tag-ispanyada","tag-oylamasinda","tag-sanchez","tag-tur"],"jetpack_publicize_connections":[],"jetpack_featured_media_url":"https:\/\/i0.wp.com\/www.tvturk.com\/wp-content\/uploads\/2019\/07\/ispanyada-sanchez-hukumeti-icin-guven-oylamasinda-ikinci-tur_a22728b.jpg?fit=1000%2C666","jetpack_sharing_enabled":true,"jetpack_shortlink":"https:\/\/wp.me\/paKIfm-Mvq","_links":{"self":[{"href":"http:\/\/www.tvturk.com\/index.php\/wp-json\/wp\/v2\/posts\/186460","targetHints":{"allow":["GET"]}}],"collection":[{"href":"http:\/\/www.tvturk.com\/index.php\/wp-json\/wp\/v2\/posts"}],"about":[{"href":"http:\/\/www.tvturk.com\/index.php\/wp-json\/wp\/v2\/types\/post"}],"author":[{"embeddable":true,"href":"http:\/\/www.tvturk.com\/index.php\/wp-json\/wp\/v2\/users\/1"}],"replies":[{"embeddable":true,"href":"http:\/\/www.tvturk.com\/index.php\/wp-json\/wp\/v2\/comments?post=186460"}],"version-history":[{"count":0,"href":"http:\/\/www.tvturk.com\/index.php\/wp-json\/wp\/v2\/posts\/186460\/revisions"}],"wp:featuredmedia":[{"embeddable":true,"href":"http:\/\/www.tvturk.com\/index.php\/wp-json\/wp\/v2\/media\/186461"}],"wp:attachment":[{"href":"http:\/\/www.tvturk.com\/index.php\/wp-json\/wp\/v2\/media?parent=186460"}],"wp:term":[{"taxonomy":"category","embeddable":true,"href":"http:\/\/www.tvturk.com\/index.php\/wp-json\/wp\/v2\/categories?post=186460"},{"taxonomy":"post_tag","embeddable":true,"href":"http:\/\/www.tvturk.com\/index.php\/wp-json\/wp\/v2\/tags?post=186460"}],"curies":[{"name":"wp","href":"https:\/\/api.w.org\/{rel}","templated":true}]}}