{"id":186472,"date":"2019-07-25T18:01:47","date_gmt":"2019-07-25T15:01:47","guid":{"rendered":"http:\/\/www.tvturk.com\/index.php\/kadinlar-plaji-acildi\/"},"modified":"2019-07-25T18:01:47","modified_gmt":"2019-07-25T15:01:47","slug":"kadinlar-plaji-acildi","status":"publish","type":"post","link":"http:\/\/www.tvturk.com\/index.php\/kadinlar-plaji-acildi\/","title":{"rendered":"Kad\u0131nlar plaj\u0131 a\u00e7\u0131ld\u0131"},"content":{"rendered":"<p>Yalova\u2019n\u0131n \u00c7iftlikk\u00f6y il\u00e7esine ba\u011fl\u0131 Ta\u015fk\u00f6pr\u00fc Belediyesi taraf\u0131ndan Kahramankent\u2019te kad\u0131nlara \u00f6zel in\u015fa edilen kad\u0131nlar plaj\u0131 a\u00e7\u0131ld\u0131.<\/p>\n<p>Kahramankent\u2019te ger\u00e7ekle\u015ftirilen a\u00e7\u0131l\u0131\u015fa \u00c7iftlikk\u00f6y Kaymakam\u0131 Cengiz Karabulut, Ta\u015fk\u00f6pr\u00fc Belediye Ba\u015fkan\u0131 \u0130smail Arslan ve Ta\u015fk\u00f6pr\u00fc halk\u0131 kat\u0131ld\u0131. Ta\u015fk\u00f6pr\u00fc\u2019den d\u00fczenli olarak otob\u00fcs seferlerinin g\u00fczergah\u0131 Ba\u015fak Sitesi,  Karayolu, Palmiye, Raif Din\u00e7k\u00f6k Caddesi, Ahmet \u0130svan Caddesi, Fevzi \u00c7akmak Caddesi, Sanayi Caddesi ve Karayolu istikametinden Kahramanken sahiline  ula\u015f\u0131m sa\u011flayacak.<\/p>\n<p>Ba\u015fkan \u0130smail Arslan, \u201cUzun y\u0131llardan beri han\u0131mlar\u0131n beklemi\u015f oldu\u011fu, bizim de 31 Mart se\u00e7imleri \u00f6ncesi verdi\u011fimiz s\u00f6zlerden biri olan kad\u0131nlar plaj\u0131n\u0131 bug\u00fcn hizmete a\u00e7man\u0131n mutlulu\u011funu ya\u015f\u0131yoruz. Beldemizde Dantel sitesi, Zuhal kent , Alt\u0131nkum,  Elmakent tatil siteleri bulunmaktad\u0131r. Bu sitelerimizin sahillerinde kum eleme makinesiyle plajlar\u0131m\u0131z\u0131n temizli\u011fi Ta\u015fk\u00f6pr\u00fc Belediyesi taraf\u0131ndan yap\u0131lm\u0131\u015ft\u0131r. \u015eu an Zuhal kent sitemizde sahil d\u00fczenleme \u00e7al\u0131\u015fmalar\u0131 devam etmektedir. Zuhal kent sitesinden sonra Alt\u0131nkum sitesinde de \u00e7al\u0131\u015fmalara ba\u015flanacakt\u0131r. Hedefimiz sanayi kurulu\u015flar\u0131m\u0131z ve tatil siteleriyle i\u00e7 i\u00e7e ya\u015fad\u0131\u011f\u0131m\u0131z ye\u015fil ve mavinin bulu\u015ftu\u011fu \u015firin beldemizin sahillerinde vatanda\u015flar\u0131m\u0131z\u0131n temiz bir ortamda denize girmelerini sa\u011flayaca\u011f\u0131z. Vatanda\u015flar\u0131m\u0131z\u0131n sahillerimize ula\u015f\u0131m\u0131n\u0131 sa\u011flamam\u0131z i\u00e7in Ta\u015fk\u00f6pr\u00fc-Alt\u0131nkum aras\u0131 gezi treni, Ta\u015fk\u00f6pr\u00fc-Kahramankent aras\u0131 otob\u00fcs seferleri yaz aylar\u0131 boyunca her g\u00fcn d\u00fczenli olarak devam edecektir. Ayr\u0131ca beldemizde di\u011fer hizmetlerimiz ve yat\u0131r\u0131mlar\u0131m\u0131z devam etmektedir. Biz herkes i\u00e7in hizmet diyoruz. Sizlerin mutlulu\u011fu her \u015feye de\u011fer diyorum. Kad\u0131nlar plaj\u0131m\u0131z Ta\u015fk\u00f6pr\u00fc beldemize hay\u0131rl\u0131 ve u\u011furlu olsun diliyorum\u201d dedi.<\/p>\n<p>\u00c7iftlikk\u00f6y Kaymakam\u0131 Cengiz Karabulut, kurdela kesilmesinin ard\u0131ndan kad\u0131nlar plaj\u0131n\u0131 gezdi.  Sahil turu yapan Karabulut, Ta\u015fk\u00f6pr\u00fc Belediye Ba\u015fkan\u0131 \u0130smail Arslan\u2019dan b\u00f6lge hakk\u0131nda bilgi ald\u0131.<\/p>\n","protected":false},"excerpt":{"rendered":"<p>KADINLAR PLAJI<\/p>\n","protected":false},"author":1,"featured_media":186473,"comment_status":"closed","ping_status":"open","sticky":false,"template":"","format":"standard","meta":{"jetpack_post_was_ever_published":false,"_jetpack_newsletter_access":"","_jetpack_dont_email_post_to_subs":false,"_jetpack_newsletter_tier_id":0,"_jetpack_memberships_contains_paywalled_content":false,"_jetpack_memberships_contains_paid_content":false,"footnotes":"","jetpack_publicize_message":"","jetpack_publicize_feature_enabled":true,"jetpack_social_post_already_shared":true,"jetpack_social_options":{"image_generator_settings":{"template":"highway","default_image_id":0,"font":"","enabled":false},"version":2}},"categories":[1],"tags":[288,3104,19194],"class_list":["post-186472","post","type-post","status-publish","format-standard","has-post-thumbnail","hentry","category-genel","tag-acildi","tag-kadinlar","tag-plaji"],"jetpack_publicize_connections":[],"jetpack_featured_media_url":"https:\/\/i0.wp.com\/www.tvturk.com\/wp-content\/uploads\/2019\/07\/kadinlar-plaji-acildi_b069659.jpg?fit=1000%2C562","jetpack_sharing_enabled":true,"jetpack_shortlink":"https:\/\/wp.me\/paKIfm-MvC","_links":{"self":[{"href":"http:\/\/www.tvturk.com\/index.php\/wp-json\/wp\/v2\/posts\/186472","targetHints":{"allow":["GET"]}}],"collection":[{"href":"http:\/\/www.tvturk.com\/index.php\/wp-json\/wp\/v2\/posts"}],"about":[{"href":"http:\/\/www.tvturk.com\/index.php\/wp-json\/wp\/v2\/types\/post"}],"author":[{"embeddable":true,"href":"http:\/\/www.tvturk.com\/index.php\/wp-json\/wp\/v2\/users\/1"}],"replies":[{"embeddable":true,"href":"http:\/\/www.tvturk.com\/index.php\/wp-json\/wp\/v2\/comments?post=186472"}],"version-history":[{"count":0,"href":"http:\/\/www.tvturk.com\/index.php\/wp-json\/wp\/v2\/posts\/186472\/revisions"}],"wp:featuredmedia":[{"embeddable":true,"href":"http:\/\/www.tvturk.com\/index.php\/wp-json\/wp\/v2\/media\/186473"}],"wp:attachment":[{"href":"http:\/\/www.tvturk.com\/index.php\/wp-json\/wp\/v2\/media?parent=186472"}],"wp:term":[{"taxonomy":"category","embeddable":true,"href":"http:\/\/www.tvturk.com\/index.php\/wp-json\/wp\/v2\/categories?post=186472"},{"taxonomy":"post_tag","embeddable":true,"href":"http:\/\/www.tvturk.com\/index.php\/wp-json\/wp\/v2\/tags?post=186472"}],"curies":[{"name":"wp","href":"https:\/\/api.w.org\/{rel}","templated":true}]}}