{"id":186480,"date":"2019-07-25T18:31:49","date_gmt":"2019-07-25T15:31:49","guid":{"rendered":"http:\/\/www.tvturk.com\/index.php\/gmis-genel-baskani-yesil-6-agustos-tarihinde-grev-kararini-bildirecegiz\/"},"modified":"2019-07-25T18:31:49","modified_gmt":"2019-07-25T15:31:49","slug":"gmis-genel-baskani-yesil-6-agustos-tarihinde-grev-kararini-bildirecegiz","status":"publish","type":"post","link":"http:\/\/www.tvturk.com\/index.php\/gmis-genel-baskani-yesil-6-agustos-tarihinde-grev-kararini-bildirecegiz\/","title":{"rendered":"GM\u0130S Genel Ba\u015fkan\u0131 Ye\u015fil: &#8220;6 A\u011fustos tarihinde grev karar\u0131n\u0131 bildirece\u011fiz&#8221;"},"content":{"rendered":"<p>ZONGULDAK (\u0130HA) \u2013 Zonguldak\u2019ta ba\u015fta Enerji ve Tabii Kaynaklar Bakanl\u0131\u011f\u0131na ba\u011fl\u0131 bulunan T\u00fcrkiye Ta\u015fk\u00f6m\u00fcr\u00fc Kurumu\u2019nda \u00f6rg\u00fctl\u00fc bulunan Genel Maden \u0130\u015f\u00e7ileri Sendikas\u0131 (GM\u0130S) Y\u00f6netim Kurulu, Toplu \u0130\u015f S\u00f6zle\u015fmesi\u2019nde anla\u015fmaya var\u0131lmamas\u0131 \u00fczerine 6 A\u011fustos\u2019ta grev karar\u0131n\u0131 bildireceklerini a\u00e7\u0131klad\u0131. GM\u0130S Genel Ba\u015fkan\u0131 Hakan Ye\u015fil, &#8220;25 A\u011fustos\u2019a kadar anla\u015fma sa\u011flanamaz ise TTK\u2019da ve MTA\u2019da greve ba\u015flayaca\u011f\u0131z&#8221; dedi.<\/p>\n<p>Genel Maden \u0130\u015f\u00e7ileri Sendikas\u0131\u2019n\u0131n TTK ve MTA\u2019da Toplu \u0130\u015f S\u00f6zle\u015fmesi\u2019nde h\u00fck\u00fcmetle anla\u015famamas\u0131 \u00fczerine sendika grev s\u00fcrecini ba\u015flatt\u0131\u011f\u0131n\u0131 a\u00e7\u0131klad\u0131. GM\u0130S \u015eemsi Denizer Toplant\u0131 Salonu\u2019nda kalabal\u0131k bir madenci toplulu\u011funa hitap eden GM\u0130S Genel Ba\u015fkan\u0131 Hakan Ye\u015fil, 6 A\u011fustos tarihinde grev karar\u0131n\u0131 bildireceklerini ifade etti. Toplu \u0130\u015f S\u00f6zle\u015fmesi s\u00fcrecini de anlatan Ye\u015fil, &#8220;Bug\u00fcne kadar maden i\u015f\u00e7ileri olarak tek y\u00fcrek, tek ses olup, b\u00f6lge halk\u0131m\u0131z\u0131n t\u00fcm kesimlerinden ald\u0131\u011f\u0131m\u0131z destek ile b\u00fct\u00fcn zorluklar\u0131 a\u015f\u0131p, i\u015fimize, a\u015f\u0131m\u0131za ve gelece\u011fimize sahip \u00e7\u0131kt\u0131k. \u00dclkemiz ekonomisine ve milletimizin refah\u0131na katk\u0131 verdik. Bazen uyar\u0131lar\u0131m\u0131z dikkate al\u0131nd\u0131, bazen sesimizi y\u00fckselterek dikkat \u00e7ektik, bazen eylemler yaparak \u00fclkemizi y\u00f6netenleri uyard\u0131k. Bug\u00fcn burada yine hep birlikte uyar\u0131 g\u00f6revimizi yapmak i\u00e7in topland\u0131k.<\/p>\n<p>H\u00fck\u00fcmetin sesimize kulak vermesini, \u00e7\u00f6z\u00fcm \u00f6nerilerimizi dikkate almas\u0131n\u0131 istiyoruz. Biz, \u00fclkemizin ekonomik ve siyasi sorunlarla bo\u011fu\u015ftu\u011fu b\u00f6yle bir ortamda i\u015f bar\u0131\u015f\u0131n\u0131n da bozulmas\u0131n\u0131 istemiyoruz. Biz, her zaman oldu\u011fu gibi \u00fcretimden yanay\u0131z ve \u00fcretim ekonomisini savunuyoruz. Zonguldak ve TTK a\u00e7\u0131s\u0131ndan bak\u0131ld\u0131\u011f\u0131nda \u015fartlar\u0131n \u00e7ok uygun oldu\u011funu biliyoruz. Ancak 2019 y\u0131lba\u015f\u0131ndan bu yana, yani yakla\u015f\u0131k 7 ayd\u0131r T\u00fcrkiye Ta\u015fk\u00f6m\u00fcr\u00fc Kurumu ve Maden Tetkik Arama Genel M\u00fcd\u00fcrl\u00fc\u011f\u00fc\u2019nde toplu i\u015f s\u00f6zle\u015fmelerimizin bitirilememi\u015f olmas\u0131 \u00e7al\u0131\u015fanlar\u0131, ailelerimizi ve toplumu huzursuz etmektedir. Ramazan Bayram\u0131 ge\u00e7mi\u015f, Kurban Bayram\u0131 yakla\u015fm\u0131\u015f ama s\u00f6zle\u015fmeler h\u00e2l\u00e2 bitmemi\u015ftir. Bayramlar\u0131 bayram tad\u0131nda ya\u015famak her \u015feyden \u00f6nce i\u015f\u00e7ilerimizin, emek\u00e7ilerimizin hakk\u0131d\u0131r. T\u00dcRK-\u0130\u015e b\u00fcnyesinde olu\u015fturdu\u011fumuz Kamu Toplu \u0130\u015f S\u00f6zle\u015fmeleri Koordinasyon Kurulu olarak teklifimizi H\u00fck\u00fcmete sunduk. Teklifimiz son derece hakl\u0131 ve me\u015fru taleplerden olu\u015fmaktad\u0131r. \u00dclkemizdeki enflasyon ger\u00e7e\u011fini ve i\u015fyerlerindeki \u00f6zel konumlar\u0131 dikkate alarak haz\u0131rlad\u0131\u011f\u0131m\u0131z teklifimiz, d\u00fc\u015f\u00fck tutuldu\u011fu iddias\u0131yla baz\u0131 kesimler taraf\u0131ndan ciddi ele\u015ftiriler alm\u0131\u015ft\u0131r. Ancak h\u00fck\u00fcmetin kar\u015f\u0131 teklifinin elle tutulur hi\u00e7bir yan\u0131 yoktur. Biz, kamuda en d\u00fc\u015f\u00fck \u00fccretin 3 bin 500 TL\u2019ye y\u00fckseltilmesini, t\u00fcm \u00e7al\u0131\u015fanlara seyyanen 300 TL zam, ilk alt\u0131 ay i\u00e7in y\u00fczde 15, ikinci, \u00fc\u00e7\u00fcnc\u00fc ve d\u00f6rd\u00fcnc\u00fc alt\u0131 aylar i\u00e7in enflasyon + y\u00fczde 3 refah pay\u0131 talep ettik&#8221; diye konu\u015ftu.<\/p>\n<p>&#8220;GM\u0130S olarak teklifin kabul edilemez oldu\u011funu s\u00f6yledik&#8221;<\/p>\n<p>19 Temmuz 2019 tarihinde GM\u0130S Geni\u015fletilmi\u015f Ba\u015fkanlar Kurulu\u2019nu toplayarak geli\u015fmeleri de\u011ferlendirdiklerini aktaran Ye\u015fil, grev karar\u0131n\u0131 \u015f\u00f6yle a\u00e7\u0131klad\u0131:<\/p>\n<p>&#8220;H\u00fck\u00fcmet ise teklifinde; 3 bin 500 TL alt\u0131nda br\u00fct \u00fccret alanlara seyyanen 60 TL br\u00fct ve birinci alt\u0131 ay y\u00fczde 5, ikinci alt\u0131 ay ise y\u00fczde 4 zam \u00f6nerdi. T\u00dcRK-\u0130\u015e Kamu Toplu \u0130\u015f S\u00f6zle\u015fmeleri Koordinasyon Kurulu ad\u0131na bir a\u00e7\u0131klama yapan T\u00dcRK-\u0130\u015e Genel Ba\u015fkan\u0131 Erg\u00fcn Atalay, bu teklifin tart\u0131\u015f\u0131l\u0131r olmad\u0131\u011f\u0131n\u0131 ve yeni bir teklif bekledi\u011fimizi a\u00e7\u0131klad\u0131. Biz de Genel Maden \u0130\u015f\u00e7ileri Sendikas\u0131 olarak bu teklifin kabul edilemez oldu\u011funu s\u00f6yledik. Bu d\u00fc\u015f\u00fcncelerimizi ilgililere aktard\u0131k. 19 Temmuz 2019 tarihinde Sendikam\u0131z Geni\u015fletilmi\u015f Ba\u015fkanlar Kurulunu toplayarak geli\u015fmeleri de\u011ferlendirdik. Ekonomik krizin faturas\u0131n\u0131 maden i\u015f\u00e7ilerine ve emek\u00e7ilere \u00f6detmek isteyen dayatmalarla, bu s\u00f6zle\u015fmelerin masada bitirilemeyece\u011fi izlenimini edinen Ba\u015fkanlar Kurulumuz, grev haz\u0131rl\u0131klar\u0131na ba\u015flama karar\u0131 ald\u0131. TTK ve MTA\u2019da 60 g\u00fcnl\u00fck grev s\u00fcrecimiz ba\u015flad\u0131. 25 A\u011fustos\u2019a kadar anla\u015fma sa\u011flanamaz ise TTK\u2019da ve MTA\u2019da greve ba\u015flayaca\u011f\u0131z. Ancak, grev karar\u0131n\u0131 en az 6 i\u015fg\u00fcn\u00fc \u00f6nce kar\u015f\u0131 tarafa bildirmek zorunday\u0131z. Bayram tatili ve idari tatil olas\u0131l\u0131\u011f\u0131n\u0131 da dikkate ald\u0131\u011f\u0131m\u0131zda en uygun tarih olarak 6 A\u011fustos 2019 tarihi g\u00f6r\u00fcn\u00fcyor. G\u00f6n\u00fcl ister ki hi\u00e7 bunlara gerek kalmas\u0131n ve toplu i\u015f s\u00f6zle\u015fmelerimiz en k\u0131sa zamanda imzalans\u0131n.&#8221;<\/p>\n","protected":false},"excerpt":{"rendered":"<p>ZONGULDAK&#8217;TA BA\u015eTA ENERJ\u0130 VE TAB\u0130\u0130 KAYNAKLAR BAKANLI\u011eI&#8217;NA BA\u011eLI BULUNAN T\u00dcRK\u0130YE TA\u015eK\u00d6M\u00dcR\u00dc KURUMU&#8217;NDA \u00d6RG\u00dcTL\u00dc BULUNAN GENEL MADEN \u0130\u015e\u00c7\u0130LER\u0130 SEND\u0130KASI Y\u00d6NET\u0130M KURULU, TOPLU \u0130\u015e S\u00d6ZLE\u015eMES\u0130&#8217;NDE ANLA\u015eMAYA VARILMAMASI \u00dcZER\u0130NE 6 A\u011eUSTOS 2019 TAR\u0130H\u0130NDE GREV KARARINI B\u0130LD\u0130RECEKLER\u0130N\u0130 A\u00c7IKLADI. GM\u0130S GENEL BA\u015eKANI HAKAN YE\u015e\u0130L, &#8220;25 A\u011eUSTOS\u2019A KADAR ANLA\u015eMA SA\u011eLANAMAZ \u0130SE TTK\u2019DA VE MTA\u2019DA GREVE BA\u015eLAYACA\u011eIZ&#8221; D\u0130YE KONU\u015eTU.<\/p>\n","protected":false},"author":1,"featured_media":186481,"comment_status":"closed","ping_status":"open","sticky":false,"template":"","format":"standard","meta":{"jetpack_post_was_ever_published":false,"_jetpack_newsletter_access":"","_jetpack_dont_email_post_to_subs":false,"_jetpack_newsletter_tier_id":0,"_jetpack_memberships_contains_paywalled_content":false,"_jetpack_memberships_contains_paid_content":false,"footnotes":"","jetpack_publicize_message":"","jetpack_publicize_feature_enabled":true,"jetpack_social_post_already_shared":true,"jetpack_social_options":{"image_generator_settings":{"template":"highway","default_image_id":0,"font":"","enabled":false},"version":2}},"categories":[1],"tags":[704,17970,216,27024,869,6425,903,12619,2453],"class_list":["post-186480","post","type-post","status-publish","format-standard","has-post-thumbnail","hentry","category-genel","tag-yesil","tag-agustos","tag-baskani","tag-bildirecegiz","tag-genel","tag-gmis","tag-grev","tag-kararini","tag-tarihinde"],"jetpack_publicize_connections":[],"jetpack_featured_media_url":"https:\/\/i0.wp.com\/www.tvturk.com\/wp-content\/uploads\/2019\/07\/gmis-genel-baskani-yesil-6-agustos-tarihinde-grev-kararini-bildirecegiz_7f04a7d.jpg?fit=1000%2C666","jetpack_sharing_enabled":true,"jetpack_shortlink":"https:\/\/wp.me\/paKIfm-MvK","_links":{"self":[{"href":"http:\/\/www.tvturk.com\/index.php\/wp-json\/wp\/v2\/posts\/186480","targetHints":{"allow":["GET"]}}],"collection":[{"href":"http:\/\/www.tvturk.com\/index.php\/wp-json\/wp\/v2\/posts"}],"about":[{"href":"http:\/\/www.tvturk.com\/index.php\/wp-json\/wp\/v2\/types\/post"}],"author":[{"embeddable":true,"href":"http:\/\/www.tvturk.com\/index.php\/wp-json\/wp\/v2\/users\/1"}],"replies":[{"embeddable":true,"href":"http:\/\/www.tvturk.com\/index.php\/wp-json\/wp\/v2\/comments?post=186480"}],"version-history":[{"count":0,"href":"http:\/\/www.tvturk.com\/index.php\/wp-json\/wp\/v2\/posts\/186480\/revisions"}],"wp:featuredmedia":[{"embeddable":true,"href":"http:\/\/www.tvturk.com\/index.php\/wp-json\/wp\/v2\/media\/186481"}],"wp:attachment":[{"href":"http:\/\/www.tvturk.com\/index.php\/wp-json\/wp\/v2\/media?parent=186480"}],"wp:term":[{"taxonomy":"category","embeddable":true,"href":"http:\/\/www.tvturk.com\/index.php\/wp-json\/wp\/v2\/categories?post=186480"},{"taxonomy":"post_tag","embeddable":true,"href":"http:\/\/www.tvturk.com\/index.php\/wp-json\/wp\/v2\/tags?post=186480"}],"curies":[{"name":"wp","href":"https:\/\/api.w.org\/{rel}","templated":true}]}}