{"id":186486,"date":"2019-07-25T19:16:36","date_gmt":"2019-07-25T16:16:36","guid":{"rendered":"http:\/\/www.tvturk.com\/index.php\/milletvekili-yagcidan-baskan-sahine-demek-ki-biz-bir-seyler-yapmisiz-ki-bu-millet-3-donem-bize-oy-vermis\/"},"modified":"2019-07-25T19:16:36","modified_gmt":"2019-07-25T16:16:36","slug":"milletvekili-yagcidan-baskan-sahine-demek-ki-biz-bir-seyler-yapmisiz-ki-bu-millet-3-donem-bize-oy-vermis","status":"publish","type":"post","link":"http:\/\/www.tvturk.com\/index.php\/milletvekili-yagcidan-baskan-sahine-demek-ki-biz-bir-seyler-yapmisiz-ki-bu-millet-3-donem-bize-oy-vermis\/","title":{"rendered":"Milletvekili Ya\u011fc\u0131\u2019dan Ba\u015fkan \u015eahin\u2019e: &#8220;Demek ki biz bir \u015feyler yapm\u0131\u015f\u0131z ki bu millet 3 d\u00f6nem bize oy vermi\u015f&#8221;"},"content":{"rendered":"<p>AK Parti Bilecik Milletvekili Selim Ya\u011fc\u0131, CHP\u2019li Bilecik Belediye Ba\u015fkan\u0131 Semih \u015eahin\u2019in &#8220;AK Parti Bilecik\u2019te 15 y\u0131l hi\u00e7bir \u015fey yapmam\u0131\u015f&#8221; s\u00f6z\u00fcn\u00fc &#8221; Demek ki biz bir \u015feyler yapm\u0131\u015f\u0131z ki bu millet 3 d\u00f6nem bize oy vermi\u015f\u201d ifadeleriyle ele\u015ftirerek, \u201cSadece g\u00fcl\u00fcyorum. \u015eimdi ba\u015fkan\u0131m\u0131z\u0131n talihsiz beyan\u0131n\u0131 ben de dinledim. Y\u00fcr\u00fcd\u00fc\u011f\u00fc yola baksa, i\u00e7ti\u011fi suya baksa, \u0131s\u0131nd\u0131\u011f\u0131 gaza baksa. \u00c7ocuklar\u0131n oynad\u0131\u011f\u0131 parkalara baksa&#8221; dedi.<\/p>\n<p>15 y\u0131l Bilecik Belediye Ba\u015fkanl\u0131\u011f\u0131 yapmas\u0131n\u0131n ard\u0131ndan ge\u00e7ti\u011fimiz Haziran ay\u0131nda AK Parti Bilecik Milletvekili olan Selim Ya\u011fc\u0131, Bilecik Belediye Ba\u015fkan\u0131 se\u00e7ilen Semih \u015eahin\u2019in &#8220;AK Parti Bilecik\u2019te 15 y\u0131l hi\u00e7 bir \u015fey yapmam\u0131\u015f&#8221; s\u00f6z\u00fcn\u00fc ele\u015ftirdi. Belediye ba\u015fkanl\u0131\u011f\u0131 zaman\u0131nda yani 15 y\u0131lda Bilecik\u2019e bir\u00e7ok eser kazand\u0131rd\u0131\u011f\u0131 anlatan Ya\u011fc\u0131, &#8220;Hizmet vermeye \u00e7al\u0131\u015ft\u0131\u011f\u0131 binaya baksa, \u015fuanda pazarlamaya \u00e7al\u0131\u015ft\u0131\u011f\u0131 ve etraf\u0131ndakilere pe\u015fke\u015f \u00e7ekti\u011fi eserlere baksa, K\u00fclt\u00fcr ve Kongre Merkezine baksa, kapal\u0131 pazara baksa, otogara baksa, Ya\u015fayan \u015eehir M\u00fczesine baksa veya \u00e7\u0131ksa e\u011fer \u00e7\u0131kt\u0131 m\u0131 onu da bilmiyorum at\u00f6lyeye baksa biliyorsunuz at\u00f6lyelerimiz daha \u00f6nceden kamyonlar\u0131n \u00e7al\u0131nd\u0131\u011f\u0131 yol \u00fczerindeydi. 15 y\u0131lda ne yap\u0131ld\u0131\u011f\u0131n\u0131 ortaya koyar. Bunu s\u00f6ylemek haddini bilmemek demektir ve bunu b\u00f6yle demek Bilecik halk\u0131n\u0131n sa\u011fduyusuyla basiretiyle ferasetiyle alay etmek demektir. Ben rastgele se\u00e7ilen bir belediye ba\u015fkan\u0131 de\u011filim. Demek ki biz bir \u015feyler yapm\u0131\u015f\u0131z ki bu millet kendi isteklerinin kar\u015f\u0131land\u0131\u011f\u0131n\u0131 g\u00f6rm\u00fc\u015f ki 3 d\u00f6nem bize oy vermi\u015f.  Son se\u00e7ime de ben belediye ba\u015fkan aday\u0131 olarak girmedim. Onun i\u00e7in bu milletin vermi\u015f oldu\u011fu karara sayg\u0131s\u0131zl\u0131k bir defa. Bir defa se\u00e7ilir ve 5 y\u0131l i\u00e7erisinde bir \u015fey yapmad\u0131 derse. Millet be\u011fenmi\u015f takdir etmi\u015f ki bir kere daha se\u00e7mi\u015f. Tekrar be\u011fenmi\u015f ve takdir etmi\u015f ki bir kere daha se\u00e7mi\u015f ve buna ili\u015fkin olarak zaten bizim milletimiz bizim hakk\u0131m\u0131zdaki karar\u0131 vermi\u015f. Daha hi\u00e7tir \u015feyi ispat etmemi\u015f ve bu memlekete hi\u00e7bir \u00e7ivi \u00e7akmam\u0131\u015f belediye ba\u015fkan\u0131n\u0131n kendi icraatlar\u0131n\u0131 ve kendi kimli\u011fini ortaya koymadan yapacaklar\u0131n\u0131 ortaya koymadan ge\u00e7mi\u015fini yok sayan karalayan a\u011f\u0131z ve dil olmas\u0131 tamamen basiretsizlik ve talihsizlik olarak g\u00f6r\u00fcyorum&#8221; dedi.<\/p>\n<p>&#8220;Olumsuz \u015feyler olsa dahi her zaman te\u015fekk\u00fcr etmi\u015fizdir&#8221;<\/p>\n<p>Ya\u011fc\u0131, Ba\u015fkan \u015eahin\u2019in zaman i\u00e7erisinde kendisi de yapt\u0131\u011f\u0131 bu hatalar\u0131 ve eksiklikleri anlayaca\u011f\u0131n\u0131 ve bunlar\u0131 telafi edece\u011fini umdu\u011funu s\u00f6yleyerek, &#8220;Ge\u00e7mi\u015fte yap\u0131lanlar\u0131 takdir etmek ve ge\u00e7mi\u015fteki y\u00f6neticilerin hakk\u0131n\u0131 teslim etmek bir sonraki d\u00f6nem ge\u00e7mi\u015fe sayg\u0131 g\u00f6stermek kendine de bundan sonra ki s\u00fcre\u00e7te sayg\u0131s\u0131zl\u0131\u011f\u0131n yolunu a\u00e7ar. Biz bu \u015fehirde 15 y\u0131l belediye ba\u015fkanl\u0131\u011f\u0131 yapt\u0131k. Kendimizden olan t\u00fcm belediye ba\u015fkan\u0131 b\u00fcy\u00fcklerimizi ve arkada\u015flar\u0131m\u0131z\u0131 her zaman olumlu c\u00fcmlelerle yad etmi\u015fizdir. Olumsuz \u015feyler olsa dahi her zaman te\u015fekk\u00fcr etmi\u015fizdir. \u015eehre yapt\u0131klar\u0131 hizmetler sebebiyle \u015f\u00fckranlar\u0131m\u0131z\u0131 sunmu\u015fuz. Ben ilk belediye ba\u015fkan\u0131 se\u00e7ildi\u011fimde 15 y\u0131l \u00f6nce t\u00fcm belediye ba\u015fkanlar\u0131n\u0131 davet ettim. Fikirlere ili\u015fkin olarak bu \u015fehrin geli\u015fimi noktas\u0131nda bana sunabilece\u011finiz bir \u00f6neri var m\u0131 diye. \u00c7\u00fcnk\u00fc belediye ba\u015fkanlar\u0131 bir \u015fehrin tarihsel haf\u0131zas\u0131d\u0131r. Bizim bu \u015fehirde ya\u015fad\u0131\u011f\u0131m\u0131z nice \u015feylerimiz var&#8221; dedi.<\/p>\n<p>&#8220;Ayinesi i\u015ftir ki\u015finin lafa bak\u0131lmaz, mazeretle de \u015fehir y\u00f6netilmez&#8221;<\/p>\n<p>AK Parti Bilecik Milletvekili Selim Ya\u011fc\u0131, Bilecik Belediye Ba\u015fkan\u0131 Semih \u015eahin\u2019e tavsiyelerde bulunarak, &#8220;Ayinesi i\u015ftir ki\u015finin lafa bak\u0131lmaz, mazeretle de \u015fehir y\u00f6netilmez. Tarihi mazeret bildirenler de\u011fil, cesaretle y\u00fcr\u00fcy\u00fcp sonuca erenler yazar. Bizim Bilecik halk\u0131na sayg\u0131m\u0131z sonsuz. Bu d\u00f6nem i\u00e7erisinde g\u00f6revi \u00e7ok de\u011ferli ba\u015fkana verdik. Ba\u015fkan \u015fehirde olan her \u015feyin sorumlusudur. Devlette devaml\u0131l\u0131k vard\u0131r. Eskiden \u015fu yap\u0131lm\u0131\u015ft\u0131r, bu yap\u0131lm\u0131\u015ft\u0131r demek hak ve haddine sahip de\u011fil. Bizde devir ald\u0131k  bu belediyeyi o zamanda da vahimdi i\u015fler. Ama hi\u00e7bir zaman kamuoyu kar\u015f\u0131s\u0131na da \u00e7\u0131karak \u015fu \u015f\u00f6yledir, bu b\u00f6yledir demiyoruz. G\u00fcc\u00fcm\u00fcz\u00fc daha fazla kullanarak o ge\u00e7mi\u015f s\u00fcre\u00e7te bir yanl\u0131\u015fl\u0131k ve eksiklik yap\u0131ld\u0131ysa onu kapatman\u0131n \u00e7abas\u0131 ve gayreti i\u00e7erisinde oluyoruz. Bu belediyeler ge\u00e7mi\u015fte de bor\u00e7suz s\u0131k\u0131nt\u0131s\u0131z belediyeler de\u011fildi. Hani bir belediye olur s\u0131f\u0131r bor\u00e7 olur, biz geliriz o belediyeyi bor\u00e7land\u0131r\u0131r\u0131z olumsuz y\u00f6netiriz o zaman su\u00e7lars\u0131n\u0131z. \u015eimdi bir belediyeyi gelirinin 9 kat\u0131 bor\u00e7la devir al\u0131p b\u00fct\u00e7esinin 9 kat\u0131 bor\u00e7la devir al\u0131p yakla\u015f\u0131k bu kadar yat\u0131r\u0131m\u0131 yap\u0131p 500 milyon civar\u0131ndaki bu kadar yat\u0131r\u0131m\u0131 yap\u0131p ondan sonra da gelirinin bir misli kadar olmayan bir bor\u00e7la devir etmek bor\u00e7land\u0131rmak anlam\u0131na m\u0131 gelir&#8221; dedi.<\/p>\n<p>&#8220;Belediyeler ucu a\u00e7\u0131k bir yer de\u011fil&#8221;<\/p>\n<p>AK Parti Bilecik Milletvekili Selim Ya\u011fc\u0131, 2004 y\u0131l\u0131nda Bilecik Belediye Ba\u015fkan\u0131 se\u00e7ildi\u011finde personel gideri belediye gelirinin y\u00fczde 58 oldu\u011funu s\u00f6yledi. Kendilerinin belediye devretti\u011fi zaman bu oran\u0131n y\u00fczde 18\u2019e d\u00fc\u015ft\u00fc\u011f\u00fcn\u00fc anlatan Ya\u011fc\u0131, s\u00f6zlerine \u015f\u00f6yle devam etti:<\/p>\n<p>&#8220;G\u00f6rece\u011fiz, \u015fuanda eleman al\u0131yorlarsa biz personel giderini d\u00fc\u015f\u00fcrd\u00fc\u011f\u00fcm\u00fczden. 110 civar\u0131 \u00e7al\u0131\u015fan al\u0131rsa bu belediyenin asfalt\u0131 yapmaya bile g\u00fcc\u00fc kalmaz. Bizim gayretimiz ve \u00e7abam\u0131z bundand\u0131r. \u00c7\u00fcnk\u00fc belediyenin gelirleri zaten s\u0131n\u0131rl\u0131. Belediyeler ucu a\u00e7\u0131k bir yer de\u011fil. Belediyeler \u00e7ok gelir getirici faaliyetler yapamazlar ve sen bu paray\u0131 iyi kullanmas\u0131n\u0131 beceremezsen ve yat\u0131r\u0131m paras\u0131n\u0131 insana yat\u0131r\u0131rsan personelleri insanlar\u0131 memnun etmeye yat\u0131r\u0131rsan topluma haks\u0131zl\u0131k yapars\u0131n. Yar\u0131n bir g\u00fcn \u015fuan ki g\u00f6rd\u00fc\u011f\u00fcm \u015fey e\u011fer b\u00fct\u00e7eyi d\u00fczenlemeyi ba\u015faramazlarsa yar\u0131n bir g\u00fcn s\u0131k\u0131nt\u0131 ya\u015farlar. Ben burada bu i\u015fi yapm\u0131\u015f bir insan olarak durumu g\u00f6r\u00fcyorum. Bunu yok borca veya \u015funa buna kimsenin yormaya ve de\u011ferlendirmeye hakk\u0131 yok. E\u011fer ger\u00e7ekten bu planlar\u0131 ve programlar\u0131 zaman ge\u00e7iyor. Siyasette de zaman fazla ge\u00e7er. Bir an \u00f6nce Bilecikli hem\u015fehrilerimizin hak etti\u011fi hizmetleri sunma \u00e7abas\u0131 ve gayreti i\u00e7erisinde olurlarsa biz bundan mutluluk duyar\u0131z.&#8221;<\/p>\n<p>&#8220;\u015eehrin genelini kapsayacak bir projesini bir \u00e7al\u0131\u015fmas\u0131n\u0131 hen\u00fcz g\u00f6rmedim&#8221;<\/p>\n<p>AK Parti Bilecik Milletvekili Selim Ya\u011fc\u0131, Bilecik Belediye Ba\u015fkan\u0131 Semih \u015eahin\u2019in g\u00f6reve geldi\u011finden bu yana bir icraat yapmad\u0131\u011f\u0131 anlatarak, &#8220;Belediyede onu ona vermek, bunu de\u011fi\u015ftirmek, bunu atmak, \u00f6b\u00fcrk\u00fcn\u00fc farkl\u0131 noktaya g\u00f6t\u00fcrmek d\u0131\u015f\u0131nda \u015fuanda say\u0131n ba\u015fkan\u0131m \u015fehrin genelini kapsayacak bir projesini bir \u00e7al\u0131\u015fmas\u0131n\u0131 hen\u00fcz g\u00f6rmedim. Biz say\u0131n ba\u015fkan\u0131n kar\u015f\u0131s\u0131nda de\u011filiz. 15 y\u0131l belediye ba\u015fkanl\u0131\u011f\u0131 yapm\u0131\u015f bir milletvekili olarak Bilecik halk\u0131 lehine olan her i\u015fte o g\u00fcnde sosyal medya hesab\u0131mda bildirdim. Bilecik\u2019in faydas\u0131na olan her \u015feyde halk\u0131m\u0131za da s\u00f6yl\u00fcyorum, belediye \u00e7al\u0131\u015fmalar\u0131nda yanlar\u0131nday\u0131z. Ama yanl\u0131\u015flar\u0131 da s\u00f6yleme durumundan da hi\u00e7bir zaman ka\u00e7\u0131nmay\u0131z. Bizim Bilecik\u2019in lehine olacak, Bilecik\u2019i kazand\u0131racak bir projeye hay\u0131r demeyiz. \u00c7\u00fcnk\u00fc biz \u015fehri kaybettirmemek i\u00e7in u\u011fra\u015f\u0131yoruz. Burada \u015fehrin kaybetti\u011fi zaman\u0131 telafi etmek m\u00fcmk\u00fcn de\u011fil. Bu yar\u0131\u015f\u0131 15 y\u0131l ayn\u0131 yerlere getirmeye \u00e7ok \u00e7abalad\u0131k. Bilecik \u015fimdi ger\u00e7ekten \u00f6n konpartmana ula\u015ft\u0131. Bunu geri noktalara att\u0131rmamak laz\u0131m. Bu gayret i\u00e7erisinde olmak laz\u0131m. Buna ili\u015fkin de gayret ve lokomotif g\u00f6revi belediye ba\u015fkan\u0131na d\u00fc\u015fer.  Boz\u00fcy\u00fck Belediye Ba\u015fkan\u0131m\u0131z oda CHP\u2019li Talat bey geldi ihtiya\u00e7lar\u0131 konu\u015ftu. Ama belediye ba\u015fkan\u0131m\u0131z bize ili\u015fkin olarak daha ithamlar, iftiralar d\u0131\u015f\u0131nda bir defa nezaketen telefon a\u00e7arak vekilim siz bu \u015fehirde 15 y\u0131l belediye ba\u015fkanl\u0131\u011f\u0131 yapt\u0131n\u0131z. \u015eu konudaki d\u00fc\u015f\u00fcnceniz nedir veya \u015fu konuda bizim deste\u011fe ihtiyac\u0131m\u0131z var, bu konuda bizim \u00f6n\u00fcm\u00fcz\u00fc t\u0131kamay\u0131n diye bir \u015fey demedi ki&#8221; dedi.<\/p>\n<p>&#8220;\u0130stenmeyen bir \u015feyde biz neyin yard\u0131m\u0131n\u0131 yapaca\u011f\u0131z&#8221;<\/p>\n<p>AK Parti Bilecik Milletvekili Selim Ya\u011fc\u0131, Bilecik Belediyesi olarak kendisinden \u015fuana kadar hi\u00e7 bir \u015fey istenmedi\u011fi s\u00f6yledi \u0130stenmeyen bir \u015feyde kendilerinin neyin yard\u0131m\u0131n\u0131 yapacaklar\u0131n\u0131 ifade eden Ya\u011fc\u0131, s\u00f6zlerine \u015f\u00f6yle devam etti:<\/p>\n<p>&#8220;Sadece duyuyoruz. Eskiden \u015fu yap\u0131lm\u0131\u015f, bu yap\u0131lm\u0131\u015f ne varsa \u00e7\u0131kars\u0131nlar. Biz topluma da hakk\u0131n huzurunda da halk\u0131n huzurunda da her zaman hesap vermeye haz\u0131r\u0131z. Her zaman dedim, 15 y\u0131l\u0131n ben 15 saniyesine kadar hesab\u0131n\u0131 veririm. O konuda hi\u00e7 endi\u015femiz yok. Kimin elinde ne varsa \u00e7\u0131kars\u0131n. Ama onlar \u015fuanda 4 ay\u0131n hesab\u0131n\u0131 zor verdiler. Biz \u00e7al\u0131\u015fan adam\u0131n \u00e7al\u0131\u015fmas\u0131n\u0131 engelleyecek bir tav\u0131r i\u00e7erisinde olmad\u0131k olmay\u0131z. Biz usulde nezaketten geri kalmak istemiyoruz ama geri planda bunlara ili\u015fkin olarak arkada\u015f\u0131n konu\u015fmalar\u0131 aras\u0131nda s\u0131k\u0131\u015ft\u0131rd\u0131\u011f\u0131 c\u00fcmleler itham edici, iftira edici ve rencide edici. Hakaretleri hep ge\u00e7mi\u015fi su\u00e7lay\u0131\u015f\u0131. Ge\u00e7mi\u015fte hesapla\u015fmaya y\u00f6nelik olarak bir insan\u0131n ge\u00e7mi\u015fi su\u00e7layabilmesi i\u00e7in yeni bir \u015feyler yapmas\u0131 laz\u0131m. Hem \u015fehri marka \u015fehir yapaca\u011f\u0131m diyorsun, hem de markalar\u0131 \u00f6ne \u00e7\u0131karmak i\u00e7in yap\u0131lan tesisleri sanki \u00e7ok ihtiya\u00e7 varm\u0131\u015f gibi gen\u00e7lik lokallerine d\u00f6nd\u00fcr\u00fcld\u00fc. Bunlar do\u011fru yakla\u015f\u0131mlar de\u011fil. \u015eehri turizm \u015fehri yapacaksan, marka \u015fehir yapacaksan bizim eksi\u011fimiz varsa daha fazlas\u0131n\u0131 yap. Oras\u0131 yetmiyorsa daha b\u00fcy\u00fc\u011f\u00fcn\u00fc yap. Mesela biz 7 \u00fcr\u00fcne patent ald\u0131k. Sen 47 yap. Bilecik\u2019e \u00f6zg\u00fc marka olu\u015ftur.&#8221;<\/p>\n<p>&#8220;Sen \u015fehirde haks\u0131z bir rekabet olu\u015fturuyorsun&#8221;<\/p>\n<p>Ya\u011fc\u0131, Bilecik Belediye Ba\u015fkan\u0131 Semih \u015eahin\u2019in kentte haks\u0131z bir rekabet olu\u015fturdu\u011funu iddia ederek, &#8220;Sen \u015fehirde haks\u0131z bir rekabet olu\u015fturuyorsun. Kamuoyuna da hi\u00e7bir bildiri yapm\u0131yorsun. Bu haks\u0131zl\u0131k de\u011fil mi? Toplumun ortak kullanaca\u011f\u0131 bir alan\u0131 bir \u015fahsa veriyorsun ve buna ili\u015fkin de kamuoyuna ayd\u0131nlat\u0131c\u0131 bir tane beyan ve a\u00e7\u0131klama yok. Bunun i\u00e7in de AK Parti\u2019nin a\u00e7\u0131klama yapmas\u0131na gerek yok. Biz \u015fehri k\u0131rmadan ve d\u00f6kmeden kar\u015f\u0131m\u0131zdaki insan\u0131 rencide etmeden do\u011fru \u015feyleri s\u00f6ylemeye devam edece\u011fiz. Biz isteriz ki kar\u015f\u0131m\u0131zdaki insanlar\u0131n da ayn\u0131 nezakette ayn\u0131 zarafette olsun. Biz burada a\u00e7\u0131\u011f\u0131z ve toplumun \u00f6n\u00fcndeyiz. Toplumun kar\u015f\u0131s\u0131nda defalarca imtihan vermi\u015f ve hesap vermi\u015f insanlar\u0131z. Adaletin kar\u015f\u0131s\u0131nda da veririz \u00e7ekinece\u011fimiz hi\u00e7bir \u015fey yok. 15 y\u0131l bu g\u00f6revi yapm\u0131\u015f bir insan olarak bu noktada hi\u00e7bir s\u0131k\u0131nt\u0131m\u0131z hi\u00e7bir derdimiz yok ama b\u00f6yle geriye y\u00f6nelik itham edici konu\u015fmalar\u0131n yerine art\u0131k 1 Nisan\u2019dan itibaren \u015fehirde olan t\u00fcm eksiklikler, fazlal\u0131klar ve di\u011fer \u015feyler ba\u015fkan ve ekibine aittir. Sorumlulu\u011fu kendisine aittir&#8221; dedi.<\/p>\n<p>&#8220;EDS\u2019lerden bu ay 600 bin lira para geldi. Hi\u00e7 konu\u015fmuyorsun onu&#8221;<\/p>\n<p>AK Parti Bilecik Milletvekili Selim Ya\u011fc\u0131, Semih \u015eahin\u2019in belediyenin art\u0131lar\u0131n\u0131 \u00e7ok iyi kulland\u0131\u011f\u0131n\u0131 ama eksilere niye sahip \u00e7\u0131kmad\u0131\u011f\u0131n\u0131 sorarak, &#8220;Bizim d\u00f6nemimizde yap\u0131lan, \u00f6deme emri g\u00f6nderilen sat\u0131lan veya tahakkuk edilen \u015feylerin paras\u0131n\u0131 topluyorsun. Hi\u00e7 konu\u015fmuyorsun. EDS\u2019lere ili\u015fkin olarak kald\u0131raca\u011f\u0131m diyordun bu ay yine 600 bin lira para geldi. Hi\u00e7 konu\u015fmuyorsun onu al\u0131yorsun koyuyorsun cebine. EDS\u2019leri zaten kald\u0131ramaz. \u00c7\u00fcnk\u00fc o sistem karayollar\u0131na ve trafi\u011fe ait bir sistem. Gelir getiren \u015feye ili\u015fkin olarak hi\u00e7 konu\u015fmuyorsun. Veya gelir getirece\u011fini biliyorsun. \u015eurada yap\u0131lan in\u015faat\u0131 devam ettiriyorsun ama \u00f6b\u00fcrk\u00fclerine bahane buluyorsun. Bu do\u011fru bir yakla\u015f\u0131m de\u011fil ki. \u015euradaki in\u015faat bitti\u011finde bizim yakla\u015f\u0131k 60 milyon borcumuz vard\u0131r. Bitti\u011finde zaten \u015furadan 35 milyon gelir e\u011fer do\u011fru yap\u0131l\u0131rsa. Ama buradaki y\u00f6resel lezzetlerdeki gibi birine sat\u0131p ba\u015fka birine para kazand\u0131racak anlay\u0131\u015f\u0131 ile olu\u015fursa tabi o toplamaz.  Biz belediye d\u00fckkanlar\u0131 \u00fczerinden para kazan\u0131ld\u0131\u011f\u0131 d\u00f6nemleri ya\u015fad\u0131k. Belediyenin imkanlar\u0131n\u0131 kullanarak kendileriyle haks\u0131z rekabet yap\u0131lacak bir grup t\u00fcketmek. Buna kamuoyuna da bilgi vermeden bu i\u015fleri yap\u0131yorlar. Sessizli\u011fimiz bizim efendili\u011fimizden. Bunun herkes k\u0131ymetini bilsin. E\u011fer T\u00fcrkiye\u2019de Bilecik Belediyesi\u2019nin 1 Nisan itibariyle teslim edilen b\u00fct\u00e7esinde daha iyi olan belediye b\u00fct\u00e7esi bir elin parma\u011f\u0131n\u0131 ge\u00e7mez&#8221; dedi.<\/p>\n<p>&#8220;Gider ricada bulunur Ankara\u2019dan hep kendim 30-40 ki\u015fi  fazla al\u0131rd\u0131m&#8221;<\/p>\n<p>AK Parti Bilecik Milletvekili Selim Ya\u011fc\u0131, Semih \u015eahin\u2019in Toplum Yarar\u0131na Program (TYP) kapsam\u0131nda belediyeye \u00e7al\u0131\u015fan alamad\u0131klar\u0131n\u0131 s\u00f6ylemlerine T\u00fcrkiye\u2019de de Bilecik\u2019te de yeni bir toplum yarar\u0131na \u00e7al\u0131\u015fma program\u0131 projesi konulmad\u0131\u011f\u0131 s\u00f6yledi. Bilecik\u2019te bu noktada da\u011f\u0131t\u0131m yapt\u0131\u011f\u0131m\u0131z bir \u015fey olmad\u0131\u011f\u0131n\u0131 anlatan Ya\u011fc\u0131 s\u00f6zlerine \u015f\u00f6yle devam etti:<\/p>\n<p>&#8220;Sadece ne oldu? Bunlar\u0131n daha \u00f6nceden 87 i\u015f\u00e7isi varken, 45 g\u00fcn varken buraya 200 i\u015f\u00e7i geldi. Biz daha \u00f6nceki d\u00f6nemlerde G\u00f6lpazar\u0131, S\u00f6\u011f\u00fct Belediyesi gibi belediyelere vermemi\u015fizdir. Bu 200 i\u015f\u00e7inin yakla\u015f\u0131k 100 tanesini valili\u011fe b\u0131rakt\u0131k, kalan 100 tanesini de G\u00f6lpazar\u0131 ve S\u00f6\u011f\u00fct gibi belediyelere verdik. Onun d\u0131\u015f\u0131nda burada ba\u015fka bir program olmad\u0131. E\u011fer yar\u0131n bir program olursa biz belediyenin hakk\u0131n\u0131 g\u00f6z ard\u0131 etmeyiz. Ama \u00f6nceki gibi de olmaz. Mutlaka oraya bir say\u0131 koyar\u0131z. Ben belediye ba\u015fkanl\u0131\u011f\u0131mda da genel da\u011f\u0131t\u0131m\u0131n d\u0131\u015f\u0131nda Ankara\u2019dan hep kendim 30-40 tane fazla al\u0131rd\u0131m. Gider ricada bulunur \u00f6yle al\u0131rd\u0131m. \u0130ktidar belediyesi olman\u0131n avantaj\u0131 budur. Millette bunu biliyor ki oylar\u0131n\u0131 bize verdi. \u015euanda da bu arkada\u015f\u0131n iktidar olmad\u0131\u011f\u0131 halde bunu becerece\u011fi i\u00e7in bunlara verdi. \u015eimdi niye a\u011fl\u0131yorlar? Yani olmayan bir \u015feyi biz nas\u0131l verelim.&#8221;<\/p>\n<p>&#8220;Cami yap\u0131lacak bir yeri barlar soka\u011f\u0131 olarak d\u00fc\u015f\u00fcnmek imkans\u0131z&#8221;<\/p>\n<p>Ya\u011fc\u0131, son olarak kendileri zaman\u0131nda Abd\u00fclhamit Han Camii ve alt\u0131 projesi oldu\u011funu anlatarak, &#8220;Oras\u0131 bir ibadethane yeri orada bir de\u011fi\u015fiklik yap\u0131lamaz. Bunun dillenmesi bile topluma sayg\u0131s\u0131zl\u0131k. Cami yap\u0131lacak bir yeri barlar soka\u011f\u0131 olarak d\u00fc\u015f\u00fcnmek imkans\u0131z. G\u00fcnlerce meclisi y\u00f6netmedi. Kendisine daha sonradan yaz\u0131 geldikten sonra meclisi y\u00f6netti. Yalan s\u00f6yl\u00fcyor \u00f6yle diyece\u011fim art\u0131k, yok di\u015fim falan. Yani di\u015finde s\u0131k\u0131nt\u0131 olan bir insan samimi bir \u015fekilde meclise \u00e7\u0131kar. Arkada\u015flar benim meclisi y\u00f6netmem gerekir.  Ama di\u015fimde bir rahats\u0131zl\u0131k var izniniz olursa ba\u015fkan vekilimiz y\u00f6netsin. Bende yeni ba\u015fkan oldu\u011fum i\u00e7in burada oturay\u0131m, sorular\u0131n\u0131z\u0131 cevaplayay\u0131m der. Kendisi bunun b\u00f6yle olabilece\u011fine bunun usul\u00fcn\u00fcn ayk\u0131r\u0131 oldu\u011funu s\u00f6yl\u00fcyordu. Ama bug\u00fcn devlet taraf\u0131ndan yapt\u0131\u011f\u0131 toplant\u0131lar ge\u00e7ersiz oldu denilince \u00e7\u0131k\u0131p gayet de meclisi y\u00f6netiyor. Y\u00f6netmek de de\u011fil, insanlar\u0131 susturuyor. Biz 15 y\u0131ll\u0131k belediye meclis y\u00f6netimimizde bir tane arkada\u015f\u0131m\u0131za sus, sen otur, konu\u015famazs\u0131n demedik. K\u0131zm\u0131\u015f\u0131zd\u0131r, kar\u015f\u0131l\u0131k vermi\u015fizdir sert konu\u015fmu\u015fuzdur ama hi\u00e7 kimsenin senin hakk\u0131n\u0131 elinden al\u0131yorum, meclis kapanm\u0131\u015ft\u0131r ve bitmi\u015ftir gibi bir s\u00f6ylem i\u00e7erisinde olmad\u0131k. Oradaki \u015fah\u0131s meclis \u00fcyesi de\u011fil Bilecik halk\u0131d\u0131r&#8221; dedi.<\/p>\n","protected":false},"excerpt":{"rendered":"<p>AK PART\u0130 B\u0130LEC\u0130K M\u0130LLETVEK\u0130L\u0130 SEL\u0130M YA\u011eCI, CHP&#8217;L\u0130 B\u0130LEC\u0130K BELED\u0130YE BA\u015eKANI SEM\u0130H \u015eAH\u0130N&#8217;\u0130N &#8220;AK PART\u0130 B\u0130LEC\u0130K&#8217;TE 15 YIL H\u0130\u00c7B\u0130R \u015eEY YAPMAMI\u015e&#8221; S\u00d6Z\u00dcN\u00dc &#8221; DEMEK K\u0130 B\u0130Z B\u0130R \u015eEYLER YAPMI\u015eIZ K\u0130 BU M\u0130LLET 3 D\u00d6NEM B\u0130ZE OY VERM\u0130\u015e\u201d \u0130FADELER\u0130YLE ELE\u015eT\u0130REREK, \u201cSADECE G\u00dcL\u00dcYORUM. \u015e\u0130MD\u0130 BA\u015eKANIMIZIN TAL\u0130HS\u0130Z BEYANINI BEN DE D\u0130NLED\u0130M. Y\u00dcR\u00dcD\u00dc\u011e\u00dc YOLA BAKSA, \u0130\u00c7T\u0130\u011e\u0130 SUYA BAKSA, ISINDI\u011eI GAZA BAKSA. \u00c7OCUKLARIN OYNADI\u011eI PARKALARA BAKSA&#8221; DED\u0130.<\/p>\n","protected":false},"author":1,"featured_media":186487,"comment_status":"closed","ping_status":"open","sticky":false,"template":"","format":"standard","meta":{"jetpack_post_was_ever_published":false,"_jetpack_newsletter_access":"","_jetpack_dont_email_post_to_subs":false,"_jetpack_newsletter_tier_id":0,"_jetpack_memberships_contains_paywalled_content":false,"_jetpack_memberships_contains_paid_content":false,"footnotes":"","jetpack_publicize_message":"","jetpack_publicize_feature_enabled":true,"jetpack_social_post_already_shared":true,"jetpack_social_options":{"image_generator_settings":{"template":"highway","default_image_id":0,"font":"","enabled":false},"version":2}},"categories":[1],"tags":[100,125,1322,5972,21616,1530,3276,542,9611,46319,24873,40701,46320],"class_list":["post-186486","post","type-post","status-publish","format-standard","has-post-thumbnail","hentry","category-genel","tag-baskan","tag-bir","tag-biz","tag-bize","tag-demek","tag-donem","tag-millet","tag-milletvekili","tag-sahine","tag-seyler","tag-vermis","tag-yagcidan","tag-yapmisiz"],"jetpack_publicize_connections":[],"jetpack_featured_media_url":"https:\/\/i0.wp.com\/www.tvturk.com\/wp-content\/uploads\/2019\/07\/milletvekili-yagcidan-baskan-sahine-demek-ki-biz-bir-seyler-yapmisiz-ki-bu-millet-3-donem-bize-oy-vermis_5bc903a.jpg?fit=620%2C410","jetpack_sharing_enabled":true,"jetpack_shortlink":"https:\/\/wp.me\/paKIfm-MvQ","_links":{"self":[{"href":"http:\/\/www.tvturk.com\/index.php\/wp-json\/wp\/v2\/posts\/186486","targetHints":{"allow":["GET"]}}],"collection":[{"href":"http:\/\/www.tvturk.com\/index.php\/wp-json\/wp\/v2\/posts"}],"about":[{"href":"http:\/\/www.tvturk.com\/index.php\/wp-json\/wp\/v2\/types\/post"}],"author":[{"embeddable":true,"href":"http:\/\/www.tvturk.com\/index.php\/wp-json\/wp\/v2\/users\/1"}],"replies":[{"embeddable":true,"href":"http:\/\/www.tvturk.com\/index.php\/wp-json\/wp\/v2\/comments?post=186486"}],"version-history":[{"count":0,"href":"http:\/\/www.tvturk.com\/index.php\/wp-json\/wp\/v2\/posts\/186486\/revisions"}],"wp:featuredmedia":[{"embeddable":true,"href":"http:\/\/www.tvturk.com\/index.php\/wp-json\/wp\/v2\/media\/186487"}],"wp:attachment":[{"href":"http:\/\/www.tvturk.com\/index.php\/wp-json\/wp\/v2\/media?parent=186486"}],"wp:term":[{"taxonomy":"category","embeddable":true,"href":"http:\/\/www.tvturk.com\/index.php\/wp-json\/wp\/v2\/categories?post=186486"},{"taxonomy":"post_tag","embeddable":true,"href":"http:\/\/www.tvturk.com\/index.php\/wp-json\/wp\/v2\/tags?post=186486"}],"curies":[{"name":"wp","href":"https:\/\/api.w.org\/{rel}","templated":true}]}}