{"id":186488,"date":"2019-07-25T20:01:52","date_gmt":"2019-07-25T17:01:52","guid":{"rendered":"http:\/\/www.tvturk.com\/index.php\/kicdaroglu-chp-calistayinin-yapilacagi-otele-giris-yapti\/"},"modified":"2019-07-25T20:01:52","modified_gmt":"2019-07-25T17:01:52","slug":"kicdaroglu-chp-calistayinin-yapilacagi-otele-giris-yapti","status":"publish","type":"post","link":"http:\/\/www.tvturk.com\/index.php\/kicdaroglu-chp-calistayinin-yapilacagi-otele-giris-yapti\/","title":{"rendered":"K\u0131\u00e7daro\u011flu, CHP \u00c7al\u0131\u015ftay\u0131\u2019n\u0131n yap\u0131laca\u011f\u0131 otele giri\u015f yapt\u0131"},"content":{"rendered":"<p>Afyonkarahisar\u2019\u0131n Sand\u0131kl\u0131 il\u00e7esinde ger\u00e7ekle\u015ftirilecek \u00e7al\u0131\u015ftay i\u00e7in CHP Genel Ba\u015fkan\u0131 Kemal K\u0131l\u0131\u00e7daro\u011flu, Afyonkarahisar\u2019a geldi.<\/p>\n<p>Afyonkarahisar\u2019\u0131n Sand\u0131kl\u0131 il\u00e7esinde yap\u0131lacak olan Cumhuriyet Halk Partisi (CHP) \u00e7al\u0131\u015ftay\u0131 i\u00e7in yap\u0131lan haz\u0131rl\u0131klar\u0131n tamamlanmas\u0131n\u0131n ard\u0131ndan Genel Ba\u015fkan K\u0131l\u0131\u00e7daro\u011flu, \u00e7al\u0131\u015ftay\u0131n yap\u0131laca\u011f\u0131 otele giri\u015f yapt\u0131. K\u0131l\u0131\u00e7daro\u011flu, 27 Temmuz Cumartesi g\u00fcn\u00fcne kadar devam edecek olan \u00e7al\u0131\u015ftay i\u00e7in geldi\u011fi otelde belediye ba\u015fkanlar\u0131 taraf\u0131ndan kar\u015f\u0131land\u0131.<\/p>\n<p>K\u0131l\u0131\u00e7daro\u011flu, \u00e7al\u0131\u015ftay\u0131n yar\u0131nki oturumunda a\u00e7\u0131l\u0131\u015f konu\u015fmas\u0131n\u0131 yapacak ve son g\u00fcnde yine kapan\u0131\u015f konu\u015fmas\u0131yla belediye ba\u015fkanlar\u0131na seslenecek.<\/p>\n","protected":false},"excerpt":{"rendered":"<p>AFYONKARAH\u0130SAR\u2019IN SANDIKLI \u0130L\u00c7ES\u0130NDE GER\u00c7EKLE\u015eT\u0130R\u0130LECEK \u00c7ALI\u015eTAY \u0130\u00c7\u0130N CHP GENEL BA\u015eKANI KEMAL KILI\u00c7DARO\u011eLU AFYONKARAH\u0130SAR\u2019A GELD\u0130.<\/p>\n","protected":false},"author":1,"featured_media":186489,"comment_status":"closed","ping_status":"open","sticky":false,"template":"","format":"standard","meta":{"jetpack_post_was_ever_published":false,"_jetpack_newsletter_access":"","_jetpack_dont_email_post_to_subs":false,"_jetpack_newsletter_tier_id":0,"_jetpack_memberships_contains_paywalled_content":false,"_jetpack_memberships_contains_paid_content":false,"footnotes":"","jetpack_publicize_message":"","jetpack_publicize_feature_enabled":true,"jetpack_social_post_already_shared":true,"jetpack_social_options":{"image_generator_settings":{"template":"highway","default_image_id":0,"font":"","enabled":false},"version":2}},"categories":[1],"tags":[46322,30,2256,46321,7983,28689,292],"class_list":["post-186488","post","type-post","status-publish","format-standard","has-post-thumbnail","hentry","category-genel","tag-calistayinin","tag-chp","tag-giris","tag-kicdaroglu","tag-otele","tag-yapilacagi","tag-yapti"],"jetpack_publicize_connections":[],"jetpack_featured_media_url":"https:\/\/i0.wp.com\/www.tvturk.com\/wp-content\/uploads\/2019\/07\/kicdaroglu-chp-calistayinin-yapilacagi-otele-giris-yapti_ff07669.jpg?fit=1000%2C562","jetpack_sharing_enabled":true,"jetpack_shortlink":"https:\/\/wp.me\/paKIfm-MvS","_links":{"self":[{"href":"http:\/\/www.tvturk.com\/index.php\/wp-json\/wp\/v2\/posts\/186488","targetHints":{"allow":["GET"]}}],"collection":[{"href":"http:\/\/www.tvturk.com\/index.php\/wp-json\/wp\/v2\/posts"}],"about":[{"href":"http:\/\/www.tvturk.com\/index.php\/wp-json\/wp\/v2\/types\/post"}],"author":[{"embeddable":true,"href":"http:\/\/www.tvturk.com\/index.php\/wp-json\/wp\/v2\/users\/1"}],"replies":[{"embeddable":true,"href":"http:\/\/www.tvturk.com\/index.php\/wp-json\/wp\/v2\/comments?post=186488"}],"version-history":[{"count":0,"href":"http:\/\/www.tvturk.com\/index.php\/wp-json\/wp\/v2\/posts\/186488\/revisions"}],"wp:featuredmedia":[{"embeddable":true,"href":"http:\/\/www.tvturk.com\/index.php\/wp-json\/wp\/v2\/media\/186489"}],"wp:attachment":[{"href":"http:\/\/www.tvturk.com\/index.php\/wp-json\/wp\/v2\/media?parent=186488"}],"wp:term":[{"taxonomy":"category","embeddable":true,"href":"http:\/\/www.tvturk.com\/index.php\/wp-json\/wp\/v2\/categories?post=186488"},{"taxonomy":"post_tag","embeddable":true,"href":"http:\/\/www.tvturk.com\/index.php\/wp-json\/wp\/v2\/tags?post=186488"}],"curies":[{"name":"wp","href":"https:\/\/api.w.org\/{rel}","templated":true}]}}