{"id":186508,"date":"2019-07-25T22:01:29","date_gmt":"2019-07-25T19:01:29","guid":{"rendered":"http:\/\/www.tvturk.com\/index.php\/abdnin-yeni-savunma-bakani-esper-yemin-etti\/"},"modified":"2019-07-25T22:01:29","modified_gmt":"2019-07-25T19:01:29","slug":"abdnin-yeni-savunma-bakani-esper-yemin-etti","status":"publish","type":"post","link":"http:\/\/www.tvturk.com\/index.php\/abdnin-yeni-savunma-bakani-esper-yemin-etti\/","title":{"rendered":"ABD\u2019nin yeni Savunma Bakan\u0131 Esper yemin etti"},"content":{"rendered":"<p>ABD Ordusundan emekli Mark Thomas Esper, Pentagon\u2018da d\u00fczenlenen t\u00f6renle yeni Savunma Bakan\u0131 olarak yemin etti.<\/p>\n<p>Pantegon\u2019da yeni Savunma Bakan\u0131 Mark Thomas Esper i\u00e7in d\u00fczenlenen yemin t\u00f6renine ABD Ba\u015fkan\u0131 Donald Trump, Baskan Yard\u0131mc\u0131s\u0131 Mike Pence\u2019in yan\u0131 s\u0131ra bakan ve \u00e7ok say\u0131da devlet erkan\u0131 kat\u0131ld\u0131. Ba\u015fkan Trump t\u00f6rende yapt\u0131\u011f\u0131 a\u00e7\u0131klamada, yeni Savunma Bakan\u0131 Esper \u00f6nderli\u011finde ABD ordusunun daha bask\u0131n olaca\u011f\u0131na inand\u0131\u011f\u0131n\u0131 s\u00f6yledi.<\/p>\n<p>\u201cBug\u00fcn ordumuz her zamankinden \u00e7ok daha g\u00fc\u00e7l\u00fc\u201d<\/p>\n<p>ABD Ba\u015fkan\u0131 Donald Trump, t\u00f6rende yapt\u0131\u011f\u0131 konu\u015fmada \u201cMark Thomas Esper\u2019in ordumuzun ihtilaf\u0131 cayd\u0131rmak ve herhangi bir d\u00fc\u015fman\u0131 yenmek i\u00e7in tamamen haz\u0131rl\u0131kl\u0131 olmas\u0131n\u0131 sa\u011flayaca\u011f\u0131na eminim. Hi\u00e7bir ordu Amerikan donanmas\u0131, Hava Kuvvetleri, Sahil G\u00fcvenlik ve Amerika Birle\u015fik Devletleri Deniz Kuvvetlerinin m\u00fcthi\u015f g\u00fcc\u00fcyle uyu\u015fmuyor. Bug\u00fcn ordumuz her zamankinden \u00e7ok daha g\u00fc\u00e7l\u00fc ve \u00fc\u00e7 y\u0131l \u00f6nce, bunu s\u00f6yleyemezdik. Sava\u015f sava\u015f\u00e7\u0131lar\u0131m\u0131za, y\u0131llarca s\u00fcren ve b\u00fct\u00e7e kesintilerinden sonra ezici bir g\u00fc\u00e7le m\u00fccadele etmek ve kazanmak i\u00e7in ihtiya\u00e7 duyduklar\u0131 ara\u00e7lar\u0131 her t\u00fcrl\u00fc yard\u0131mlar\u0131 veriyoruz. Herkesten daha fazlas\u0131n\u0131 yapt\u0131k\u201d \u015feklinde konu\u015ftu.<\/p>\n<p>Yeni Savunma Bakan\u0131n\u0131 Mark Thomas Esper ise, t\u00f6rende yapt\u0131\u011f\u0131 konu\u015fmada, ABD silahl\u0131 kuvvetlerinin t\u00fcm zorluklarla y\u00fczle\u015fmeye ve m\u00fccadeleye haz\u0131r olaca\u011f\u0131n\u0131 belirterek ABD Uzay G\u00fcc\u00fc\u2019n\u00fcn ba\u015far\u0131l\u0131 olaca\u011f\u0131 s\u00f6z\u00fcn\u00fc verdi.<\/p>\n<p>Pentagon\u2019da d\u00fczenlenen t\u00f6rene B\u00fcy\u00fckel\u00e7i K\u0131l\u0131\u00e7\u2019da kat\u0131ld\u0131<\/p>\n<p>ABD\u2019nin yeni Savunma Bakan\u0131 Mark Thomas Esper\u2019in yemin t\u00f6renine T\u00fcrkiye\u2019nin Washington B\u00fcy\u00fckel\u00e7isi Serdar K\u0131l\u0131\u00e7\u2019ta da kat\u0131ld\u0131 B\u00fcy\u00fckel\u00e7i K\u0131l\u0131\u00e7, sosyal medya hesab\u0131ndan yapt\u0131\u011f\u0131 a\u00e7\u0131klamada \u201cABD\u2019nin yeni Savunma Bakan\u0131 Mark Thomas Esper\u2019in bug\u00fcn Pentagon\u2019da yap\u0131lan g\u00f6reve ba\u015flama t\u00f6renine kat\u0131ld\u0131k. Ba\u015far\u0131 ve g\u00f6rev s\u00fcresinin ili\u015fkilerimizde olumlu geli\u015fmelerin ya\u015fanaca\u011f\u0131 bir d\u00f6nem olmas\u0131 dileklerimi kendisiyle payla\u015ft\u0131m\u201d ifadelerini kulland\u0131.<\/p>\n","protected":false},"excerpt":{"rendered":"<p>ABD ORDUSUNDAN EMEKL\u0130 MARK THOMAS ESPER, PENTAGON\u2018DA D\u00dcZENLENEN T\u00d6RENLE YEN\u0130 SAVUNMA BAKANI OLARAK YEM\u0130N ETT\u0130.<\/p>\n","protected":false},"author":1,"featured_media":186509,"comment_status":"closed","ping_status":"open","sticky":false,"template":"","format":"standard","meta":{"jetpack_post_was_ever_published":false,"_jetpack_newsletter_access":"","_jetpack_dont_email_post_to_subs":false,"_jetpack_newsletter_tier_id":0,"_jetpack_memberships_contains_paywalled_content":false,"_jetpack_memberships_contains_paid_content":false,"footnotes":"","jetpack_publicize_message":"","jetpack_publicize_feature_enabled":true,"jetpack_social_post_already_shared":true,"jetpack_social_options":{"image_generator_settings":{"template":"highway","default_image_id":0,"font":"","enabled":false},"version":2}},"categories":[10],"tags":[3078,933,46327,207,33,5575,87],"class_list":["post-186508","post","type-post","status-publish","format-standard","has-post-thumbnail","hentry","category-dunya","tag-abdnin","tag-bakani","tag-esper","tag-etti","tag-savunma","tag-yemin","tag-yeni"],"jetpack_publicize_connections":[],"jetpack_featured_media_url":"https:\/\/i0.wp.com\/www.tvturk.com\/wp-content\/uploads\/2019\/07\/abdnin-yeni-savunma-bakani-esper-yemin-etti_b89d3d5.jpg?fit=560%2C420","jetpack_sharing_enabled":true,"jetpack_shortlink":"https:\/\/wp.me\/paKIfm-Mwc","_links":{"self":[{"href":"http:\/\/www.tvturk.com\/index.php\/wp-json\/wp\/v2\/posts\/186508","targetHints":{"allow":["GET"]}}],"collection":[{"href":"http:\/\/www.tvturk.com\/index.php\/wp-json\/wp\/v2\/posts"}],"about":[{"href":"http:\/\/www.tvturk.com\/index.php\/wp-json\/wp\/v2\/types\/post"}],"author":[{"embeddable":true,"href":"http:\/\/www.tvturk.com\/index.php\/wp-json\/wp\/v2\/users\/1"}],"replies":[{"embeddable":true,"href":"http:\/\/www.tvturk.com\/index.php\/wp-json\/wp\/v2\/comments?post=186508"}],"version-history":[{"count":0,"href":"http:\/\/www.tvturk.com\/index.php\/wp-json\/wp\/v2\/posts\/186508\/revisions"}],"wp:featuredmedia":[{"embeddable":true,"href":"http:\/\/www.tvturk.com\/index.php\/wp-json\/wp\/v2\/media\/186509"}],"wp:attachment":[{"href":"http:\/\/www.tvturk.com\/index.php\/wp-json\/wp\/v2\/media?parent=186508"}],"wp:term":[{"taxonomy":"category","embeddable":true,"href":"http:\/\/www.tvturk.com\/index.php\/wp-json\/wp\/v2\/categories?post=186508"},{"taxonomy":"post_tag","embeddable":true,"href":"http:\/\/www.tvturk.com\/index.php\/wp-json\/wp\/v2\/tags?post=186508"}],"curies":[{"name":"wp","href":"https:\/\/api.w.org\/{rel}","templated":true}]}}