{"id":186518,"date":"2019-07-25T23:01:29","date_gmt":"2019-07-25T20:01:29","guid":{"rendered":"http:\/\/www.tvturk.com\/index.php\/belcikada-termometreler-40-dereceyi-asti\/"},"modified":"2019-07-25T23:01:29","modified_gmt":"2019-07-25T20:01:29","slug":"belcikada-termometreler-40-dereceyi-asti","status":"publish","type":"post","link":"http:\/\/www.tvturk.com\/index.php\/belcikada-termometreler-40-dereceyi-asti\/","title":{"rendered":"Bel\u00e7ika\u2019da termometreler 40 dereceyi a\u015ft\u0131"},"content":{"rendered":"<p>BR\u00dcKSEL (\u0130HA) \u2013 S\u0131cak hava dalgas\u0131 Avrupa\u2019y\u0131 etkisi alt\u0131na al\u0131rken Bel\u00e7ika\u2019da termometreler 40 derecenin \u00fczerini g\u00f6sterdi.<\/p>\n<p>Bel\u00e7ika\u2019n\u0131n Kleine-Brogel b\u00f6lgesinde d\u00fcn 39.9 dereceyle \u00fclke tarihinin 1947\u2019den bu yana en y\u00fcksek s\u0131cakl\u0131\u011f\u0131 \u00f6l\u00e7\u00fclm\u00fc\u015ft\u00fc. Ayn\u0131 b\u00f6lgede bug\u00fcn ise g\u00f6lgede s\u0131cakl\u0131k 40.6 derece olarak \u00f6l\u00e7\u00fcld\u00fc.<\/p>\n<p>\u00dclkenin ba\u015fkenti Br\u00fcksel\u2019de de s\u0131cakl\u0131klar\u0131 \u00f6l\u00e7mek i\u00e7in \u00e7e\u015fitli b\u00f6lgelerde s\u0131cakl\u0131k \u00f6l\u00e7\u00fcmleri yap\u0131ld\u0131.  Atomium b\u00f6lgesinde g\u00fcne\u015fte 43 derece s\u0131cakl\u0131k \u00f6l\u00e7\u00fcl\u00fcrken Grand-Place\u2019ta ise 14.00 civar\u0131nda termometreler 50 dereceye ula\u015ft\u0131.<\/p>\n<p>S\u0131ca\u011fa raylar bile dayanamad\u0131<\/p>\n<p>Hollanda\u2019dan Bel\u00e7ika\u2019ya gelen bir h\u0131zl\u0131 tren \u00fclkenin Malines kenti yak\u0131nlar\u0131nda, raylarda s\u0131cakl\u0131ktan kaynaklanan bir bozula nedeniyle durduruldu. 300 yolcu 2 saat boyunca klimalar\u0131 \u00e7al\u0131\u015fmayan trende beklemek zorunda kald\u0131. Baz\u0131 yolcular ise valizlerini alarak trenden inmeyi ve raylar \u00fczerinde y\u00fcr\u00fcmeyi tercih etti.  Daha sonra birka\u00e7 y\u00fcz metre uzakl\u0131ktaki bir spor salonuna yerle\u015ftiril ilen yolcular ard\u0131ndan Br\u00fcksel\u2019e otob\u00fcslerle aktar\u0131ld\u0131.<\/p>\n<p>Yar\u0131ndan itibaren ise, g\u00f6k g\u00fcr\u00fclt\u00fcl\u00fc ya\u011fmurun Bel\u00e7ika\u2019ya ula\u015fmas\u0131 ve beraberinde mevsim normallerine d\u00f6n\u00fclmesi bekleniyor.<\/p>\n","protected":false},"excerpt":{"rendered":"<p>AVRUPA\u2019YI ETK\u0130S\u0130 ALTINA ALAN SICAK HAVA DALGASI SONUCU BEL\u00c7\u0130KA\u2019DA TERMOMETRELER 40 DERECEN\u0130N \u00dcZER\u0130N\u0130 G\u00d6STERD\u0130.<\/p>\n","protected":false},"author":1,"featured_media":186519,"comment_status":"closed","ping_status":"open","sticky":false,"template":"","format":"standard","meta":{"jetpack_post_was_ever_published":false,"_jetpack_newsletter_access":"","_jetpack_dont_email_post_to_subs":false,"_jetpack_newsletter_tier_id":0,"_jetpack_memberships_contains_paywalled_content":false,"_jetpack_memberships_contains_paid_content":false,"footnotes":"","jetpack_publicize_message":"","jetpack_publicize_feature_enabled":true,"jetpack_social_post_already_shared":true,"jetpack_social_options":{"image_generator_settings":{"template":"highway","default_image_id":0,"font":"","enabled":false},"version":2}},"categories":[10],"tags":[3249,5836,243,17389],"class_list":["post-186518","post","type-post","status-publish","format-standard","has-post-thumbnail","hentry","category-dunya","tag-asti","tag-belcikada","tag-dereceyi","tag-termometreler"],"jetpack_publicize_connections":[],"jetpack_featured_media_url":"https:\/\/i0.wp.com\/www.tvturk.com\/wp-content\/uploads\/2019\/07\/belcikada-termometreler-40-dereceyi-asti_2f9b459.jpg?fit=1000%2C763","jetpack_sharing_enabled":true,"jetpack_shortlink":"https:\/\/wp.me\/paKIfm-Mwm","_links":{"self":[{"href":"http:\/\/www.tvturk.com\/index.php\/wp-json\/wp\/v2\/posts\/186518","targetHints":{"allow":["GET"]}}],"collection":[{"href":"http:\/\/www.tvturk.com\/index.php\/wp-json\/wp\/v2\/posts"}],"about":[{"href":"http:\/\/www.tvturk.com\/index.php\/wp-json\/wp\/v2\/types\/post"}],"author":[{"embeddable":true,"href":"http:\/\/www.tvturk.com\/index.php\/wp-json\/wp\/v2\/users\/1"}],"replies":[{"embeddable":true,"href":"http:\/\/www.tvturk.com\/index.php\/wp-json\/wp\/v2\/comments?post=186518"}],"version-history":[{"count":0,"href":"http:\/\/www.tvturk.com\/index.php\/wp-json\/wp\/v2\/posts\/186518\/revisions"}],"wp:featuredmedia":[{"embeddable":true,"href":"http:\/\/www.tvturk.com\/index.php\/wp-json\/wp\/v2\/media\/186519"}],"wp:attachment":[{"href":"http:\/\/www.tvturk.com\/index.php\/wp-json\/wp\/v2\/media?parent=186518"}],"wp:term":[{"taxonomy":"category","embeddable":true,"href":"http:\/\/www.tvturk.com\/index.php\/wp-json\/wp\/v2\/categories?post=186518"},{"taxonomy":"post_tag","embeddable":true,"href":"http:\/\/www.tvturk.com\/index.php\/wp-json\/wp\/v2\/tags?post=186518"}],"curies":[{"name":"wp","href":"https:\/\/api.w.org\/{rel}","templated":true}]}}